{"id":16661,"date":"2021-04-09T19:53:23","date_gmt":"2021-04-09T19:53:23","guid":{"rendered":"https:\/\/visionciudadana.com.mx\/chio\/2021\/04\/09\/hago-compromiso-de-apoyar-a-productores-de-cacahuate-ganaderos-e-impulsar-la-cultura-en-mocorito-rocha-moya\/"},"modified":"2025-06-25T00:16:35","modified_gmt":"2025-06-25T00:16:35","slug":"hago-compromiso-de-apoyar-a-productores-de-cacahuate-ganaderos-e-impulsar-la-cultura-en-mocorito-rocha-moya","status":"publish","type":"post","link":"https:\/\/visionciudadana.com.mx\/oficial\/2021\/04\/09\/hago-compromiso-de-apoyar-a-productores-de-cacahuate-ganaderos-e-impulsar-la-cultura-en-mocorito-rocha-moya\/","title":{"rendered":"Hago compromiso de apoyar  a productores de cacahuate, ganaderos e impulsar la cultura en Mocorito: Rocha Moya."},"content":{"rendered":"<p><img fetchpriority=\"high\" decoding=\"async\" src=\"images\/columnistas\/rm-mocorito.jpg\" alt=\"rm mocorito\" width=\"720\" height=\"480\" style=\"display: block; margin: 20px auto;\" \/><\/p>\n<p style=\"text-align: justify;\"><span style=\"font-family: arial, helvetica, sans-serif; font-size: 14pt;\">Mocorito municipio n\u00famero 17 que es visitado por la unidad PAS-MORENA, en donde Rub\u00e9n Rocha Moya, candidato a gobernador y H\u00e9ctor Melesio Cu\u00e9n Ojeda, presidente estatal del Partido Sinaloense, expresan su apoyo decidido a Mar\u00eda Elizabeth Ruelas, candidata a la presidencia de este pueblo m\u00e1gico, y a Ver\u00f3nica Avil\u00e9s Roch\u00edn que desea representar el distrito electoral # 10 que abarca Mocorito, Badiraguato y una parte de Navolato.<\/span><\/p>\n<p><span style=\"font-family: arial, helvetica, sans-serif; font-size: 14pt;\"> <\/span><\/p>\n<p style=\"text-align: justify;\"><span style=\"font-family: arial, helvetica, sans-serif; font-size: 14pt;\">Rocha Moya estableci\u00f3 compromisos con la poblaci\u00f3n de Mocorito, vamos apoyar a los productores de cacahuate, a los agricultores, ganaderos, impulsar la educaci\u00f3n y la cultura, porque es un error garrafal que Sinaloa siendo el primer lugar en producci\u00f3n agropecuaria, el presupuesto de egresos del estado no tenga ning\u00fan cinco destinado al apoyo de estas actividades econ\u00f3micas, es una aberraci\u00f3n.<\/span><\/p>\n<p><span style=\"font-family: arial, helvetica, sans-serif; font-size: 14pt;\"> <\/span><\/p>\n<p style=\"text-align: justify;\"><span style=\"font-family: arial, helvetica, sans-serif; font-size: 14pt;\">No deseamos cambiar de r\u00e9gimen, estamos conscientes de que vivimos en un capitalismo, pero vamos a trabajar por convertir este r\u00e9gimen en un capitalismo humanista, donde se escuche y atienda a la gente m\u00e1s amolada, en donde trabajemos por llevar a la poblaci\u00f3n los servicios b\u00e1sicos a los que tienen derecho, por ello resolveremos el problema hist\u00f3rico de la carencia del agua en este municipio.<\/span><\/p>\n<p><span style=\"font-family: arial, helvetica, sans-serif; font-size: 14pt;\"> <\/span><\/p>\n<p style=\"text-align: justify;\"><span style=\"font-family: arial, helvetica, sans-serif; font-size: 14pt;\">No vamos a pelearnos con los empresarios, por el contrario, vamos a invitarlos a trabajar en equipo para que generen infraestructura, empleos, riquezas y con ello todos ganemos, pero con el criterio de ganancias razonables, expres\u00f3 Rocha Moya.<\/span><\/p>\n<p><span style=\"font-family: arial, helvetica, sans-serif; font-size: 14pt;\"> <\/span><\/p>\n<p style=\"text-align: justify;\"><span style=\"font-family: arial, helvetica, sans-serif; font-size: 14pt;\">H\u00e9ctor Melesio Cu\u00e9n Ojeda hizo hincapi\u00e9 que hoy Mocorito es un municipio gobernado por un pasista que ha trabajado muy bien para que Mocorito trascienda en la vida social, econ\u00f3mica y pol\u00edtica. Mocorito es una comunidad hist\u00f3rica para M\u00e9xico, de aqu\u00ed es Agustina Ram\u00edrez que entreg\u00f3 a sus 12 hijos para defender la revoluci\u00f3n, de aqu\u00ed es Don Eustaquio Buelna fundador en 1873 de lo que ahora es la Universidad Aut\u00f3noma de Sinaloa, la instituci\u00f3n educativa m\u00e1s reconocida por su cobertura y calidad acad\u00e9mica en el estado y el noroeste del pa\u00eds.<\/span><\/p>\n<p><span style=\"font-family: arial, helvetica, sans-serif; font-size: 14pt;\"> <\/span><\/p>\n<p style=\"text-align: justify;\"><span style=\"font-family: arial, helvetica, sans-serif; font-size: 14pt;\">De aqu\u00ed es Rafael Buelna Tenorio, uno de los generales m\u00e1s j\u00f3venes y liberal que fue un l\u00edder en la revoluci\u00f3n mexicana. Ahora, a Rub\u00e9n Rocha Moya le toca hacer historia en el marco de la 4T, expres\u00f3 Cu\u00e9n Ojeda.<\/span><\/p>\n<p><span style=\"font-family: arial, helvetica, sans-serif; font-size: 14pt;\"> <\/span><\/p>\n<p style=\"text-align: justify;\"><span style=\"font-family: arial, helvetica, sans-serif; font-size: 14pt;\">Las candidatas Mar\u00eda Elizabet Ruelas y Ver\u00f3nica Avil\u00e9s dieron cuenta que en su campa\u00f1a que est\u00e1n realizando casa por casa han encontrado un gran apoyo a la unidad PAS-MORENA, y que no tienen duda en ser una f\u00f3rmula ganadora encabezada por Rub\u00e9n Rocha Moya.<\/span><\/p>\n<p style=\"text-align: justify;\"><span style=\"font-family: arial, helvetica, sans-serif; font-size: 14pt;\"><strong>&nbsp;<\/strong><\/span><\/p>\n<p style=\"text-align: justify;\"><span style=\"font-family: arial, helvetica, sans-serif; font-size: 14pt;\"><strong>&nbsp;<\/strong><\/span><\/p>\n<p><strong>&nbsp;<\/strong><\/p>\n<p><strong>&nbsp;<\/strong><\/p>\n<p><strong>&nbsp;<\/strong><\/p>\n<p><strong>&nbsp;<\/strong><\/p>\n<p><strong>&nbsp;<\/strong><\/p>\n<p><span style=\"font-size: 12pt; font-family: arial, helvetica, sans-serif;\">REDACCION\/VISIONCIUDADANA<\/span><\/p>\n","protected":false},"excerpt":{"rendered":"<p>Mocorito municipio n\u00famero 17 que es visitado por la unidad PAS-MORENA, en donde Rub\u00e9n Rocha Moya, candidato a gobernador y H\u00e9ctor Melesio Cu\u00e9n Ojeda, presidente estatal del Partido Sinaloense, expresan su apoyo decidido a Mar\u00eda Elizabeth Ruelas, candidata a la presidencia de este pueblo m\u00e1gico, y a Ver\u00f3nica Avil\u00e9s Roch\u00edn que desea representar el distrito [&hellip;]<\/p>\n","protected":false},"author":1,"featured_media":224,"comment_status":"closed","ping_status":"closed","sticky":false,"template":"","format":"standard","meta":{"footnotes":""},"categories":[24],"tags":[],"ppma_author":[31],"class_list":["post-16661","post","type-post","status-publish","format-standard","has-post-thumbnail","hentry","category-relevantes"],"aioseo_notices":[],"authors":[{"term_id":31,"user_id":1,"is_guest":0,"slug":"ivan3vino","display_name":"Iv\u00e1n Trevi\u00f1o","avatar_url":{"url":"https:\/\/visionciudadana.com.mx\/oficial\/wp-content\/uploads\/2025\/09\/columna-ivan-Trevino.png","url2x":"https:\/\/visionciudadana.com.mx\/oficial\/wp-content\/uploads\/2025\/09\/columna-ivan-Trevino.png"},"0":null,"1":"","2":"","3":"","4":"","5":"","6":"","7":"","8":""}],"_links":{"self":[{"href":"https:\/\/visionciudadana.com.mx\/oficial\/wp-json\/wp\/v2\/posts\/16661","targetHints":{"allow":["GET"]}}],"collection":[{"href":"https:\/\/visionciudadana.com.mx\/oficial\/wp-json\/wp\/v2\/posts"}],"about":[{"href":"https:\/\/visionciudadana.com.mx\/oficial\/wp-json\/wp\/v2\/types\/post"}],"author":[{"embeddable":true,"href":"https:\/\/visionciudadana.com.mx\/oficial\/wp-json\/wp\/v2\/users\/1"}],"replies":[{"embeddable":true,"href":"https:\/\/visionciudadana.com.mx\/oficial\/wp-json\/wp\/v2\/comments?post=16661"}],"version-history":[{"count":1,"href":"https:\/\/visionciudadana.com.mx\/oficial\/wp-json\/wp\/v2\/posts\/16661\/revisions"}],"predecessor-version":[{"id":31196,"href":"https:\/\/visionciudadana.com.mx\/oficial\/wp-json\/wp\/v2\/posts\/16661\/revisions\/31196"}],"wp:featuredmedia":[{"embeddable":true,"href":"https:\/\/visionciudadana.com.mx\/oficial\/wp-json\/wp\/v2\/posts\/224"}],"wp:attachment":[{"href":"https:\/\/visionciudadana.com.mx\/oficial\/wp-json\/wp\/v2\/media?parent=16661"}],"wp:term":[{"taxonomy":"category","embeddable":true,"href":"https:\/\/visionciudadana.com.mx\/oficial\/wp-json\/wp\/v2\/categories?post=16661"},{"taxonomy":"post_tag","embeddable":true,"href":"https:\/\/visionciudadana.com.mx\/oficial\/wp-json\/wp\/v2\/tags?post=16661"},{"taxonomy":"author","embeddable":true,"href":"https:\/\/visionciudadana.com.mx\/oficial\/wp-json\/wp\/v2\/ppma_author?post=16661"}],"curies":[{"name":"wp","href":"https:\/\/api.w.org\/{rel}","templated":true}]}}