{"id":16655,"date":"2021-04-09T02:50:54","date_gmt":"2021-04-09T02:50:54","guid":{"rendered":"https:\/\/visionciudadana.com.mx\/chio\/2021\/04\/09\/compromiso-cumplido-mario-zamora-hace-publica-la-10-de-10\/"},"modified":"2025-06-25T00:16:35","modified_gmt":"2025-06-25T00:16:35","slug":"compromiso-cumplido-mario-zamora-hace-publica-la-10-de-10","status":"publish","type":"post","link":"https:\/\/visionciudadana.com.mx\/oficial\/2021\/04\/09\/compromiso-cumplido-mario-zamora-hace-publica-la-10-de-10\/","title":{"rendered":"Compromiso cumplido: Mario Zamora hace p\u00fablica la 10 de 10"},"content":{"rendered":"<p><img fetchpriority=\"high\" decoding=\"async\" src=\"images\/abril21\/declaraci\u00f3n_zamora.jpg\" alt=\"declaraci\u00f3n zamora\" width=\"780\" height=\"420\" style=\"display: block; margin-left: auto; margin-right: auto;\" \/><\/p>\n<p class=\"x_gmail-MsoNoSpacing\" style=\"text-align: justify;\"><span style=\"font-size: 14pt; font-family: arial, helvetica, sans-serif;\">En un acto de congruencia, transparencia y poniendo hechos a los dichos, el pr\u00f3ximo gobernador de Sinaloa, Mario Zamora Gast\u00e9lum, hizo p\u00fablicos los documentos que contienen toda la informaci\u00f3n de la 10 de 10, una vez que la validez jur\u00eddica de dicha informaci\u00f3n fue certificada por un Notario P\u00fablico.<\/span><\/p>\n<p style=\"text-align: justify;\">&nbsp;<\/p>\n<p class=\"x_gmail-MsoNoSpacing\" style=\"text-align: justify;\"><span style=\"font-size: 14pt; font-family: arial, helvetica, sans-serif;\">Durante su gira proselitista por el sur de Sinaloa, particularmente en Escuinapa, el abanderado en la alianza \u201cVa por Sinaloa\u201d, expres\u00f3 que en todos los lugares a donde va, mira a la gente con mucho \u00e1nimo y con ganas de ver de frente y a los ojos a los pol\u00edticos, con la esperanza de saber que los mejores d\u00edas de Sinaloa est\u00e1n por venir.<\/span><\/p>\n<p style=\"text-align: justify;\">&nbsp;<\/p>\n<p class=\"x_gmail-MsoNoSpacing\" style=\"text-align: justify;\"><span style=\"font-size: 14pt; font-family: arial, helvetica, sans-serif;\">\u201cTodos los pol\u00edticos dicen voy a combatir la corrupci\u00f3n, pero nunca dicen c\u00f3mo ni cu\u00e1ndo y no se lo aplican ellos mismos. La corrupci\u00f3n se combate con transparencia y para ser transparente hay que empezar con uno mismo. Dec\u00edan antes los \u00f3rganos ciudadanos que quer\u00edan que los pol\u00edticos hici\u00e9ramos el 3 de 3, declaraci\u00f3n patrimonial, fiscal y de intereses\u2026 yo no hice un 3 de 3, hice un 10 de 10, transparent\u00e9 todo, cu\u00e1nto tengo, cu\u00e1nto gano, c\u00f3mo lo tengo, c\u00f3mo lo gano\u201c, asinti\u00f3 Zamora Gast\u00e9lum.<\/span><\/p>\n<p style=\"text-align: justify;\">&nbsp;<\/p>\n<p class=\"x_gmail-MsoNoSpacing\" style=\"text-align: justify;\"><span style=\"font-size: 14pt; font-family: arial, helvetica, sans-serif;\">Dichos documentos se integran con la informaci\u00f3n que muestra la hoja de vida de Mario Zamora, adicional a su declaraci\u00f3n fiscal, patrimonial, y de intereses, acci\u00f3n a la que se ha invitado al resto de los candidatos que buscan contender por un cargo de elecci\u00f3n popular.<\/span><\/p>\n<p style=\"text-align: justify;\">&nbsp;<\/p>\n<p class=\"x_gmail-MsoNoSpacing\" style=\"text-align: justify;\"><span style=\"font-size: 14pt; font-family: arial, helvetica, sans-serif;\">\u201cAntier me entregaron ya el certificado de la fe del notario y hoy a m\u00e1s tardar por la tarde va a estar arriba en mi p\u00e1gina&nbsp;<a href=\"http:\/\/mariozamora.mx\/\" target=\"_blank\" rel=\"noopener noreferrer\" data-auth=\"NotApplicable\" data-linkindex=\"0\">mariozamora.mx<\/a>, todo: la declaraci\u00f3n patrimonial, mi declaraci\u00f3n fiscal, mi declaraci\u00f3n de intereses, mi bur\u00f3 de cr\u00e9dito, antidoping, todo para que vean que yo le pongo hechos a los dichos\u201d, afirm\u00f3 quien gobernar\u00e1 Sinaloa los pr\u00f3ximos 6 a\u00f1os.<\/span><\/p>\n<p style=\"text-align: justify;\">&nbsp;<\/p>\n<p class=\"x_gmail-MsoNoSpacing\" style=\"text-align: justify;\"><span style=\"font-size: 14pt; font-family: arial, helvetica, sans-serif;\">Concluy\u00f3 que la declaraci\u00f3n 3 de 3 no es garant\u00eda para combatir la corrupci\u00f3n, ni para acreditar un modo honesto de vivir, en congruencia con los ingresos y trayectoria profesional, por lo que es necesario que los pol\u00edticos pongan su hoja de vida al escrutinio de la ciudadan\u00eda, poniendo la cara de frente para que el ciudadano tenga todos los elementos que requiere y necesita para tomar la mejor decisi\u00f3n, de qui\u00e9n quiere que lo represente en el gobierno.<\/span><\/p>\n<p style=\"text-align: justify;\">&nbsp;<\/p>\n<p class=\"x_gmail-MsoNoSpacing\" style=\"text-align: justify;\"><span style=\"font-size: 14pt; font-family: arial, helvetica, sans-serif;\"><b>IMPORTANTE:<\/b>&nbsp;Adjuntamos liga que contiene los documentos de la 10 de 10.<\/span><\/p>\n<p class=\"x_gmail-MsoNoSpacing\" style=\"text-align: justify;\"><span style=\"font-size: 14pt; font-family: arial, helvetica, sans-serif;\">Los 7 puntos adicionales al 3 de 3 (patrimonial, fiscal y de intereses) son:<\/span><\/p>\n<p class=\"x_gmail-MsoNoSpacing\" style=\"text-align: justify;\"><span style=\"font-size: 14pt; font-family: arial, helvetica, sans-serif;\">&nbsp;&nbsp;&nbsp;&nbsp;&nbsp;&nbsp;&nbsp;&nbsp;&nbsp;&nbsp;&nbsp;&nbsp;\u2043&nbsp;&nbsp;&nbsp;&nbsp;&nbsp;&nbsp;&nbsp;&nbsp;&nbsp;&nbsp; La opini\u00f3n t\u00e9cnica de un contador p\u00fablico certificado que acredita la congruencia de la declaraci\u00f3n patrimonial contra la declaraci\u00f3n fiscal.<\/span><\/p>\n<p class=\"x_gmail-MsoNoSpacing\" style=\"text-align: justify;\"><span style=\"font-size: 14pt; font-family: arial, helvetica, sans-serif;\">&nbsp;&nbsp;&nbsp;&nbsp;&nbsp;&nbsp;&nbsp;&nbsp;&nbsp;&nbsp;&nbsp;&nbsp;\u2043&nbsp;&nbsp;&nbsp;&nbsp;&nbsp;&nbsp;&nbsp;&nbsp;&nbsp;&nbsp; Consultas realizadas a los registros p\u00fablicos de propiedad de los municipios del estado de Sinaloa.<\/span><\/p>\n<p class=\"x_gmail-MsoNoSpacing\" style=\"text-align: justify;\"><span style=\"font-size: 14pt; font-family: arial, helvetica, sans-serif;\">&nbsp;&nbsp;&nbsp;&nbsp;&nbsp;&nbsp;&nbsp;&nbsp;&nbsp;&nbsp;&nbsp;&nbsp;\u2043&nbsp;&nbsp;&nbsp;&nbsp;&nbsp;&nbsp;&nbsp;&nbsp;&nbsp;&nbsp; Informe integral de mi comportamiento y situaci\u00f3n fiscal.<\/span><\/p>\n<p class=\"x_gmail-MsoNoSpacing\" style=\"text-align: justify;\"><span style=\"font-size: 14pt; font-family: arial, helvetica, sans-serif;\">&nbsp;&nbsp;&nbsp;&nbsp;&nbsp;&nbsp;&nbsp;&nbsp;&nbsp;&nbsp;&nbsp;&nbsp;\u2043&nbsp;&nbsp;&nbsp;&nbsp;&nbsp;&nbsp;&nbsp;&nbsp;&nbsp;&nbsp; Manifestaci\u00f3n bajo protesta de decir verdad de no violencia contra la mujer, soportada en carta de no antecedentes penales que acredita que no existen en mi contra condenas o sanciones por violencia de g\u00e9nero, delitos sexuales, contra la libertad sexual o la intimidad corporal o cualquier delito del fuero com\u00fan.<\/span><\/p>\n<p class=\"x_gmail-MsoNoSpacing\" style=\"text-align: justify;\"><span style=\"font-size: 14pt; font-family: arial, helvetica, sans-serif;\">&nbsp;&nbsp;&nbsp;&nbsp;&nbsp;&nbsp;&nbsp;&nbsp;&nbsp;&nbsp;&nbsp;&nbsp;\u2043&nbsp;&nbsp;&nbsp;&nbsp;&nbsp;&nbsp;&nbsp;&nbsp;&nbsp;&nbsp; Bur\u00f3 de Cr\u00e9dito, donde acredito que no cuento con claves de prevenci\u00f3n, es decir, que nunca le he ocasionado un quebranto a nadie.<\/span><\/p>\n<p class=\"x_gmail-MsoNoSpacing\" style=\"text-align: justify;\"><span style=\"font-size: 14pt; font-family: arial, helvetica, sans-serif;\">&nbsp;&nbsp;&nbsp;&nbsp;&nbsp;&nbsp;&nbsp;&nbsp;&nbsp;&nbsp;&nbsp;&nbsp;\u2043&nbsp;&nbsp;&nbsp;&nbsp;&nbsp;&nbsp;&nbsp;&nbsp;&nbsp;&nbsp; Examen antidopaje.<\/span><\/p>\n<p class=\"x_gmail-MsoNoSpacing\" style=\"text-align: justify;\"><span style=\"font-size: 14pt; font-family: arial, helvetica, sans-serif;\">&nbsp;&nbsp;&nbsp;&nbsp;&nbsp;&nbsp;&nbsp;&nbsp;&nbsp;&nbsp;&nbsp;&nbsp;\u2043&nbsp;&nbsp;&nbsp;&nbsp;&nbsp;&nbsp;&nbsp;&nbsp;&nbsp;&nbsp; Fe p\u00fablica por parte de un notario p\u00fablico que de veracidad de toda la informaci\u00f3n.<\/span><\/p>\n<p style=\"text-align: justify;\">&nbsp;<\/p>\n<p style=\"text-align: justify;\">&nbsp;<\/p>\n<p style=\"text-align: justify;\"><span style=\"font-size: 14pt; font-family: arial, helvetica, sans-serif;\">REDACCI\u00d3N\/VISI\u00d3N CIUDADANA.<\/span><\/p>\n","protected":false},"excerpt":{"rendered":"<p>En un acto de congruencia, transparencia y poniendo hechos a los dichos, el pr\u00f3ximo gobernador de Sinaloa, Mario Zamora Gast\u00e9lum, hizo p\u00fablicos los documentos que contienen toda la informaci\u00f3n de la 10 de 10, una vez que la validez jur\u00eddica de dicha informaci\u00f3n fue certificada por un Notario P\u00fablico. &nbsp; Durante su gira proselitista por [&hellip;]<\/p>\n","protected":false},"author":1,"featured_media":216,"comment_status":"closed","ping_status":"closed","sticky":false,"template":"","format":"standard","meta":{"footnotes":""},"categories":[24],"tags":[],"ppma_author":[31],"class_list":["post-16655","post","type-post","status-publish","format-standard","has-post-thumbnail","hentry","category-relevantes"],"aioseo_notices":[],"authors":[{"term_id":31,"user_id":1,"is_guest":0,"slug":"ivan3vino","display_name":"Iv\u00e1n Trevi\u00f1o","avatar_url":{"url":"https:\/\/visionciudadana.com.mx\/oficial\/wp-content\/uploads\/2025\/09\/columna-ivan-Trevino.png","url2x":"https:\/\/visionciudadana.com.mx\/oficial\/wp-content\/uploads\/2025\/09\/columna-ivan-Trevino.png"},"0":null,"1":"","2":"","3":"","4":"","5":"","6":"","7":"","8":""}],"_links":{"self":[{"href":"https:\/\/visionciudadana.com.mx\/oficial\/wp-json\/wp\/v2\/posts\/16655","targetHints":{"allow":["GET"]}}],"collection":[{"href":"https:\/\/visionciudadana.com.mx\/oficial\/wp-json\/wp\/v2\/posts"}],"about":[{"href":"https:\/\/visionciudadana.com.mx\/oficial\/wp-json\/wp\/v2\/types\/post"}],"author":[{"embeddable":true,"href":"https:\/\/visionciudadana.com.mx\/oficial\/wp-json\/wp\/v2\/users\/1"}],"replies":[{"embeddable":true,"href":"https:\/\/visionciudadana.com.mx\/oficial\/wp-json\/wp\/v2\/comments?post=16655"}],"version-history":[{"count":1,"href":"https:\/\/visionciudadana.com.mx\/oficial\/wp-json\/wp\/v2\/posts\/16655\/revisions"}],"predecessor-version":[{"id":31198,"href":"https:\/\/visionciudadana.com.mx\/oficial\/wp-json\/wp\/v2\/posts\/16655\/revisions\/31198"}],"wp:featuredmedia":[{"embeddable":true,"href":"https:\/\/visionciudadana.com.mx\/oficial\/wp-json\/wp\/v2\/posts\/216"}],"wp:attachment":[{"href":"https:\/\/visionciudadana.com.mx\/oficial\/wp-json\/wp\/v2\/media?parent=16655"}],"wp:term":[{"taxonomy":"category","embeddable":true,"href":"https:\/\/visionciudadana.com.mx\/oficial\/wp-json\/wp\/v2\/categories?post=16655"},{"taxonomy":"post_tag","embeddable":true,"href":"https:\/\/visionciudadana.com.mx\/oficial\/wp-json\/wp\/v2\/tags?post=16655"},{"taxonomy":"author","embeddable":true,"href":"https:\/\/visionciudadana.com.mx\/oficial\/wp-json\/wp\/v2\/ppma_author?post=16655"}],"curies":[{"name":"wp","href":"https:\/\/api.w.org\/{rel}","templated":true}]}}