{"id":16654,"date":"2021-04-09T02:37:00","date_gmt":"2021-04-09T02:37:00","guid":{"rendered":"https:\/\/visionciudadana.com.mx\/chio\/2021\/04\/09\/ruben-rocha-moya-visita-cosala-y-refuerza-a-carla-ursula-corrales-corrales-como-candidata-a-la-presidencia-municipal-de-cosala\/"},"modified":"2025-06-25T00:16:35","modified_gmt":"2025-06-25T00:16:35","slug":"ruben-rocha-moya-visita-cosala-y-refuerza-a-carla-ursula-corrales-corrales-como-candidata-a-la-presidencia-municipal-de-cosala","status":"publish","type":"post","link":"https:\/\/visionciudadana.com.mx\/oficial\/2021\/04\/09\/ruben-rocha-moya-visita-cosala-y-refuerza-a-carla-ursula-corrales-corrales-como-candidata-a-la-presidencia-municipal-de-cosala\/","title":{"rendered":"Rub\u00e9n Rocha Moya visita Cosal\u00e1 y refuerza a Carla \u00darsula Corrales Corrales como candidata a la presidencia municipal de Cosal\u00e1"},"content":{"rendered":"<p><img fetchpriority=\"high\" decoding=\"async\" src=\"images\/abril21\/rocha_moya6.jpg\" alt=\"rocha moya6\" width=\"780\" height=\"420\" style=\"display: block; margin: 20px auto;\" \/><\/p>\n<div style=\"text-align: justify;\"><span style=\"font-size: 14pt; font-family: arial, helvetica, sans-serif;\">Rub\u00e9n Rocha Moya visita Cosal\u00e1 y refuerza a Carla \u00darsula Corrales Corrales como candidata a la presidencia municipal de Cosal\u00e1 y a Viridiana Camacho Mill\u00e1n que aspira a ser diputada por el distrito 19.<\/span><\/div>\n<div style=\"text-align: justify;\">\n<p><span style=\"font-size: 14pt; font-family: arial, helvetica, sans-serif;\">Es muy satisfactorio ver la hermandad de morenistas y pasistas para ganar en Sinaloa y as\u00ed trabajar por un Sinaloa Mejor que instale la 4T como forma de gobierno en Sinaloa, expres\u00f3 Rocha Moya candidato a gobernador por el PAS y MORENA.<\/span><\/div>\n<div style=\"text-align: justify;\">\n<p><span style=\"font-size: 14pt; font-family: arial, helvetica, sans-serif;\">Reconozcamos que Cosal\u00e1 es uno de los municipios m\u00e1s pobres de Sinaloa, solo Badiraguato registra m\u00e1s pobreza, y ello obedece que en la historia de M\u00e9xico los partidos se han dedicado a prometer, y estando en el gobierno a no cumplirle a la gente, esta es la pr\u00e1ctica de gobiernos prianista que nos han gobernado por decenas de a\u00f1os.<\/span><\/div>\n<div style=\"text-align: justify;\">\n<p><span style=\"font-size: 14pt; font-family: arial, helvetica, sans-serif;\">Ahora tenemos la convicci\u00f3n de lograr un estado de bienestar donde se atienda, principalmente la salud y la educaci\u00f3n, y esto lo vamos a lograr con invertirle recursos a los municipios, con la implementaci\u00f3n de programas sociales, para lo cual es imperante eliminar la corrupci\u00f3n y actuar bajo una austeridad republicana.<\/span><\/div>\n<div style=\"text-align: justify;\">\n<p><span style=\"font-size: 14pt; font-family: arial, helvetica, sans-serif;\">H\u00e9ctor Melesio Cu\u00e9n Ojeda hizo hincapi\u00e9 en la extraordinaria respuesta que PAS y MORENA han recibido en todos los municipios que se han visitado en estos 5 d\u00edas de campa\u00f1a, ya para ma\u00f1ana el candidato Rub\u00e9n Rocha Moya terminar\u00e1 de visitar los 18 municipios de la entidad en donde ha mostrado su total apoyo a los candidatos a presidentes municipales, y aspirantes a diputados locales y federales.<\/span><\/div>\n<div style=\"text-align: justify;\">\n<p><span style=\"font-size: 14pt; font-family: arial, helvetica, sans-serif;\">\u201cVamos muy bien, tan solo hay que observar las 4 encuestas que se publican este d\u00eda y en todas ellas el Dr. Rub\u00e9n Rocha Moya supera con mucha ventaja al resto de los aspirantes a la gubernatura, sin embargo, no debemos de confiarnos y por el contrario pasistas y morenistas debemos de redoblar esfuerzos\u201d coment\u00f3 Cu\u00e9n Ojeda.<\/span><\/div>\n<div style=\"text-align: justify;\">\n<p><span style=\"font-size: 14pt; font-family: arial, helvetica, sans-serif;\">Por su parte Carla \u00darsula Corrales Corrales y Viridiana Camacho Mill\u00e1n, con un gran contingente de cosaltecos recibieron al candidato a la gubernatura y se comprometieron que en su calidad de presidenta de Cosal\u00e1 y diputada por el distrito 19, sumar\u00e1n esfuerzos con el pr\u00f3ximo gobernador para resolver los rezagos de este municipio, como son los problemas de falta de agua, los p\u00e9simos caminos vecinales con que cuentan, los rezagos sociales y otros m\u00e1s. Haremos una gran sinergia para levantar a Cosal\u00e1.&nbsp;<\/span><\/div>\n<div style=\"text-align: justify;\">&nbsp;<\/div>\n<div style=\"text-align: justify;\">&nbsp;<\/div>\n<div style=\"text-align: justify;\"><span style=\"font-size: 14pt; font-family: arial, helvetica, sans-serif;\">REDACCI\u00d3N\/VISI\u00d3N CIUDADANA.<\/span><\/div>\n","protected":false},"excerpt":{"rendered":"<p>Rub\u00e9n Rocha Moya visita Cosal\u00e1 y refuerza a Carla \u00darsula Corrales Corrales como candidata a la presidencia municipal de Cosal\u00e1 y a Viridiana Camacho Mill\u00e1n que aspira a ser diputada por el distrito 19. Es muy satisfactorio ver la hermandad de morenistas y pasistas para ganar en Sinaloa y as\u00ed trabajar por un Sinaloa Mejor [&hellip;]<\/p>\n","protected":false},"author":1,"featured_media":214,"comment_status":"closed","ping_status":"closed","sticky":false,"template":"","format":"standard","meta":{"footnotes":""},"categories":[24],"tags":[],"ppma_author":[31],"class_list":["post-16654","post","type-post","status-publish","format-standard","has-post-thumbnail","hentry","category-relevantes"],"aioseo_notices":[],"authors":[{"term_id":31,"user_id":1,"is_guest":0,"slug":"ivan3vino","display_name":"Iv\u00e1n Trevi\u00f1o","avatar_url":{"url":"https:\/\/visionciudadana.com.mx\/oficial\/wp-content\/uploads\/2025\/09\/columna-ivan-Trevino.png","url2x":"https:\/\/visionciudadana.com.mx\/oficial\/wp-content\/uploads\/2025\/09\/columna-ivan-Trevino.png"},"0":null,"1":"","2":"","3":"","4":"","5":"","6":"","7":"","8":""}],"_links":{"self":[{"href":"https:\/\/visionciudadana.com.mx\/oficial\/wp-json\/wp\/v2\/posts\/16654","targetHints":{"allow":["GET"]}}],"collection":[{"href":"https:\/\/visionciudadana.com.mx\/oficial\/wp-json\/wp\/v2\/posts"}],"about":[{"href":"https:\/\/visionciudadana.com.mx\/oficial\/wp-json\/wp\/v2\/types\/post"}],"author":[{"embeddable":true,"href":"https:\/\/visionciudadana.com.mx\/oficial\/wp-json\/wp\/v2\/users\/1"}],"replies":[{"embeddable":true,"href":"https:\/\/visionciudadana.com.mx\/oficial\/wp-json\/wp\/v2\/comments?post=16654"}],"version-history":[{"count":1,"href":"https:\/\/visionciudadana.com.mx\/oficial\/wp-json\/wp\/v2\/posts\/16654\/revisions"}],"predecessor-version":[{"id":31199,"href":"https:\/\/visionciudadana.com.mx\/oficial\/wp-json\/wp\/v2\/posts\/16654\/revisions\/31199"}],"wp:featuredmedia":[{"embeddable":true,"href":"https:\/\/visionciudadana.com.mx\/oficial\/wp-json\/wp\/v2\/posts\/214"}],"wp:attachment":[{"href":"https:\/\/visionciudadana.com.mx\/oficial\/wp-json\/wp\/v2\/media?parent=16654"}],"wp:term":[{"taxonomy":"category","embeddable":true,"href":"https:\/\/visionciudadana.com.mx\/oficial\/wp-json\/wp\/v2\/categories?post=16654"},{"taxonomy":"post_tag","embeddable":true,"href":"https:\/\/visionciudadana.com.mx\/oficial\/wp-json\/wp\/v2\/tags?post=16654"},{"taxonomy":"author","embeddable":true,"href":"https:\/\/visionciudadana.com.mx\/oficial\/wp-json\/wp\/v2\/ppma_author?post=16654"}],"curies":[{"name":"wp","href":"https:\/\/api.w.org\/{rel}","templated":true}]}}