{"id":16652,"date":"2021-04-09T02:17:03","date_gmt":"2021-04-09T02:17:03","guid":{"rendered":"https:\/\/visionciudadana.com.mx\/chio\/2021\/04\/09\/al-sur-de-sinaloa-le-esperan-cosas-buenas-mario-zamora\/"},"modified":"2025-06-25T00:16:36","modified_gmt":"2025-06-25T00:16:36","slug":"al-sur-de-sinaloa-le-esperan-cosas-buenas-mario-zamora","status":"publish","type":"post","link":"https:\/\/visionciudadana.com.mx\/oficial\/2021\/04\/09\/al-sur-de-sinaloa-le-esperan-cosas-buenas-mario-zamora\/","title":{"rendered":"Al sur de Sinaloa, le esperan cosas buenas: Mario Zamora"},"content":{"rendered":"<p><img fetchpriority=\"high\" decoding=\"async\" src=\"images\/abril21\/zamora1.jpg\" alt=\"zamora1\" width=\"780\" height=\"420\" style=\"display: block; margin: 20px auto;\" \/><\/p>\n<p class=\"x_gmail-MsoNoSpacing\" style=\"text-align: justify;\"><span style=\"font-size: 14pt; font-family: arial, helvetica, sans-serif;\">Al emprender una gira por los municipios Escuinapa y Rosario, el candidato a gobernador por la Alianza \u201cVa por Sinaloa\u201d, Mario Zamora Gast\u00e9lum, estableci\u00f3 que al sur de Sinaloa le esperan cosas buenas en renglones prioritarios como agua potable, salud, educaci\u00f3n e infraestructura vial y carretera.<\/span><\/p>\n<p style=\"text-align: justify;\">&nbsp;<\/p>\n<p class=\"x_gmail-MsoNoSpacing\" style=\"text-align: justify;\"><span style=\"font-size: 14pt; font-family: arial, helvetica, sans-serif;\">En un primer encuentro, en Escuinapa, reconoci\u00f3 el trabajo que hacen las mujeres y hombres del campo para llevar alimento a los hogares, ante quienes comprometi\u00f3 la reactivaci\u00f3n de los programas sociales que antes los beneficiaban, entre estos, las Escuelas de Tiempo Completo y las Estancias Infantiles.<\/span><\/p>\n<p style=\"text-align: justify;\">&nbsp;<\/p>\n<p class=\"x_gmail-MsoNoSpacing\" style=\"text-align: justify;\"><span style=\"font-size: 14pt; font-family: arial, helvetica, sans-serif;\">Como parte de las actividades de su quinto d\u00eda de campa\u00f1a, Mario Zamora, acompa\u00f1ado por su esposa Wendy Ibarra, estuvo en el sur del estado, donde tambi\u00e9n visit\u00f3 Rosario, y ah\u00ed sostuvo un entusiasta encuentro con mujeres, donde destac\u00f3 su participaci\u00f3n en la sociedad, por eso su gobierno ser\u00e1 atento con las mujeres.<\/span><\/p>\n<p style=\"text-align: justify;\">&nbsp;<\/p>\n<p class=\"x_gmail-MsoNoSpacing\" style=\"text-align: justify;\"><span style=\"font-size: 14pt; font-family: arial, helvetica, sans-serif;\">El abanderado del PRI, PRD&nbsp; y PAN, escuch\u00f3 de voz de las mujeres el inter\u00e9s en trabajar, para lo que pidieron el apoyo para organizarse en cooperativas pesqueras libres y conseguir permisos, pues como los hombres, manifestaron que las mujeres tambi\u00e9n tienen derecho a pescar, a atarrayar y conseguir sus ingresos.<\/span><\/p>\n<p style=\"text-align: justify;\">&nbsp;<\/p>\n<p class=\"x_gmail-MsoNoSpacing\" style=\"text-align: justify;\"><span style=\"font-size: 14pt; font-family: arial, helvetica, sans-serif;\">En el caso de Escuinapa, particip\u00f3 en&nbsp; un encuentro con jornaleros agr\u00edcolas, donde tambi\u00e9n la mujer juega un papel importante, ya que trabajan en esos campos y contribuyen en el gasto familiar,&nbsp; a quienes les expres\u00f3 que, \u201choy se revalora el trabajo que ustedes hacen, gracias a que ustedes siguieron trabajando, no falt\u00f3 comida en mesa de las familias del mundo\u201d.<\/span><\/p>\n<p style=\"text-align: justify;\">&nbsp;<\/p>\n<p class=\"x_gmail-MsoNoSpacing\" style=\"text-align: justify;\"><span style=\"font-size: 14pt; font-family: arial, helvetica, sans-serif;\">Manifest\u00f3 que en medio de la pandemia, la gente que produce alimentos en Sinaloa, sigui\u00f3 trabajando, hubo solidaridad y amor al pr\u00f3jimo, de pensar c\u00f3mo ayudar al otro.<\/span><\/p>\n<p style=\"text-align: justify;\">&nbsp;<\/p>\n<p class=\"x_gmail-MsoNoSpacing\" style=\"text-align: justify;\"><span style=\"font-size: 14pt; font-family: arial, helvetica, sans-serif;\">En ese marco, Mario Zamora Gast\u00e9lum, subray\u00f3 que regresar\u00e1 el programa de Escuelas de Tiempo Completo, y Estancias Infantiles, para que sus hijos tengan donde quedarse mientras se encuentran trabajando en el campo.<\/span><\/p>\n<p style=\"text-align: justify;\">&nbsp;<\/p>\n<p class=\"x_gmail-MsoNoSpacing\" style=\"text-align: justify;\"><span style=\"font-size: 14pt; font-family: arial, helvetica, sans-serif;\">Reiter\u00f3 su propuesta de mejorar el acceso a la salud, lo cual ser\u00e1 posible gracias a los 100 Centros de Salud que construir\u00e1 en su gobierno en todo el estado. Y para las personas que quieran salir adelante por su esfuerzo y trabajo, contar\u00e1n con cr\u00e9ditos a trav\u00e9s de la Financiera Estatal con una tasa baja de inter\u00e9s.&nbsp;<\/span><\/p>\n<p class=\"x_gmail-MsoNoSpacing\" style=\"text-align: justify;\"><span style=\"font-size: 14pt; font-family: arial, helvetica, sans-serif;\">Valor\u00f3 que hay avances importantes en Sinaloa que deber\u00e1n tener seguimiento.<\/span><\/p>\n<p style=\"text-align: justify;\">&nbsp;<\/p>\n<p class=\"x_gmail-MsoNoSpacing\" style=\"text-align: justify;\"><span style=\"font-size: 14pt; font-family: arial, helvetica, sans-serif;\">\u201cYo creo \u2014dijo\u2014 que es muy importante que Sinaloa no pierda ese ritmo, esa vitalidad, esa fuerza, esa energ\u00eda de andar para arriba y para abajo. Nadie quiere un gobernador cansado, nadie quiere un gobernador que se quede dormido en los eventos, nadie quiere un gobernador que empiece la agenda a las 10 o a las 11 de la ma\u00f1ana. Nadie quiere un gobernador que espere que alguien a mil kil\u00f3metros de aqu\u00ed resuelva la situaci\u00f3n de los sinaloenses\u201d.<\/span><\/p>\n<p style=\"text-align: justify;\">&nbsp;<\/p>\n<p style=\"text-align: justify;\"><span style=\"font-size: 14pt; font-family: arial, helvetica, sans-serif;\">REDACCI\u00d3N\/VISI\u00d3N CIUDADANA.<\/span><\/p>\n","protected":false},"excerpt":{"rendered":"<p>Al emprender una gira por los municipios Escuinapa y Rosario, el candidato a gobernador por la Alianza \u201cVa por Sinaloa\u201d, Mario Zamora Gast\u00e9lum, estableci\u00f3 que al sur de Sinaloa le esperan cosas buenas en renglones prioritarios como agua potable, salud, educaci\u00f3n e infraestructura vial y carretera. &nbsp; En un primer encuentro, en Escuinapa, reconoci\u00f3 el [&hellip;]<\/p>\n","protected":false},"author":1,"featured_media":210,"comment_status":"closed","ping_status":"closed","sticky":false,"template":"","format":"standard","meta":{"footnotes":""},"categories":[13],"tags":[],"ppma_author":[31],"class_list":["post-16652","post","type-post","status-publish","format-standard","has-post-thumbnail","hentry","category-locales"],"aioseo_notices":[],"authors":[{"term_id":31,"user_id":1,"is_guest":0,"slug":"ivan3vino","display_name":"Iv\u00e1n Trevi\u00f1o","avatar_url":{"url":"https:\/\/visionciudadana.com.mx\/oficial\/wp-content\/uploads\/2025\/09\/columna-ivan-Trevino.png","url2x":"https:\/\/visionciudadana.com.mx\/oficial\/wp-content\/uploads\/2025\/09\/columna-ivan-Trevino.png"},"0":null,"1":"","2":"","3":"","4":"","5":"","6":"","7":"","8":""}],"_links":{"self":[{"href":"https:\/\/visionciudadana.com.mx\/oficial\/wp-json\/wp\/v2\/posts\/16652","targetHints":{"allow":["GET"]}}],"collection":[{"href":"https:\/\/visionciudadana.com.mx\/oficial\/wp-json\/wp\/v2\/posts"}],"about":[{"href":"https:\/\/visionciudadana.com.mx\/oficial\/wp-json\/wp\/v2\/types\/post"}],"author":[{"embeddable":true,"href":"https:\/\/visionciudadana.com.mx\/oficial\/wp-json\/wp\/v2\/users\/1"}],"replies":[{"embeddable":true,"href":"https:\/\/visionciudadana.com.mx\/oficial\/wp-json\/wp\/v2\/comments?post=16652"}],"version-history":[{"count":1,"href":"https:\/\/visionciudadana.com.mx\/oficial\/wp-json\/wp\/v2\/posts\/16652\/revisions"}],"predecessor-version":[{"id":31201,"href":"https:\/\/visionciudadana.com.mx\/oficial\/wp-json\/wp\/v2\/posts\/16652\/revisions\/31201"}],"wp:featuredmedia":[{"embeddable":true,"href":"https:\/\/visionciudadana.com.mx\/oficial\/wp-json\/wp\/v2\/posts\/210"}],"wp:attachment":[{"href":"https:\/\/visionciudadana.com.mx\/oficial\/wp-json\/wp\/v2\/media?parent=16652"}],"wp:term":[{"taxonomy":"category","embeddable":true,"href":"https:\/\/visionciudadana.com.mx\/oficial\/wp-json\/wp\/v2\/categories?post=16652"},{"taxonomy":"post_tag","embeddable":true,"href":"https:\/\/visionciudadana.com.mx\/oficial\/wp-json\/wp\/v2\/tags?post=16652"},{"taxonomy":"author","embeddable":true,"href":"https:\/\/visionciudadana.com.mx\/oficial\/wp-json\/wp\/v2\/ppma_author?post=16652"}],"curies":[{"name":"wp","href":"https:\/\/api.w.org\/{rel}","templated":true}]}}