{"id":16651,"date":"2021-04-09T02:08:57","date_gmt":"2021-04-09T02:08:57","guid":{"rendered":"https:\/\/visionciudadana.com.mx\/chio\/2021\/04\/09\/le-puesta-rigo-mejia-a-la-generacion-de-empleos-y-recuperacion-economica-de-navolato\/"},"modified":"2025-06-25T00:16:36","modified_gmt":"2025-06-25T00:16:36","slug":"le-puesta-rigo-mejia-a-la-generacion-de-empleos-y-recuperacion-economica-de-navolato","status":"publish","type":"post","link":"https:\/\/visionciudadana.com.mx\/oficial\/2021\/04\/09\/le-puesta-rigo-mejia-a-la-generacion-de-empleos-y-recuperacion-economica-de-navolato\/","title":{"rendered":"Le puesta Rigo Mej\u00eda a la generaci\u00f3n de empleos y recuperaci\u00f3n econ\u00f3mica de Navolato"},"content":{"rendered":"<p>&nbsp;<\/p>\n<p class=\"x_gmail-MsoListParagraph\">\u00b7&nbsp;&nbsp;<img fetchpriority=\"high\" decoding=\"async\" src=\"images\/abril21\/rigo_mej\u00eda.jpg\" alt=\"rigo mej\u00eda\" width=\"1280\" height=\"853\" style=\"display: block; margin-left: auto; margin-right: auto;\" \/><\/p>\n<p class=\"x_gmail-MsoListParagraph\" style=\"text-align: justify;\"><span style=\"font-size: 14pt; font-family: arial, helvetica, sans-serif;\">En su recorrido por el \u00e1rea comercial de Villa \u00c1ngel Flores \u201cLa Palma\u201d, el candidato por el PRI a la presidencia municipal de Navolato, Rigo Mej\u00eda, dijo que en su administraci\u00f3n se implementar\u00e1n programas de apoyo para las peque\u00f1as y medianas empresas.<\/span><\/p>\n<p style=\"text-align: justify;\">&nbsp;<\/p>\n<p class=\"x_MsoNormal\" style=\"text-align: justify;\"><span style=\"font-size: 14pt; font-family: arial, helvetica, sans-serif;\">\u201cAnte la contingencia del covid 19, la econom\u00eda en el municipio y en el pa\u00eds se ha visto muy afectada, ya que los empresarios no han contado con apoyos ni cr\u00e9ditos para levantar sus negocios; en nuestra administraci\u00f3n implementaremos programas para la recuperaci\u00f3n econ\u00f3mica de Navolato\u201d, coment\u00f3 Mej\u00eda Samaniego.<\/span><\/p>\n<p style=\"text-align: justify;\">&nbsp;<\/p>\n<p class=\"x_MsoNormal\" style=\"text-align: justify;\"><span style=\"font-size: 14pt; font-family: arial, helvetica, sans-serif;\">Visitando los locales de la sindicatura, el candidato del PRI a la presidencia municipal, escuch\u00f3 a los comerciantes quienes externaron que se encuentran en total abandono, por el gobierno federal y municipal.<\/span><\/p>\n<p style=\"text-align: justify;\">&nbsp;<\/p>\n<p class=\"x_MsoNormal\" style=\"text-align: justify;\"><span style=\"font-size: 14pt; font-family: arial, helvetica, sans-serif;\">Rigo Mej\u00eda, puntualiz\u00f3 que \u201capost\u00e1ndole a la recuperaci\u00f3n econ\u00f3mica del municipio, le apostamos a la generaci\u00f3n de empleos, a que las peque\u00f1as y medianas empresas tengan mayor liquidez y a que le vaya bien a Navolato\u201d.&nbsp;<\/span><\/p>\n<p style=\"text-align: justify;\">&nbsp;<\/p>\n<p style=\"text-align: justify;\">&nbsp;<\/p>\n<p style=\"text-align: justify;\"><span style=\"font-size: 14pt; font-family: arial, helvetica, sans-serif;\">REDACCI\u00d3N\/VISI\u00d3N CIUDADANA.<\/span><\/p>\n","protected":false},"excerpt":{"rendered":"<p>&nbsp; \u00b7&nbsp;&nbsp; En su recorrido por el \u00e1rea comercial de Villa \u00c1ngel Flores \u201cLa Palma\u201d, el candidato por el PRI a la presidencia municipal de Navolato, Rigo Mej\u00eda, dijo que en su administraci\u00f3n se implementar\u00e1n programas de apoyo para las peque\u00f1as y medianas empresas. &nbsp; \u201cAnte la contingencia del covid 19, la econom\u00eda en el [&hellip;]<\/p>\n","protected":false},"author":1,"featured_media":208,"comment_status":"closed","ping_status":"closed","sticky":false,"template":"","format":"standard","meta":{"footnotes":""},"categories":[13],"tags":[],"ppma_author":[31],"class_list":["post-16651","post","type-post","status-publish","format-standard","has-post-thumbnail","hentry","category-locales"],"aioseo_notices":[],"authors":[{"term_id":31,"user_id":1,"is_guest":0,"slug":"ivan3vino","display_name":"Iv\u00e1n Trevi\u00f1o","avatar_url":{"url":"https:\/\/visionciudadana.com.mx\/oficial\/wp-content\/uploads\/2025\/09\/columna-ivan-Trevino.png","url2x":"https:\/\/visionciudadana.com.mx\/oficial\/wp-content\/uploads\/2025\/09\/columna-ivan-Trevino.png"},"0":null,"1":"","2":"","3":"","4":"","5":"","6":"","7":"","8":""}],"_links":{"self":[{"href":"https:\/\/visionciudadana.com.mx\/oficial\/wp-json\/wp\/v2\/posts\/16651","targetHints":{"allow":["GET"]}}],"collection":[{"href":"https:\/\/visionciudadana.com.mx\/oficial\/wp-json\/wp\/v2\/posts"}],"about":[{"href":"https:\/\/visionciudadana.com.mx\/oficial\/wp-json\/wp\/v2\/types\/post"}],"author":[{"embeddable":true,"href":"https:\/\/visionciudadana.com.mx\/oficial\/wp-json\/wp\/v2\/users\/1"}],"replies":[{"embeddable":true,"href":"https:\/\/visionciudadana.com.mx\/oficial\/wp-json\/wp\/v2\/comments?post=16651"}],"version-history":[{"count":1,"href":"https:\/\/visionciudadana.com.mx\/oficial\/wp-json\/wp\/v2\/posts\/16651\/revisions"}],"predecessor-version":[{"id":31202,"href":"https:\/\/visionciudadana.com.mx\/oficial\/wp-json\/wp\/v2\/posts\/16651\/revisions\/31202"}],"wp:featuredmedia":[{"embeddable":true,"href":"https:\/\/visionciudadana.com.mx\/oficial\/wp-json\/wp\/v2\/posts\/208"}],"wp:attachment":[{"href":"https:\/\/visionciudadana.com.mx\/oficial\/wp-json\/wp\/v2\/media?parent=16651"}],"wp:term":[{"taxonomy":"category","embeddable":true,"href":"https:\/\/visionciudadana.com.mx\/oficial\/wp-json\/wp\/v2\/categories?post=16651"},{"taxonomy":"post_tag","embeddable":true,"href":"https:\/\/visionciudadana.com.mx\/oficial\/wp-json\/wp\/v2\/tags?post=16651"},{"taxonomy":"author","embeddable":true,"href":"https:\/\/visionciudadana.com.mx\/oficial\/wp-json\/wp\/v2\/ppma_author?post=16651"}],"curies":[{"name":"wp","href":"https:\/\/api.w.org\/{rel}","templated":true}]}}