{"id":16650,"date":"2021-04-09T01:58:55","date_gmt":"2021-04-09T01:58:55","guid":{"rendered":"https:\/\/visionciudadana.com.mx\/chio\/2021\/04\/09\/apoyare-como-nunca-a-las-mujeres-empresarias-faustino-hernandez\/"},"modified":"2025-06-25T00:16:36","modified_gmt":"2025-06-25T00:16:36","slug":"apoyare-como-nunca-a-las-mujeres-empresarias-faustino-hernandez","status":"publish","type":"post","link":"https:\/\/visionciudadana.com.mx\/oficial\/2021\/04\/09\/apoyare-como-nunca-a-las-mujeres-empresarias-faustino-hernandez\/","title":{"rendered":"Apoyar\u00e9 como nunca a las mujeres empresarias: Faustino Hern\u00e1ndez"},"content":{"rendered":"<p><img fetchpriority=\"high\" decoding=\"async\" src=\"images\/abril21\/fausty1.jpg\" alt=\"fausty1\" width=\"780\" height=\"420\" style=\"display: block; margin-left: auto; margin-right: auto;\" \/><\/p>\n<p class=\"x_MsoNormal\" align=\"right\">&nbsp;<\/p>\n<p class=\"x_MsoNormal\" style=\"text-align: justify;\"><span style=\"font-size: 14pt; font-family: arial, helvetica, sans-serif;\">Invitado por la Asociaci\u00f3n de Mujeres Empresarias, cap\u00edtulo Culiac\u00e1n el candidato del PRI, PAN y PRD a la Alcald\u00eda de Culiac\u00e1n, Faustino Hern\u00e1ndez \u00c1lvarez, se comprometi\u00f3 a impulsar un amplio movimiento social, pol\u00edtico y productivo a favor de este sector de la sociedad, a fin promover&nbsp; y reconocer a\u00fan m\u00e1s su gran contribuci\u00f3n en el desarrollo.<\/span><\/p>\n<p style=\"text-align: justify;\">&nbsp;<\/p>\n<p class=\"x_MsoNormal\" style=\"text-align: justify;\"><span style=\"font-size: 14pt; font-family: arial, helvetica, sans-serif;\">\u201cComo pr\u00f3ximo presidente Municipal de Culiac\u00e1n, voy a crear condiciones para que la mujer tome parte activa en las decisiones, en las responsabilidades y tambi\u00e9n en los beneficios del desarrollo.\u201d, dijo.<\/span><\/p>\n<p style=\"text-align: justify;\">&nbsp;<\/p>\n<p class=\"x_MsoNormal\" style=\"text-align: justify;\"><span style=\"font-size: 14pt; font-family: arial, helvetica, sans-serif;\">El reconocimiento por su contribuci\u00f3n, dijo, empezar\u00e1 con darles mayores oportunidades a perfiles destacados de mujeres en la administraci\u00f3n municipal que le tocar\u00e1 encabezar, pero tambi\u00e9n manteniendo un amplio di\u00e1logo permanente con todas las organizaciones que las encabezan a fin de conocer sus demandas y&nbsp; darles soluci\u00f3n.&nbsp;<\/span><\/p>\n<p style=\"text-align: justify;\">&nbsp;<\/p>\n<p class=\"x_MsoNormal\" style=\"text-align: justify;\"><span style=\"font-size: 14pt; font-family: arial, helvetica, sans-serif;\">De igual manera,&nbsp; destac\u00f3 que se reconocer\u00e1 su contribuci\u00f3n en el mercado laboral y profesional&nbsp; pagando el mismo sueldo por el mismo trabajo realizado por sus contrapartes masculinos.&nbsp;<\/span><\/p>\n<p style=\"text-align: justify;\">&nbsp;<\/p>\n<p class=\"x_MsoNormal\" style=\"text-align: justify;\"><span style=\"font-size: 14pt; font-family: arial, helvetica, sans-serif;\">\u201cEn Culiac\u00e1n no vamos a permitir la discriminaci\u00f3n salarial y laboral. No la vamos a tolerar, ni en el gobierno, ni en las empresas, ni en las organizaciones gremiales. Soy partidario de impulsar, defender y ampliar los derechos pol\u00edticos de la mujer. Abriremos m\u00e1s espacios para su participaci\u00f3n en la vida pol\u00edtica de Culiac\u00e1n\u201d, manifest\u00f3.&nbsp;<\/span><\/p>\n<p style=\"text-align: justify;\">&nbsp;<\/p>\n<p class=\"x_MsoNormal\" style=\"text-align: justify;\"><span style=\"font-size: 14pt; font-family: arial, helvetica, sans-serif;\">Al hablar de temas empresariales, el candidato&nbsp; reiter\u00f3 su compromiso para recuperar la econom\u00eda local y el empleo, dando mayores facilidades a la inversi\u00f3n, apoyando a las empresas, simplificando tr\u00e1mites, volviendo utilizar las Ceprofies, y creando un Consejo de Desarrollo Econ\u00f3mico para promover y facilitar la actividad empresarial.<\/span><\/p>\n<p style=\"text-align: justify;\">&nbsp;<\/p>\n<p class=\"x_MsoNormal\" style=\"text-align: justify;\"><span style=\"font-size: 14pt; font-family: arial, helvetica, sans-serif;\">Durante di\u00e1logo con mujeres empresarias, Faustino Hern\u00e1ndez \u00c1lvarez manifest\u00f3 su firme prop\u00f3sito de impulsar un gobierno municipal honesto, innovador y transparente, donde el combate a la corrupci\u00f3n ser\u00e1 no una bandera para promover la imagen, sino una realidad que tendr\u00e1 que redundar en beneficios reales y tangibles para toda la sociedad.<\/span><\/p>\n<p style=\"text-align: justify;\">&nbsp;<\/p>\n<p class=\"x_MsoNormal\" style=\"text-align: justify;\"><span style=\"font-size: 14pt; font-family: arial, helvetica, sans-serif;\">Destac\u00f3 su prop\u00f3sito para convertir a Culiac\u00e1n en una capital moderna, con un desarrollo urbano basado en la sustentabilidad,&nbsp; con una mejor infraestructura, impulsando obras de gran impacto, mejorando los servicios p\u00fablicos, y promoviendo m\u00e1s y mejores \u00e1reas verdes y espacios para la cultura y la recreaci\u00f3n familiar.<\/span><\/p>\n<p style=\"text-align: justify;\">&nbsp;<\/p>\n<p class=\"x_MsoNormal\" style=\"text-align: justify;\"><span style=\"font-size: 14pt; font-family: arial, helvetica, sans-serif;\">Hay muchas cosas por hacer y tendremos que demostrar que nosotros s\u00ed sabemos gobernar, y que daremos un fuerte impulso a la modernizaci\u00f3n del municipio. Todos queremos mayor desarrollo y bienestar en Culiac\u00e1n, y estoy seguro de que ustedes tambi\u00e9n comparten el objetivo de rescatar a Culiac\u00e1n, dijo.<\/span><\/p>\n<p style=\"text-align: justify;\">&nbsp;<\/p>\n<p class=\"x_MsoNormal\" style=\"text-align: justify;\"><span style=\"font-size: 14pt; font-family: arial, helvetica, sans-serif;\">\u201cVoy a escuchar con inter\u00e9s todas sus opiniones, y tengan la seguridad de que las vamos a incorporar a nuestro programa de gobierno. Conf\u00edo mucho en que las mujeres de Culiac\u00e1n me ayudar\u00e1n a cambiar la deteriorada situaci\u00f3n que ahora prevalece en el municipio\u201d, se\u00f1al\u00f3.<\/span><\/p>\n<p style=\"text-align: justify;\">&nbsp;<\/p>\n<p class=\"x_MsoNormal\" style=\"text-align: justify;\"><span style=\"font-size: 14pt; font-family: arial, helvetica, sans-serif;\">Adem\u00e1s de esta reuni\u00f3n con mujeres empresarias,&nbsp; el&nbsp; candidato del PRI, PAN y PRD sostuvo hoy, en su quinto d\u00eda de actividades, una intensa agenda de trabajo que comprendi\u00f3 recorridos casa por casa en las colonias 5 de Mayo, Mazatl\u00e1n y Rafael Buelna, as\u00ed como encuentros ciudadanos con vecinos de la colonia Sinaloa,&nbsp; L\u00e1zaro C\u00e1rdenas y Buenos Aires.<\/span><\/p>\n<p style=\"text-align: justify;\">&nbsp;<\/p>\n<p style=\"text-align: justify;\">&nbsp;<\/p>\n<p style=\"text-align: justify;\"><span style=\"font-size: 14pt; font-family: arial, helvetica, sans-serif;\">REDACCI\u00d3N\/VISI\u00d3N CIUDADANA.<\/span><\/p>\n","protected":false},"excerpt":{"rendered":"<p>&nbsp; Invitado por la Asociaci\u00f3n de Mujeres Empresarias, cap\u00edtulo Culiac\u00e1n el candidato del PRI, PAN y PRD a la Alcald\u00eda de Culiac\u00e1n, Faustino Hern\u00e1ndez \u00c1lvarez, se comprometi\u00f3 a impulsar un amplio movimiento social, pol\u00edtico y productivo a favor de este sector de la sociedad, a fin promover&nbsp; y reconocer a\u00fan m\u00e1s su gran contribuci\u00f3n en [&hellip;]<\/p>\n","protected":false},"author":1,"featured_media":206,"comment_status":"closed","ping_status":"closed","sticky":false,"template":"","format":"standard","meta":{"footnotes":""},"categories":[24],"tags":[],"ppma_author":[31],"class_list":["post-16650","post","type-post","status-publish","format-standard","has-post-thumbnail","hentry","category-relevantes"],"aioseo_notices":[],"authors":[{"term_id":31,"user_id":1,"is_guest":0,"slug":"ivan3vino","display_name":"Iv\u00e1n Trevi\u00f1o","avatar_url":{"url":"https:\/\/visionciudadana.com.mx\/oficial\/wp-content\/uploads\/2025\/09\/columna-ivan-Trevino.png","url2x":"https:\/\/visionciudadana.com.mx\/oficial\/wp-content\/uploads\/2025\/09\/columna-ivan-Trevino.png"},"0":null,"1":"","2":"","3":"","4":"","5":"","6":"","7":"","8":""}],"_links":{"self":[{"href":"https:\/\/visionciudadana.com.mx\/oficial\/wp-json\/wp\/v2\/posts\/16650","targetHints":{"allow":["GET"]}}],"collection":[{"href":"https:\/\/visionciudadana.com.mx\/oficial\/wp-json\/wp\/v2\/posts"}],"about":[{"href":"https:\/\/visionciudadana.com.mx\/oficial\/wp-json\/wp\/v2\/types\/post"}],"author":[{"embeddable":true,"href":"https:\/\/visionciudadana.com.mx\/oficial\/wp-json\/wp\/v2\/users\/1"}],"replies":[{"embeddable":true,"href":"https:\/\/visionciudadana.com.mx\/oficial\/wp-json\/wp\/v2\/comments?post=16650"}],"version-history":[{"count":1,"href":"https:\/\/visionciudadana.com.mx\/oficial\/wp-json\/wp\/v2\/posts\/16650\/revisions"}],"predecessor-version":[{"id":31203,"href":"https:\/\/visionciudadana.com.mx\/oficial\/wp-json\/wp\/v2\/posts\/16650\/revisions\/31203"}],"wp:featuredmedia":[{"embeddable":true,"href":"https:\/\/visionciudadana.com.mx\/oficial\/wp-json\/wp\/v2\/posts\/206"}],"wp:attachment":[{"href":"https:\/\/visionciudadana.com.mx\/oficial\/wp-json\/wp\/v2\/media?parent=16650"}],"wp:term":[{"taxonomy":"category","embeddable":true,"href":"https:\/\/visionciudadana.com.mx\/oficial\/wp-json\/wp\/v2\/categories?post=16650"},{"taxonomy":"post_tag","embeddable":true,"href":"https:\/\/visionciudadana.com.mx\/oficial\/wp-json\/wp\/v2\/tags?post=16650"},{"taxonomy":"author","embeddable":true,"href":"https:\/\/visionciudadana.com.mx\/oficial\/wp-json\/wp\/v2\/ppma_author?post=16650"}],"curies":[{"name":"wp","href":"https:\/\/api.w.org\/{rel}","templated":true}]}}