{"id":16649,"date":"2021-04-09T01:31:35","date_gmt":"2021-04-09T01:31:35","guid":{"rendered":"https:\/\/visionciudadana.com.mx\/chio\/2021\/04\/09\/pobreza-en-la-sierra-se-abatira-con-su-riqueza-natural-ruben-rocha\/"},"modified":"2025-06-25T00:16:36","modified_gmt":"2025-06-25T00:16:36","slug":"pobreza-en-la-sierra-se-abatira-con-su-riqueza-natural-ruben-rocha","status":"publish","type":"post","link":"https:\/\/visionciudadana.com.mx\/oficial\/2021\/04\/09\/pobreza-en-la-sierra-se-abatira-con-su-riqueza-natural-ruben-rocha\/","title":{"rendered":"Pobreza en la sierra se abatir\u00e1 con su riqueza natural: Rub\u00e9n Rocha"},"content":{"rendered":"<p>&nbsp;<\/p>\n<div>\n<p><img fetchpriority=\"high\" decoding=\"async\" src=\"images\/abril21\/rochis_moya4.jpg\" alt=\"rochis moya4\" width=\"1280\" height=\"851\" style=\"display: block; margin-left: auto; margin-right: auto;\" \/><\/p>\n<p class=\"x_MsoNormal\" style=\"text-align: justify;\"><span style=\"font-size: 14pt; font-family: arial, helvetica, sans-serif;\">La pobreza en la que viven los habitantes de las comunidades de la franja serrana se atender\u00e1 con la ampliaci\u00f3n de los programas sociales y el aprovechamiento de sus riquezas naturales, afirm\u00f3 el candidato de la alianza Morena-PAS a la gubernatura, Rub\u00e9n Rocha Moya.<\/span><\/p>\n<p class=\"x_MsoNormal\" style=\"text-align: justify;\"><span style=\"font-size: 14pt; font-family: arial, helvetica, sans-serif;\"><\/span><\/p>\n<p class=\"x_MsoNormal\" style=\"text-align: justify;\"><span style=\"font-size: 14pt; font-family: arial, helvetica, sans-serif;\">\u201cAqu\u00ed tenemos un alto \u00edndice de pobreza \u2013los municipios m\u00e1s pobres de Sinaloa son Badiraguato y Cosal\u00e1&#8211;, con un 43 por ciento de pobreza; aqu\u00ed lo que tenemos que hacer como acci\u00f3n principal es particularmente enfocarnos a ayudar a la gente que tiene dificultades todos los d\u00edas para saber qu\u00e9 va a comer\u201d, se\u00f1al\u00f3 ante militantes y simpatizantes reunidos en la plazuela municipal de San Ignacio.&nbsp;<\/span><\/p>\n<p style=\"text-align: justify;\">&nbsp;<\/p>\n<p class=\"x_MsoNormal\" style=\"text-align: justify;\"><span style=\"font-size: 14pt; font-family: arial, helvetica, sans-serif;\">Al iniciar su quinto d\u00eda de campa\u00f1a, en una jornada en la que completar\u00e1 su primer recorrido de proselitismo por todos los municipios de Sinaloa, puntualiz\u00f3 que la franja de la sierra es la zona de mayor pobreza del estado, realidad que conoce, comprende y atender\u00e1 porque naci\u00f3 en la comunidad serrana de Batequitas, Badiraguato.&nbsp;<\/span><\/p>\n<p style=\"text-align: justify;\">&nbsp;<\/p>\n<p class=\"x_MsoNormal\" style=\"text-align: justify;\"><span style=\"font-size: 14pt; font-family: arial, helvetica, sans-serif;\">Rocha Moya destac\u00f3 que San Ignacio es muy bello y tiene muchas riquezas desde su costa en Barras de Piaxtla hasta sus pueblos de la sierra, como San Javier y Cabaz\u00e1n, de las cuales se potenciar\u00e1 el aprovechamiento de sus tierras cultivables, la miner\u00eda y el turismo.&nbsp;<\/span><\/p>\n<p style=\"text-align: justify;\">&nbsp;<\/p>\n<p class=\"x_MsoNormal\" style=\"text-align: justify;\"><span style=\"font-size: 14pt; font-family: arial, helvetica, sans-serif;\">Indic\u00f3 que en el caso de la agricultura es ya impostergable incluir en el proyecto hidrol\u00f3gico Elota-Piaxtla las tierras de San Ignacio, con lo que se ampliar\u00e1 del beneficio del riego.&nbsp;<\/span><\/p>\n<p style=\"text-align: justify;\">&nbsp;<\/p>\n<p class=\"x_MsoNormal\" style=\"text-align: justify;\"><span style=\"font-size: 14pt; font-family: arial, helvetica, sans-serif;\">Propuso tambi\u00e9n detonar no s\u00f3lo el turismo hist\u00f3rico, como en Las Labradas, sino el turismo ecol\u00f3gico, creando un corredor para el avistamiento del jaguar, especie protegida en la regi\u00f3n mediante una estaci\u00f3n cient\u00edfica y el Museo del Jaguar, a cargo de la doctora Yamel Rubio, presente en el encuentro.&nbsp;<\/span><\/p>\n<p style=\"text-align: justify;\">&nbsp;<\/p>\n<p class=\"x_MsoNormal\" style=\"text-align: justify;\"><span style=\"font-size: 14pt; font-family: arial, helvetica, sans-serif;\">\u201cTenemos que profundizar los apoyos a la gente con menores recursos, vamos a estar muy atentos de San Ignacio, hay muchas cosas que podemos aprovechar para generar riqueza, que nos permita resolver problemas de comunicaci\u00f3n, de carreteras, de pavimentaci\u00f3n en los pueblos, agua potable y drenaje, y ampliar la atenci\u00f3n, infraestructura y servicios en cl\u00ednicas y hospitales, como el Hospital Integral\u201d, enfatiz\u00f3.&nbsp;<\/span><\/p>\n<p style=\"text-align: justify;\">&nbsp;<\/p>\n<p class=\"x_MsoNormal\" style=\"text-align: justify;\"><span style=\"font-size: 14pt; font-family: arial, helvetica, sans-serif;\">Rub\u00e9n Rocha Moya se comprometi\u00f3 con las madres y padres de familia a ayudarles para que estudien sus hijos; compromiso no solo para abrir escuelas, sino que, a trav\u00e9s de la Ley General de Educaci\u00f3n, que se acaba de aprobar en el Congreso de la Uni\u00f3n, se garantiza la gratuidad de las universidades, tecnol\u00f3gicos y normales.&nbsp;<\/span><\/p>\n<p style=\"text-align: justify;\">&nbsp;<\/p>\n<p class=\"x_MsoNormal\" style=\"text-align: justify;\"><span style=\"font-size: 14pt; font-family: arial, helvetica, sans-serif;\">Rub\u00e9n Rocha Moya fue acompa\u00f1ado en el pres\u00eddium por la candidata com\u00fan de Morena-PAS a la presidenta municipal de San Ignacio, Camelia Lizbeth Zamora; la candidata de ambos partidos a la diputaci\u00f3n local del Distrito 19, Viridiana Camacho; y el presidente estatal del Partido Sinaloense, H\u00e9ctor Melesio Cu\u00e9n Ojeda.&nbsp;<\/span><\/p>\n<p style=\"text-align: justify;\">&nbsp;<\/p>\n<p class=\"x_MsoNormal\" style=\"text-align: justify;\"><span style=\"font-size: 14pt; font-family: arial, helvetica, sans-serif;\">La gira incluye un encuentro en Cosal\u00e1 con la candidata a presidenta municipal, Karla \u00darsula Corrales Corrales; un evento en La Cruz, con Olga Lidia Garc\u00eda, candidata a la alcald\u00eda de Elota; y cerrar\u00e1 en Costa Rica con el candidato a alcalde de Culiac\u00e1n, Jes\u00fas Estrada Ferreiro.<\/span><\/p>\n<p style=\"text-align: justify;\">&nbsp;<\/p>\n<p style=\"text-align: justify;\">&nbsp;<\/p>\n<p style=\"text-align: justify;\"><span style=\"font-size: 14pt; font-family: arial, helvetica, sans-serif;\">REDACCI\u00d3N\/VISI\u00d3N CIUDADANA.<\/span><\/p>\n<\/div>\n<div style=\"text-align: justify;\"><span style=\"font-size: 14pt; font-family: arial, helvetica, sans-serif;\"><\/span><\/div>\n","protected":false},"excerpt":{"rendered":"<p>&nbsp; La pobreza en la que viven los habitantes de las comunidades de la franja serrana se atender\u00e1 con la ampliaci\u00f3n de los programas sociales y el aprovechamiento de sus riquezas naturales, afirm\u00f3 el candidato de la alianza Morena-PAS a la gubernatura, Rub\u00e9n Rocha Moya. \u201cAqu\u00ed tenemos un alto \u00edndice de pobreza \u2013los municipios m\u00e1s [&hellip;]<\/p>\n","protected":false},"author":1,"featured_media":204,"comment_status":"closed","ping_status":"closed","sticky":false,"template":"","format":"standard","meta":{"footnotes":""},"categories":[24],"tags":[],"ppma_author":[31],"class_list":["post-16649","post","type-post","status-publish","format-standard","has-post-thumbnail","hentry","category-relevantes"],"aioseo_notices":[],"authors":[{"term_id":31,"user_id":1,"is_guest":0,"slug":"ivan3vino","display_name":"Iv\u00e1n Trevi\u00f1o","avatar_url":{"url":"https:\/\/visionciudadana.com.mx\/oficial\/wp-content\/uploads\/2025\/09\/columna-ivan-Trevino.png","url2x":"https:\/\/visionciudadana.com.mx\/oficial\/wp-content\/uploads\/2025\/09\/columna-ivan-Trevino.png"},"0":null,"1":"","2":"","3":"","4":"","5":"","6":"","7":"","8":""}],"_links":{"self":[{"href":"https:\/\/visionciudadana.com.mx\/oficial\/wp-json\/wp\/v2\/posts\/16649","targetHints":{"allow":["GET"]}}],"collection":[{"href":"https:\/\/visionciudadana.com.mx\/oficial\/wp-json\/wp\/v2\/posts"}],"about":[{"href":"https:\/\/visionciudadana.com.mx\/oficial\/wp-json\/wp\/v2\/types\/post"}],"author":[{"embeddable":true,"href":"https:\/\/visionciudadana.com.mx\/oficial\/wp-json\/wp\/v2\/users\/1"}],"replies":[{"embeddable":true,"href":"https:\/\/visionciudadana.com.mx\/oficial\/wp-json\/wp\/v2\/comments?post=16649"}],"version-history":[{"count":1,"href":"https:\/\/visionciudadana.com.mx\/oficial\/wp-json\/wp\/v2\/posts\/16649\/revisions"}],"predecessor-version":[{"id":31204,"href":"https:\/\/visionciudadana.com.mx\/oficial\/wp-json\/wp\/v2\/posts\/16649\/revisions\/31204"}],"wp:featuredmedia":[{"embeddable":true,"href":"https:\/\/visionciudadana.com.mx\/oficial\/wp-json\/"}],"wp:attachment":[{"href":"https:\/\/visionciudadana.com.mx\/oficial\/wp-json\/wp\/v2\/media?parent=16649"}],"wp:term":[{"taxonomy":"category","embeddable":true,"href":"https:\/\/visionciudadana.com.mx\/oficial\/wp-json\/wp\/v2\/categories?post=16649"},{"taxonomy":"post_tag","embeddable":true,"href":"https:\/\/visionciudadana.com.mx\/oficial\/wp-json\/wp\/v2\/tags?post=16649"},{"taxonomy":"author","embeddable":true,"href":"https:\/\/visionciudadana.com.mx\/oficial\/wp-json\/wp\/v2\/ppma_author?post=16649"}],"curies":[{"name":"wp","href":"https:\/\/api.w.org\/{rel}","templated":true}]}}