{"id":16648,"date":"2021-04-09T01:13:57","date_gmt":"2021-04-09T01:13:57","guid":{"rendered":"https:\/\/visionciudadana.com.mx\/chio\/2021\/04\/09\/estrada-ferreiro-visita-santuario-de-animales-de-fundacion-huellitas\/"},"modified":"2025-06-25T00:16:36","modified_gmt":"2025-06-25T00:16:36","slug":"estrada-ferreiro-visita-santuario-de-animales-de-fundacion-huellitas","status":"publish","type":"post","link":"https:\/\/visionciudadana.com.mx\/oficial\/2021\/04\/09\/estrada-ferreiro-visita-santuario-de-animales-de-fundacion-huellitas\/","title":{"rendered":"Estrada Ferreiro visita santuario de animales de Fundaci\u00f3n Huellitas"},"content":{"rendered":"<p><img fetchpriority=\"high\" decoding=\"async\" src=\"images\/abril21\/ferreiro.jpg\" alt=\"ferreiro\" width=\"780\" height=\"420\" style=\"display: block; margin-left: auto; margin-right: auto;\" \/><\/p>\n<div style=\"text-align: justify;\"><span style=\"font-size: 14pt; font-family: arial, helvetica, sans-serif;\">Sinaloa ya tiene leyes y reglamentos a favor de los animales, pero hace falta aplicarlos adecuadamente, para detener el maltrato animal, dijo el Lic. Jes\u00fas Estrada Ferreiro, al visitar el santuario de animales rescatados de Fundaci\u00f3n Huellitas con Causa IAP.<\/span><\/div>\n<div style=\"text-align: justify;\">&nbsp;<\/div>\n<div style=\"text-align: justify;\"><span style=\"font-size: 14pt; font-family: arial, helvetica, sans-serif;\"><\/span><\/div>\n<div style=\"text-align: justify;\"><span style=\"font-size: 14pt; font-family: arial, helvetica, sans-serif;\">El candidato de Morena-PAS a la alcald\u00eda de Culiac\u00e1n, llev\u00f3 m\u00e1s de 200 kilogramos de comida para perro, luego de haber visto una publicaci\u00f3n en redes sociales, donde estaban solicitando alimento.&nbsp;<\/span><\/div>\n<div style=\"text-align: justify;\">&nbsp;<\/div>\n<div style=\"text-align: justify;\"><span style=\"font-size: 14pt; font-family: arial, helvetica, sans-serif;\"><\/span><\/div>\n<div style=\"text-align: justify;\"><span style=\"font-size: 14pt; font-family: arial, helvetica, sans-serif;\">Durante la visita, tuvo la oportunidad de recorrer el santuario, y convivir con los perros que han sido rescatados de las calles, luego de que sus anteriores due\u00f1os, los abandonaran, maltratara y hasta lesionaran.&nbsp;<\/span><\/div>\n<div style=\"text-align: justify;\">&nbsp;<\/div>\n<div style=\"text-align: justify;\"><span style=\"font-size: 14pt; font-family: arial, helvetica, sans-serif;\"><\/span><\/div>\n<div style=\"text-align: justify;\"><span style=\"font-size: 14pt; font-family: arial, helvetica, sans-serif;\">Brenda Gonz\u00e1lez, presidenta de Fundaci\u00f3n Huellitas con Causa, agradeci\u00f3 la visita de Estrada Ferreiro, y sobre todo, la donaci\u00f3n de alimento, ya que estaban en un momento cr\u00edtico, donde solo ten\u00edan comida para un d\u00eda m\u00e1s.&nbsp;<\/span><\/div>\n<div style=\"text-align: justify;\"><span style=\"font-size: 14pt; font-family: arial, helvetica, sans-serif;\"><\/span><\/div>\n<div style=\"text-align: justify;\">&nbsp;<\/div>\n<div style=\"text-align: justify;\"><span style=\"font-size: 14pt; font-family: arial, helvetica, sans-serif;\">En este lugar se encuentran unos 100 perros, resguardados por voluntarios, con el af\u00e1n de protegerlos. Desafortunadamente, algunos fueron mutilados, y otros, presentan da\u00f1os psicol\u00f3gicos irreversibles, debido al maltrato al que fueron sometidos.&nbsp;<\/span><\/div>\n<div style=\"text-align: justify;\">&nbsp;<\/div>\n<div style=\"text-align: justify;\"><span style=\"font-size: 14pt; font-family: arial, helvetica, sans-serif;\"><\/span><\/div>\n<div style=\"text-align: justify;\"><span style=\"font-size: 14pt; font-family: arial, helvetica, sans-serif;\">Los perros que han sido rehabilitados se encuentran en adopci\u00f3n, todos fueron esterilizados, y est\u00e1n listo para encontrar una familia, con la \u00fanica condici\u00f3n, de que puedan cuidarlos, y brindarles cari\u00f1o.<\/span><\/div>\n<div style=\"text-align: justify;\">&nbsp;<\/div>\n<div style=\"text-align: justify;\"><span style=\"font-size: 14pt; font-family: arial, helvetica, sans-serif;\"><\/span><\/div>\n<div style=\"text-align: justify;\"><span style=\"font-size: 14pt; font-family: arial, helvetica, sans-serif;\">Para ayudar a Fundaci\u00f3n Huellitas con Causa, puedes contactarlos a trav\u00e9s de sus redes sociales, la mayor necesidad es alimento, pues requieren unos 40 kilogramos diariamente.&nbsp;<\/span><\/div>\n<div style=\"text-align: justify;\">&nbsp;<\/div>\n<div style=\"text-align: justify;\"><span style=\"font-size: 14pt; font-family: arial, helvetica, sans-serif;\"><\/span><\/div>\n<div style=\"text-align: justify;\"><span style=\"font-size: 14pt; font-family: arial, helvetica, sans-serif;\">El Lic. Jes\u00fas Estrada Ferreiro, fue acompa\u00f1ado por la Dra. Mar\u00eda del Rosario Valdez P\u00e1ez, candidata a S\u00edndico Procurador del Ayuntamiento de Culiac\u00e1n.<\/span><\/div>\n<div style=\"text-align: justify;\">&nbsp;<\/div>\n<div style=\"text-align: justify;\">&nbsp;<\/div>\n<div style=\"text-align: justify;\"><span style=\"font-size: 14pt; font-family: arial, helvetica, sans-serif;\">REDACCI\u00d3N\/VISI\u00d3N CIUDADANA.<\/span><\/div>\n","protected":false},"excerpt":{"rendered":"<p>Sinaloa ya tiene leyes y reglamentos a favor de los animales, pero hace falta aplicarlos adecuadamente, para detener el maltrato animal, dijo el Lic. Jes\u00fas Estrada Ferreiro, al visitar el santuario de animales rescatados de Fundaci\u00f3n Huellitas con Causa IAP. &nbsp; El candidato de Morena-PAS a la alcald\u00eda de Culiac\u00e1n, llev\u00f3 m\u00e1s de 200 kilogramos [&hellip;]<\/p>\n","protected":false},"author":1,"featured_media":202,"comment_status":"closed","ping_status":"closed","sticky":false,"template":"","format":"standard","meta":{"footnotes":""},"categories":[24],"tags":[],"ppma_author":[31],"class_list":["post-16648","post","type-post","status-publish","format-standard","has-post-thumbnail","hentry","category-relevantes"],"aioseo_notices":[],"authors":[{"term_id":31,"user_id":1,"is_guest":0,"slug":"ivan3vino","display_name":"Iv\u00e1n Trevi\u00f1o","avatar_url":{"url":"https:\/\/visionciudadana.com.mx\/oficial\/wp-content\/uploads\/2025\/09\/columna-ivan-Trevino.png","url2x":"https:\/\/visionciudadana.com.mx\/oficial\/wp-content\/uploads\/2025\/09\/columna-ivan-Trevino.png"},"0":null,"1":"","2":"","3":"","4":"","5":"","6":"","7":"","8":""}],"_links":{"self":[{"href":"https:\/\/visionciudadana.com.mx\/oficial\/wp-json\/wp\/v2\/posts\/16648","targetHints":{"allow":["GET"]}}],"collection":[{"href":"https:\/\/visionciudadana.com.mx\/oficial\/wp-json\/wp\/v2\/posts"}],"about":[{"href":"https:\/\/visionciudadana.com.mx\/oficial\/wp-json\/wp\/v2\/types\/post"}],"author":[{"embeddable":true,"href":"https:\/\/visionciudadana.com.mx\/oficial\/wp-json\/wp\/v2\/users\/1"}],"replies":[{"embeddable":true,"href":"https:\/\/visionciudadana.com.mx\/oficial\/wp-json\/wp\/v2\/comments?post=16648"}],"version-history":[{"count":1,"href":"https:\/\/visionciudadana.com.mx\/oficial\/wp-json\/wp\/v2\/posts\/16648\/revisions"}],"predecessor-version":[{"id":31205,"href":"https:\/\/visionciudadana.com.mx\/oficial\/wp-json\/wp\/v2\/posts\/16648\/revisions\/31205"}],"wp:featuredmedia":[{"embeddable":true,"href":"https:\/\/visionciudadana.com.mx\/oficial\/wp-json\/wp\/v2\/posts\/202"}],"wp:attachment":[{"href":"https:\/\/visionciudadana.com.mx\/oficial\/wp-json\/wp\/v2\/media?parent=16648"}],"wp:term":[{"taxonomy":"category","embeddable":true,"href":"https:\/\/visionciudadana.com.mx\/oficial\/wp-json\/wp\/v2\/categories?post=16648"},{"taxonomy":"post_tag","embeddable":true,"href":"https:\/\/visionciudadana.com.mx\/oficial\/wp-json\/wp\/v2\/tags?post=16648"},{"taxonomy":"author","embeddable":true,"href":"https:\/\/visionciudadana.com.mx\/oficial\/wp-json\/wp\/v2\/ppma_author?post=16648"}],"curies":[{"name":"wp","href":"https:\/\/api.w.org\/{rel}","templated":true}]}}