{"id":16647,"date":"2021-04-08T18:09:35","date_gmt":"2021-04-08T18:09:35","guid":{"rendered":"https:\/\/visionciudadana.com.mx\/chio\/2021\/04\/08\/es-la-oportunidad-de-defender-a-las-familias-sinaloenses-y-reactivar-su-economia-garate-valenzuela\/"},"modified":"2025-06-25T00:16:36","modified_gmt":"2025-06-25T00:16:36","slug":"es-la-oportunidad-de-defender-a-las-familias-sinaloenses-y-reactivar-su-economia-garate-valenzuela","status":"publish","type":"post","link":"https:\/\/visionciudadana.com.mx\/oficial\/2021\/04\/08\/es-la-oportunidad-de-defender-a-las-familias-sinaloenses-y-reactivar-su-economia-garate-valenzuela\/","title":{"rendered":"\u201cEs la oportunidad de defender a las familias sinaloenses y reactivar su econom\u00eda\u201d: Garate Valenzuela."},"content":{"rendered":"<p><img fetchpriority=\"high\" decoding=\"async\" src=\"images\/abril21\/pg.jpg\" alt=\"pg\" width=\"720\" height=\"480\" style=\"display: block; margin: 20px auto;\" \/><\/p>\n<p style=\"text-align: justify;\"><span style=\"font-size: 14pt; font-family: arial, helvetica, sans-serif;\">La candidata de la coalici\u00f3n \u201cVa por Sinaloa\u201d por el distrito local 17, Paola G\u00e1rate, asegur\u00f3 que lo m\u00e1s importante en esta contienda ser\u00e1 defender a las familias sinaloenses frente a los atropellos que han sufrido por parte del gobierno federal.<\/span><\/p>\n<p>&nbsp;<\/p>\n<p style=\"text-align: justify;\"><span style=\"font-size: 14pt; font-family: arial, helvetica, sans-serif;\">\u201cLa gente nos ha manifestado su preocupaci\u00f3n por todo lo que le han quitado sobretodo en el tema de salud y empleo derivado de los recortes presupuestales impulsados por MORENA\u201d declar\u00f3.<\/span><\/p>\n<p>&nbsp;<\/p>\n<p style=\"text-align: justify;\"><span style=\"font-size: 14pt; font-family: arial, helvetica, sans-serif;\">Cabe destacar que Sinaloa ha sido uno de los estados que vieron una reducci\u00f3n en su presupuesto para este a\u00f1o 2021 adem\u00e1s de que no existen grandes obras de infraestructura proyectadas para esta zona del pa\u00eds, por lo que se prev\u00e9 que tampoco llegar\u00e1 una derrama econ\u00f3mica derivada de un incremento en el gasto p\u00fablico. Lo anterior aunado al cierre de empresas por falta de apoyos del gobierno federal ha hecho que la falta de empleo se recrudezca.<\/span><\/p>\n<p>&nbsp;<\/p>\n<p style=\"text-align: justify;\"><span style=\"font-size: 14pt; font-family: arial, helvetica, sans-serif;\">Al respecto, G\u00e1rate fue enf\u00e1tica al se\u00f1alar \u201c\u2026quiero ir al Congreso para crear leyes que realmente incentiven la inversi\u00f3n y con ello se den las condiciones para la generaci\u00f3n y conservaci\u00f3n de empleos y que esto se traduzca en mayor ingreso en el bolsillo del ciudadano para que no falte el alimento en cada hogar culiacanense\u201d.<\/span><\/p>\n<p>&nbsp;<\/p>\n<p style=\"text-align: justify;\"><span style=\"font-size: 14pt; font-family: arial, helvetica, sans-serif;\">\u201cHoy estamos aqu\u00ed para luchar juntos para solucionar los problemas y defender nuestra tierra y a mi gente\u201d finaliz\u00f3.<\/span><\/p>\n<p>&nbsp;<\/p>\n<p>&nbsp;<\/p>\n<p>&nbsp;<\/p>\n<p>&nbsp;<\/p>\n<p>REDACCION\/VISIONCIUDADANA<\/p>\n","protected":false},"excerpt":{"rendered":"<p>La candidata de la coalici\u00f3n \u201cVa por Sinaloa\u201d por el distrito local 17, Paola G\u00e1rate, asegur\u00f3 que lo m\u00e1s importante en esta contienda ser\u00e1 defender a las familias sinaloenses frente a los atropellos que han sufrido por parte del gobierno federal. &nbsp; \u201cLa gente nos ha manifestado su preocupaci\u00f3n por todo lo que le han [&hellip;]<\/p>\n","protected":false},"author":1,"featured_media":200,"comment_status":"closed","ping_status":"closed","sticky":false,"template":"","format":"standard","meta":{"footnotes":""},"categories":[13],"tags":[],"ppma_author":[31],"class_list":["post-16647","post","type-post","status-publish","format-standard","has-post-thumbnail","hentry","category-locales"],"aioseo_notices":[],"authors":[{"term_id":31,"user_id":1,"is_guest":0,"slug":"ivan3vino","display_name":"Iv\u00e1n Trevi\u00f1o","avatar_url":{"url":"https:\/\/visionciudadana.com.mx\/oficial\/wp-content\/uploads\/2025\/09\/columna-ivan-Trevino.png","url2x":"https:\/\/visionciudadana.com.mx\/oficial\/wp-content\/uploads\/2025\/09\/columna-ivan-Trevino.png"},"0":null,"1":"","2":"","3":"","4":"","5":"","6":"","7":"","8":""}],"_links":{"self":[{"href":"https:\/\/visionciudadana.com.mx\/oficial\/wp-json\/wp\/v2\/posts\/16647","targetHints":{"allow":["GET"]}}],"collection":[{"href":"https:\/\/visionciudadana.com.mx\/oficial\/wp-json\/wp\/v2\/posts"}],"about":[{"href":"https:\/\/visionciudadana.com.mx\/oficial\/wp-json\/wp\/v2\/types\/post"}],"author":[{"embeddable":true,"href":"https:\/\/visionciudadana.com.mx\/oficial\/wp-json\/wp\/v2\/users\/1"}],"replies":[{"embeddable":true,"href":"https:\/\/visionciudadana.com.mx\/oficial\/wp-json\/wp\/v2\/comments?post=16647"}],"version-history":[{"count":1,"href":"https:\/\/visionciudadana.com.mx\/oficial\/wp-json\/wp\/v2\/posts\/16647\/revisions"}],"predecessor-version":[{"id":31206,"href":"https:\/\/visionciudadana.com.mx\/oficial\/wp-json\/wp\/v2\/posts\/16647\/revisions\/31206"}],"wp:featuredmedia":[{"embeddable":true,"href":"https:\/\/visionciudadana.com.mx\/oficial\/wp-json\/wp\/v2\/posts\/200"}],"wp:attachment":[{"href":"https:\/\/visionciudadana.com.mx\/oficial\/wp-json\/wp\/v2\/media?parent=16647"}],"wp:term":[{"taxonomy":"category","embeddable":true,"href":"https:\/\/visionciudadana.com.mx\/oficial\/wp-json\/wp\/v2\/categories?post=16647"},{"taxonomy":"post_tag","embeddable":true,"href":"https:\/\/visionciudadana.com.mx\/oficial\/wp-json\/wp\/v2\/tags?post=16647"},{"taxonomy":"author","embeddable":true,"href":"https:\/\/visionciudadana.com.mx\/oficial\/wp-json\/wp\/v2\/ppma_author?post=16647"}],"curies":[{"name":"wp","href":"https:\/\/api.w.org\/{rel}","templated":true}]}}