{"id":16635,"date":"2021-04-07T20:17:20","date_gmt":"2021-04-07T20:17:20","guid":{"rendered":"https:\/\/visionciudadana.com.mx\/chio\/2021\/04\/07\/vamos-a-impulsar-el-desarrollo-del-sur-sur-de-sinaloa-rocha-moya\/"},"modified":"2025-06-25T00:16:37","modified_gmt":"2025-06-25T00:16:37","slug":"vamos-a-impulsar-el-desarrollo-del-sur-sur-de-sinaloa-rocha-moya","status":"publish","type":"post","link":"https:\/\/visionciudadana.com.mx\/oficial\/2021\/04\/07\/vamos-a-impulsar-el-desarrollo-del-sur-sur-de-sinaloa-rocha-moya\/","title":{"rendered":"Vamos a impulsar el desarrollo del \u00absur-sur\u00bb de Sinaloa: Rocha Moya"},"content":{"rendered":"<p><img fetchpriority=\"high\" decoding=\"async\" src=\"images\/abril21\/rochis.PNG\" alt=\"rochis\" width=\"466\" height=\"295\" style=\"display: block; margin-left: auto; margin-right: auto;\" \/><\/p>\n<p class=\"x_MsoNormal\" style=\"text-align: justify;\"><span style=\"font-size: 14pt; font-family: arial, helvetica, sans-serif;\"> El candidato de la alianza Morena-PAS a la gubernatura, Rub\u00e9n Rocha Moya, afirm\u00f3 que lleg\u00f3 la hora de transformar el \u201csur-sur\u201d de Sinaloa, pues el estado no llega hasta Mazatl\u00e1n y la regi\u00f3n tiene gran riqueza humana y un gran potencial productivo, pero los gobiernos del PRIAN la han tenido en el olvido.&nbsp;<\/span><\/p>\n<p style=\"text-align: justify;\">&nbsp;<\/p>\n<p class=\"x_MsoNormal\" style=\"text-align: justify;\"><span style=\"font-size: 14pt; font-family: arial, helvetica, sans-serif;\">\u201cVamos a apoyar Escuinapa, vamos a impulsar el desarrollo del \u2018sur-sur\u2019, vamos a completar la tarea; por eso hay que cerrar filas pasistas y morenistas, que estamos aqu\u00ed enlazados por una candidatura com\u00fan\u201d, expres\u00f3 ante militantes y simpatizantes reunidos en la plazuela municipal Ram\u00f3n Corona de la \u201cPerla Camaronera\u201d.&nbsp;<\/span><\/p>\n<p style=\"text-align: justify;\">&nbsp;<\/p>\n<p class=\"x_MsoNormal\" style=\"text-align: justify;\"><span style=\"font-size: 14pt; font-family: arial, helvetica, sans-serif;\">Al iniciar su jornada proselitista por el sur de Sinaloa, en su cuarto d\u00eda de campa\u00f1a, resalt\u00f3 que la riqueza de municipios como Escuinapa, Rosario y Concordia radica en sus plantaciones de mango y chile, as\u00ed como en su potencia camaronera, y por ello, es muy importante rescatar los campos pesqueros que est\u00e1n en el olvido.&nbsp;<\/span><\/p>\n<p style=\"text-align: justify;\">&nbsp;<\/p>\n<p class=\"x_MsoNormal\" style=\"text-align: justify;\"><span style=\"font-size: 14pt; font-family: arial, helvetica, sans-serif;\">Se\u00f1al\u00f3 que para ese fin se utilizar\u00e1 el dinero ahorrado por el gobierno de Andr\u00e9s Manuel L\u00f3pez Obrador con el combate a la corrupci\u00f3n, y como gobernador har\u00e1 lo propio, adem\u00e1s de ampliar la inversi\u00f3n en pavimentaci\u00f3n e infraestructura hospitalaria y detonar el turismo, la agricultura y fruticultura.&nbsp;<\/span><\/p>\n<p style=\"text-align: justify;\">&nbsp;<\/p>\n<p class=\"x_MsoNormal\" style=\"text-align: justify;\"><span style=\"font-size: 14pt; font-family: arial, helvetica, sans-serif;\">\u201cUrge que sigamos el proyecto de la presa Santa Mar\u00eda, es algo que hemos estado impulsando para que no se retrase m\u00e1s; este sur-sur necesita agua para convertir sus valles, que no son poca cosa, los valles de Mazatl\u00e1n tienen 45 mil hect\u00e1reas que necesitamos regar con agua rodada tanto de la Santa Mar\u00eda como de la Picachos, este un proyecto hidr\u00e1ulico de la mayor envergadura para hacer que la regi\u00f3n salta adelante\u201d, puntualiz\u00f3.&nbsp;<\/span><\/p>\n<p style=\"text-align: justify;\">&nbsp;<\/p>\n<p class=\"x_MsoNormal\" style=\"text-align: justify;\"><span style=\"font-size: 14pt; font-family: arial, helvetica, sans-serif;\">El abanderado com\u00fan de Morena y el PAS recalc\u00f3 que es un compromiso del presidente Andr\u00e9s Manuel L\u00f3pez Obrador que en el presupuesto federal no paren los recursos para estas obras, particularmente para la presa Santa Mar\u00eda.&nbsp;<\/span><\/p>\n<p style=\"text-align: justify;\">&nbsp;<\/p>\n<p class=\"x_MsoNormal\" style=\"text-align: justify;\"><span style=\"font-size: 14pt; font-family: arial, helvetica, sans-serif;\">Rub\u00e9n Rocha Moya fue acompa\u00f1ado en el pres\u00eddium por la candidata com\u00fan Morena-PAS a la presidenta municipal de Escuinapa, Blanca Estela Garc\u00eda S\u00e1nchez; la candidata de ambos partidos a la diputaci\u00f3n por el Distrito 24, Rosario Guadalupe Sarabia Soto; y el presidente estatal del Partido Sinaloense, H\u00e9ctor Melesio Cu\u00e9n Ojeda.&nbsp;<\/span><\/p>\n<p style=\"text-align: justify;\">&nbsp;<\/p>\n<p class=\"x_MsoNormal\" style=\"text-align: justify;\"><span style=\"font-size: 14pt; font-family: arial, helvetica, sans-serif;\">La jornada de campa\u00f1a por el sur de Sinaloa incluye un encuentro en El Rosario con Claudia Liliana Valdez Aguilar, candidata com\u00fan Morena-PAS a la presidencia municipal; un evento en Concordia con Ra\u00fal D\u00edaz Bernal, candidato de esta alianza a la alcald\u00eda; y cerrar\u00e1 con una caravana de carros en Mazatl\u00e1n a las 6:00 de la tarde.<\/span><\/p>\n<p style=\"text-align: justify;\">&nbsp;<\/p>\n<p style=\"text-align: justify;\">&nbsp;<\/p>\n<p style=\"text-align: justify;\"><span style=\"font-size: 14pt; font-family: arial, helvetica, sans-serif;\">REDACCI\u00d3N\/VISI\u00d3N CIUDADANA.<\/span><\/p>\n","protected":false},"excerpt":{"rendered":"<p>El candidato de la alianza Morena-PAS a la gubernatura, Rub\u00e9n Rocha Moya, afirm\u00f3 que lleg\u00f3 la hora de transformar el \u201csur-sur\u201d de Sinaloa, pues el estado no llega hasta Mazatl\u00e1n y la regi\u00f3n tiene gran riqueza humana y un gran potencial productivo, pero los gobiernos del PRIAN la han tenido en el olvido.&nbsp; &nbsp; \u201cVamos [&hellip;]<\/p>\n","protected":false},"author":1,"featured_media":182,"comment_status":"closed","ping_status":"closed","sticky":false,"template":"","format":"standard","meta":{"footnotes":""},"categories":[13],"tags":[],"ppma_author":[31],"class_list":["post-16635","post","type-post","status-publish","format-standard","has-post-thumbnail","hentry","category-locales"],"aioseo_notices":[],"authors":[{"term_id":31,"user_id":1,"is_guest":0,"slug":"ivan3vino","display_name":"Iv\u00e1n Trevi\u00f1o","avatar_url":{"url":"https:\/\/visionciudadana.com.mx\/oficial\/wp-content\/uploads\/2025\/09\/columna-ivan-Trevino.png","url2x":"https:\/\/visionciudadana.com.mx\/oficial\/wp-content\/uploads\/2025\/09\/columna-ivan-Trevino.png"},"0":null,"1":"","2":"","3":"","4":"","5":"","6":"","7":"","8":""}],"_links":{"self":[{"href":"https:\/\/visionciudadana.com.mx\/oficial\/wp-json\/wp\/v2\/posts\/16635","targetHints":{"allow":["GET"]}}],"collection":[{"href":"https:\/\/visionciudadana.com.mx\/oficial\/wp-json\/wp\/v2\/posts"}],"about":[{"href":"https:\/\/visionciudadana.com.mx\/oficial\/wp-json\/wp\/v2\/types\/post"}],"author":[{"embeddable":true,"href":"https:\/\/visionciudadana.com.mx\/oficial\/wp-json\/wp\/v2\/users\/1"}],"replies":[{"embeddable":true,"href":"https:\/\/visionciudadana.com.mx\/oficial\/wp-json\/wp\/v2\/comments?post=16635"}],"version-history":[{"count":1,"href":"https:\/\/visionciudadana.com.mx\/oficial\/wp-json\/wp\/v2\/posts\/16635\/revisions"}],"predecessor-version":[{"id":31212,"href":"https:\/\/visionciudadana.com.mx\/oficial\/wp-json\/wp\/v2\/posts\/16635\/revisions\/31212"}],"wp:featuredmedia":[{"embeddable":true,"href":"https:\/\/visionciudadana.com.mx\/oficial\/wp-json\/wp\/v2\/media\/182"}],"wp:attachment":[{"href":"https:\/\/visionciudadana.com.mx\/oficial\/wp-json\/wp\/v2\/media?parent=16635"}],"wp:term":[{"taxonomy":"category","embeddable":true,"href":"https:\/\/visionciudadana.com.mx\/oficial\/wp-json\/wp\/v2\/categories?post=16635"},{"taxonomy":"post_tag","embeddable":true,"href":"https:\/\/visionciudadana.com.mx\/oficial\/wp-json\/wp\/v2\/tags?post=16635"},{"taxonomy":"author","embeddable":true,"href":"https:\/\/visionciudadana.com.mx\/oficial\/wp-json\/wp\/v2\/ppma_author?post=16635"}],"curies":[{"name":"wp","href":"https:\/\/api.w.org\/{rel}","templated":true}]}}