{"id":16634,"date":"2021-04-07T19:51:12","date_gmt":"2021-04-07T19:51:12","guid":{"rendered":"https:\/\/visionciudadana.com.mx\/chio\/2021\/04\/07\/la-region-del-evora-sera-prioridad-en-mi-gobierno-sergio-torres\/"},"modified":"2025-06-25T00:16:37","modified_gmt":"2025-06-25T00:16:37","slug":"la-region-del-evora-sera-prioridad-en-mi-gobierno-sergio-torres","status":"publish","type":"post","link":"https:\/\/visionciudadana.com.mx\/oficial\/2021\/04\/07\/la-region-del-evora-sera-prioridad-en-mi-gobierno-sergio-torres\/","title":{"rendered":"La regi\u00f3n del Evora ser\u00e1 prioridad en mi gobierno: Sergio Torres"},"content":{"rendered":"<div><img fetchpriority=\"high\" decoding=\"async\" src=\"images\/abril21\/st-guamuchil.jpg\" alt=\"st guamuchil\" width=\"720\" height=\"480\" style=\"display: block; margin: 20px auto;\" \/><\/div>\n<div>&nbsp;<\/div>\n<div style=\"text-align: justify;\"><span style=\"font-size: 14pt; font-family: arial, helvetica, sans-serif;\">Ni ellos creen ese aumento que dicen sus encuestas: uno va en picada y el otro no no levanta, la \u00fanica opci\u00f3n que crece cada d\u00eda, que tiene en sus candidaturas gente nueva, ganadora, es Movimiento Ciudadano, las alianzas reciclaron nada,m\u00e1s a los de la pasada elecci\u00f3n, la mayor\u00eda, perdedores.<\/span><\/div>\n<div style=\"text-align: justify;\"><span style=\"font-size: 14pt; font-family: arial, helvetica, sans-serif;\"><\/span><\/div>\n<div style=\"text-align: justify;\">&nbsp;<\/div>\n<div style=\"text-align: justify;\"><span style=\"font-size: 14pt; font-family: arial, helvetica, sans-serif;\">As\u00ed se expres\u00f3 Sergio Torres, candidato al gobierno de Sinaloa por MC, al realizar sendos recorridos por las cabeceras municipales de Mocorito y Salvador Alvarado, donde recibi\u00f3 un entusiasta apoyo de cientos de familias y comerciantes, y lo felicitaron por atreverse a decir las cosas por su nombre, su honestidad, trayectoria y especialmente su experiencia como gobernante luego de tres a\u00f1os al frente del ayuntamiento de Culiac\u00e1n con magn\u00edficos resultados.<\/span><\/div>\n<div style=\"text-align: justify;\">&nbsp;<\/div>\n<div style=\"text-align: justify;\"><span style=\"font-size: 14pt; font-family: arial, helvetica, sans-serif;\"><\/span><\/div>\n<div style=\"text-align: justify;\"><span style=\"font-size: 14pt; font-family: arial, helvetica, sans-serif;\">Ante diversos grupos de comerciantes, y familias que acudieron a conversar con el candidato, expres\u00f3 que ser\u00e1n tres los temas prioritarios al inicio de su gobierno: la salud de todos y todas, con vacuna universal contra el covid; reducir los niveles de inseguridad en el estado y un amplio programa de estimulaci\u00f3n al emprendedurismo y empresas para revertir el desempleo actual.<\/span><\/div>\n<div style=\"text-align: justify;\">&nbsp;<\/div>\n<div style=\"text-align: justify;\"><span style=\"font-size: 14pt; font-family: arial, helvetica, sans-serif;\"><\/span><\/div>\n<div style=\"text-align: justify;\"><span style=\"font-size: 14pt; font-family: arial, helvetica, sans-serif;\">Formaremos, dijo Sergio Torres, una gran alianza con los hombres y mujeres de empresas, y juntos vamos a ayudar a la gente de trabajo. Con apoyos efectivos, como facilitadores para el nacimiento y crecimiento de nuevas empresas que permitan generar nuevas y mejores fuentes de trabajo.<\/span><\/div>\n<div style=\"text-align: justify;\">&nbsp;<\/div>\n<div style=\"text-align: justify;\"><span style=\"font-size: 14pt; font-family: arial, helvetica, sans-serif;\"><\/span><\/div>\n<div style=\"text-align: justify;\"><span style=\"font-size: 14pt; font-family: arial, helvetica, sans-serif;\">Urge resolver el problema econ\u00f3mico en que nos ha metido el gobierno federal, para evitar que crezca la delincuencia; que la juventud encuentre oportunidades reales y l\u00edcita.<\/span><\/div>\n<div style=\"text-align: justify;\">&nbsp;<\/div>\n<div style=\"text-align: justify;\">&nbsp;<\/div>\n<div style=\"text-align: justify;\"><span style=\"font-size: 14pt; font-family: arial, helvetica, sans-serif;\">REDACCI\u00d3N\/VISI\u00d3N CIUDADANA.<\/span><\/div>\n","protected":false},"excerpt":{"rendered":"<p>&nbsp; Ni ellos creen ese aumento que dicen sus encuestas: uno va en picada y el otro no no levanta, la \u00fanica opci\u00f3n que crece cada d\u00eda, que tiene en sus candidaturas gente nueva, ganadora, es Movimiento Ciudadano, las alianzas reciclaron nada,m\u00e1s a los de la pasada elecci\u00f3n, la mayor\u00eda, perdedores. &nbsp; As\u00ed se expres\u00f3 [&hellip;]<\/p>\n","protected":false},"author":1,"featured_media":180,"comment_status":"closed","ping_status":"closed","sticky":false,"template":"","format":"standard","meta":{"footnotes":""},"categories":[24],"tags":[],"ppma_author":[31],"class_list":["post-16634","post","type-post","status-publish","format-standard","has-post-thumbnail","hentry","category-relevantes"],"aioseo_notices":[],"authors":[{"term_id":31,"user_id":1,"is_guest":0,"slug":"ivan3vino","display_name":"Iv\u00e1n Trevi\u00f1o","avatar_url":{"url":"https:\/\/visionciudadana.com.mx\/oficial\/wp-content\/uploads\/2025\/09\/columna-ivan-Trevino.png","url2x":"https:\/\/visionciudadana.com.mx\/oficial\/wp-content\/uploads\/2025\/09\/columna-ivan-Trevino.png"},"0":null,"1":"","2":"","3":"","4":"","5":"","6":"","7":"","8":""}],"_links":{"self":[{"href":"https:\/\/visionciudadana.com.mx\/oficial\/wp-json\/wp\/v2\/posts\/16634","targetHints":{"allow":["GET"]}}],"collection":[{"href":"https:\/\/visionciudadana.com.mx\/oficial\/wp-json\/wp\/v2\/posts"}],"about":[{"href":"https:\/\/visionciudadana.com.mx\/oficial\/wp-json\/wp\/v2\/types\/post"}],"author":[{"embeddable":true,"href":"https:\/\/visionciudadana.com.mx\/oficial\/wp-json\/wp\/v2\/users\/1"}],"replies":[{"embeddable":true,"href":"https:\/\/visionciudadana.com.mx\/oficial\/wp-json\/wp\/v2\/comments?post=16634"}],"version-history":[{"count":1,"href":"https:\/\/visionciudadana.com.mx\/oficial\/wp-json\/wp\/v2\/posts\/16634\/revisions"}],"predecessor-version":[{"id":31213,"href":"https:\/\/visionciudadana.com.mx\/oficial\/wp-json\/wp\/v2\/posts\/16634\/revisions\/31213"}],"wp:featuredmedia":[{"embeddable":true,"href":"https:\/\/visionciudadana.com.mx\/oficial\/wp-json\/wp\/v2\/media\/180"}],"wp:attachment":[{"href":"https:\/\/visionciudadana.com.mx\/oficial\/wp-json\/wp\/v2\/media?parent=16634"}],"wp:term":[{"taxonomy":"category","embeddable":true,"href":"https:\/\/visionciudadana.com.mx\/oficial\/wp-json\/wp\/v2\/categories?post=16634"},{"taxonomy":"post_tag","embeddable":true,"href":"https:\/\/visionciudadana.com.mx\/oficial\/wp-json\/wp\/v2\/tags?post=16634"},{"taxonomy":"author","embeddable":true,"href":"https:\/\/visionciudadana.com.mx\/oficial\/wp-json\/wp\/v2\/ppma_author?post=16634"}],"curies":[{"name":"wp","href":"https:\/\/api.w.org\/{rel}","templated":true}]}}