{"id":16633,"date":"2021-04-07T00:15:20","date_gmt":"2021-04-07T00:15:20","guid":{"rendered":"https:\/\/visionciudadana.com.mx\/chio\/2021\/04\/07\/tercer-dia-de-campana-de-la-unidad-pas-morena\/"},"modified":"2025-06-25T00:16:38","modified_gmt":"2025-06-25T00:16:38","slug":"tercer-dia-de-campana-de-la-unidad-pas-morena","status":"publish","type":"post","link":"https:\/\/visionciudadana.com.mx\/oficial\/2021\/04\/07\/tercer-dia-de-campana-de-la-unidad-pas-morena\/","title":{"rendered":"Tercer d\u00eda de campa\u00f1a de la unidad PAS-MORENA."},"content":{"rendered":"<p><img fetchpriority=\"high\" decoding=\"async\" src=\"images\/abril21\/angostura-rocha-cuen.jpg\" alt=\"angostura rocha cuen\" width=\"720\" height=\"480\" style=\"display: block; margin: 20px auto;\" \/><\/p>\n<p style=\"text-align: justify;\"><span style=\"font-size: 14pt; font-family: arial, helvetica, sans-serif;\">Rub\u00e9n Rocha Moya, candidato a gobernador del estado de Sinaloa expres\u00f3 que en los 5 d\u00edas de esta semana se visitar\u00e1n los 18 municipios de la entidad. Iniciamos en Culiac\u00e1n con varios eventos y ya visitamos Badiraguato, Ahome, El Fuerte, Choix, Sinaloa municipio y Guasave. En este tercer d\u00eda de campa\u00f1a cubriremos los municipios de Angostura y Navolato.<\/span><\/p>\n<p><span style=\"font-size: 14pt; font-family: arial, helvetica, sans-serif;\"> <\/span><\/p>\n<p style=\"text-align: justify;\"><span style=\"font-size: 14pt; font-family: arial, helvetica, sans-serif;\">En todos los eventos, Rub\u00e9n Rocha Moya ha sido acompa\u00f1ado por H\u00e9ctor Melesio Cu\u00e9n Ojeda, presidente del Partido Sinaloense, los candidatos a presidentes municipales y diputados de los lugares visitados.<\/span><\/p>\n<p><span style=\"font-size: 14pt; font-family: arial, helvetica, sans-serif;\"> <\/span><\/p>\n<p style=\"text-align: justify;\"><span style=\"font-size: 14pt; font-family: arial, helvetica, sans-serif;\">Hoy martes 6 iniciamos en la comunidad de Costa Azul del municipio de Angostura en donde estuvieron presentes cientos de pobladores de este campo pesquero guardando las medidas sanitarias recomendados por el sector salud, como es el uso del cubrebocas y guardar la sana distancia.<\/span><\/p>\n<p><span style=\"font-size: 14pt; font-family: arial, helvetica, sans-serif;\"> <\/span><\/p>\n<p style=\"text-align: justify;\"><span style=\"font-size: 14pt; font-family: arial, helvetica, sans-serif;\">Rub\u00e9n Rocha Moya expres\u00f3 que el principal objetivo a cumplir cuando sea gobernador es que en Sinaloa se aplique la Cuarta Transformaci\u00f3n impulsada por el presidente de la republica Andr\u00e9s L\u00f3pez Obrador, lo cual significa que las pol\u00edticas sociales a implementar tengan como prop\u00f3sito ayudar a la gente m\u00e1s pobre. Tomaremos como base los programas sociales que a nivel federal se est\u00e1n implementando y que tienen como beneficiarios a las personas de la tercera edad, a las madres solteras, a los estudiantes y j\u00f3venes para garantizar que no se incorporen a la delincuencia.<\/span><\/p>\n<p><span style=\"font-size: 14pt; font-family: arial, helvetica, sans-serif;\"> <\/span><\/p>\n<p style=\"text-align: justify;\"><span style=\"font-size: 14pt; font-family: arial, helvetica, sans-serif;\">El primer paso a concretar es eliminar la corrupci\u00f3n, pues haci\u00e9ndolo el Estado tendr\u00e1 los recursos suficientes para la aplicaci\u00f3n de estos programas de car\u00e1cter social, detall\u00f3 Rocha Moya.<\/span><\/p>\n<p><span style=\"font-size: 14pt; font-family: arial, helvetica, sans-serif;\"> <\/span><\/p>\n<p style=\"text-align: justify;\"><span style=\"font-size: 14pt; font-family: arial, helvetica, sans-serif;\">Cu\u00e9n Ojeda expres\u00f3 que en el Partido Sinaloense no existe ninguna duda en apoyar al Dr. Rub\u00e9n Rocha Moya dado que ha demostrado ser una persona acad\u00e9mica, culta y preparada, lo cual Sinaloa en este momento es lo que requiere. Tuvimos la suerte de que Rocha Moya y un servidor fu\u00e9ramos rectores de la Universidad Aut\u00f3noma de Sinaloa, y con lo que el sembr\u00f3 se ha tenido la oportunidad de reformar a la UAS para colocarla entre las primeras instituciones del pa\u00eds por su cobertura y calidad acad\u00e9mica. La reforma que un servidor impuls\u00f3 en la Instituci\u00f3n Rosalina tuvo su origen en los cambios que Rocha Moya hizo a la Ley Org\u00e1nica de la UAS.<\/span><\/p>\n<p><span style=\"font-size: 14pt; font-family: arial, helvetica, sans-serif;\"> <\/span><\/p>\n<p style=\"text-align: justify;\"><span style=\"font-size: 14pt; font-family: arial, helvetica, sans-serif;\">En el evento estuvieron presentes Perfecto Alonso Ruelas \u201cEl Chito\u201d, candidato a la presidencia municipal de Angostura y el maestro Ambrosio Ch\u00e1vez Ch\u00e1vez, que aspira a ser diputado por el distrito # 9. &nbsp;&nbsp;<\/span><\/p>\n<p style=\"text-align: justify;\"><span style=\"font-size: 14pt; font-family: arial, helvetica, sans-serif;\"><strong>&nbsp;<\/strong><\/span><\/p>\n<p style=\"text-align: justify;\"><span style=\"font-size: 14pt; font-family: arial, helvetica, sans-serif;\"><strong>&nbsp;<\/strong><\/span><\/p>\n<p style=\"text-align: justify;\"><span style=\"font-size: 14pt; font-family: arial, helvetica, sans-serif;\"><strong>&nbsp;<\/strong><\/span><\/p>\n<p style=\"text-align: justify;\"><span style=\"font-size: 14pt; font-family: arial, helvetica, sans-serif;\"><strong>&nbsp;<\/strong><\/span><\/p>\n<p style=\"text-align: justify;\"><span style=\"font-size: 14pt; font-family: arial, helvetica, sans-serif;\"><strong>&nbsp;<\/strong><\/span><\/p>\n<p style=\"text-align: justify;\"><span style=\"font-size: 14pt; font-family: arial, helvetica, sans-serif;\">REDACCION\/VISIONCIUDADANA<\/span><\/p>\n","protected":false},"excerpt":{"rendered":"<p>Rub\u00e9n Rocha Moya, candidato a gobernador del estado de Sinaloa expres\u00f3 que en los 5 d\u00edas de esta semana se visitar\u00e1n los 18 municipios de la entidad. Iniciamos en Culiac\u00e1n con varios eventos y ya visitamos Badiraguato, Ahome, El Fuerte, Choix, Sinaloa municipio y Guasave. En este tercer d\u00eda de campa\u00f1a cubriremos los municipios de [&hellip;]<\/p>\n","protected":false},"author":1,"featured_media":178,"comment_status":"closed","ping_status":"closed","sticky":false,"template":"","format":"standard","meta":{"footnotes":""},"categories":[24],"tags":[],"ppma_author":[31],"class_list":["post-16633","post","type-post","status-publish","format-standard","has-post-thumbnail","hentry","category-relevantes"],"aioseo_notices":[],"authors":[{"term_id":31,"user_id":1,"is_guest":0,"slug":"ivan3vino","display_name":"Iv\u00e1n Trevi\u00f1o","avatar_url":{"url":"https:\/\/visionciudadana.com.mx\/oficial\/wp-content\/uploads\/2025\/09\/columna-ivan-Trevino.png","url2x":"https:\/\/visionciudadana.com.mx\/oficial\/wp-content\/uploads\/2025\/09\/columna-ivan-Trevino.png"},"0":null,"1":"","2":"","3":"","4":"","5":"","6":"","7":"","8":""}],"_links":{"self":[{"href":"https:\/\/visionciudadana.com.mx\/oficial\/wp-json\/wp\/v2\/posts\/16633","targetHints":{"allow":["GET"]}}],"collection":[{"href":"https:\/\/visionciudadana.com.mx\/oficial\/wp-json\/wp\/v2\/posts"}],"about":[{"href":"https:\/\/visionciudadana.com.mx\/oficial\/wp-json\/wp\/v2\/types\/post"}],"author":[{"embeddable":true,"href":"https:\/\/visionciudadana.com.mx\/oficial\/wp-json\/wp\/v2\/users\/1"}],"replies":[{"embeddable":true,"href":"https:\/\/visionciudadana.com.mx\/oficial\/wp-json\/wp\/v2\/comments?post=16633"}],"version-history":[{"count":1,"href":"https:\/\/visionciudadana.com.mx\/oficial\/wp-json\/wp\/v2\/posts\/16633\/revisions"}],"predecessor-version":[{"id":31214,"href":"https:\/\/visionciudadana.com.mx\/oficial\/wp-json\/wp\/v2\/posts\/16633\/revisions\/31214"}],"wp:featuredmedia":[{"embeddable":true,"href":"https:\/\/visionciudadana.com.mx\/oficial\/wp-json\/wp\/v2\/media\/178"}],"wp:attachment":[{"href":"https:\/\/visionciudadana.com.mx\/oficial\/wp-json\/wp\/v2\/media?parent=16633"}],"wp:term":[{"taxonomy":"category","embeddable":true,"href":"https:\/\/visionciudadana.com.mx\/oficial\/wp-json\/wp\/v2\/categories?post=16633"},{"taxonomy":"post_tag","embeddable":true,"href":"https:\/\/visionciudadana.com.mx\/oficial\/wp-json\/wp\/v2\/tags?post=16633"},{"taxonomy":"author","embeddable":true,"href":"https:\/\/visionciudadana.com.mx\/oficial\/wp-json\/wp\/v2\/ppma_author?post=16633"}],"curies":[{"name":"wp","href":"https:\/\/api.w.org\/{rel}","templated":true}]}}