{"id":16632,"date":"2021-04-06T23:38:58","date_gmt":"2021-04-06T23:38:58","guid":{"rendered":"https:\/\/visionciudadana.com.mx\/chio\/2021\/04\/06\/mil-brigadistas-universitarios-apoyan-en-vacunacion-contra-covid-19-en-culiacan\/"},"modified":"2025-06-25T00:16:38","modified_gmt":"2025-06-25T00:16:38","slug":"mil-brigadistas-universitarios-apoyan-en-vacunacion-contra-covid-19-en-culiacan","status":"publish","type":"post","link":"https:\/\/visionciudadana.com.mx\/oficial\/2021\/04\/06\/mil-brigadistas-universitarios-apoyan-en-vacunacion-contra-covid-19-en-culiacan\/","title":{"rendered":"Mil brigadistas universitarios apoyan en vacunaci\u00f3n contra COVID-19 en Culiac\u00e1n"},"content":{"rendered":"<p><img fetchpriority=\"high\" decoding=\"async\" src=\"images\/abril21\/mil-brigadistas-2.jpg\" alt=\"mil brigadistas 2\" width=\"720\" height=\"480\" style=\"display: block; margin: 20px auto;\" \/><\/p>\n<p style=\"text-align: justify;\"><span style=\"font-size: 14pt; font-family: arial, helvetica, sans-serif;\">La Universidad Aut\u00f3noma de Sinaloa (UAS) a trav\u00e9s de su Rector, doctor Juan Eulogio Guerra Liera, dio el banderazo de salida a cerca de mil brigadistas universitarios para apoyar la Jornada de Vacunaci\u00f3n contra el COVID-19 en el municipio de Culiac\u00e1n, adem\u00e1s abri\u00f3 las instalaciones de su Facultad de Medicina, de la Torre Acad\u00e9mica y de la Preparatoria Zapata como centros de vacunaci\u00f3n.<\/span><\/p>\n<p>&nbsp;<\/p>\n<p style=\"text-align: justify;\"><span style=\"font-size: 14pt; font-family: arial, helvetica, sans-serif;\">\u201cEs de una gran relevancia el hecho de que la Universidad pueda mostrar su empat\u00eda y compromiso con esta causa para poder ayudar a quienes ser\u00e1n vacunados (\u2026) sobre todo llevar un mensaje de estar muy comprometidos en este proceso de vacunaci\u00f3n (\u2026) aproximadamente con estos muchachos, estos mil, tenemos 2 mil 800 j\u00f3venes diseminados por todos los municipios del estado siguiendo las indicaciones para llevar esta vacuna y que son de 13 unidades acad\u00e9micas\u201d, detall\u00f3 el Rector.<\/span><\/p>\n<p>&nbsp;<\/p>\n<p style=\"text-align: justify;\"><span style=\"font-size: 14pt; font-family: arial, helvetica, sans-serif;\">El Estadio Universitario fue el punto de reuni\u00f3n de los brigadistas y desde all\u00ed salieron en siete camiones, cuatro camionetas y dos ambulancias, todas propiedad de la instituci\u00f3n, para ser trasladados a los 12 centros de vacunaci\u00f3n que este d\u00eda se abrieron en la capital del estado para iniciar a vacunar a 115 mil adultos mayores de 60 a\u00f1os.<\/span><\/p>\n<p>&nbsp;<\/p>\n<p style=\"text-align: justify;\"><span style=\"font-size: 14pt; font-family: arial, helvetica, sans-serif;\">\u201cTrataremos que esta jornada que hoy empieza sea muy eficaz pero se requiere del apoyo de la poblaci\u00f3n, no hay que desesperarse (\u2026) ya nos confirmaron que hay vacunas para todos los mayores de 60 a\u00f1os, hay que mostrar nuestra cultura y respeto (\u2026) este gran procedimiento masivo de vacunaci\u00f3n que hoy es en Culiac\u00e1n, ma\u00f1ana se continuar\u00e1 en Mazatl\u00e1n, y los brigadistas de la Universidad Aut\u00f3noma de Sinaloa han estado y seguir\u00e1n estando en los 18 municipios donde este programa de vacunaci\u00f3n se est\u00e9 llevando a cabo\u201d, enfatiz\u00f3 el Rector.<\/span><\/p>\n<p>&nbsp;<\/p>\n<p style=\"text-align: justify;\"><span style=\"font-size: 14pt; font-family: arial, helvetica, sans-serif;\">Explic\u00f3 que la UAS registr\u00f3 como centros de vacunaci\u00f3n las instalaciones de la Facultad de Medicina y la Torre Acad\u00e9mica, la cual abarca tambi\u00e9n la Preparatoria Emiliano Zapata; en la Torre Acad\u00e9mica se dispuso un protocolo para atender en sus autos a los adultos mayores de 80 a\u00f1os, los cuales son registrados en este punto para pasar a Ciudad Universitaria y ser vacunados enfrente de la Facultad de Qu\u00edmica y luego esperar en los estacionamientos del Campus la media hora que se requiere para la observaci\u00f3n establecida.<\/span><\/p>\n<p>&nbsp;<\/p>\n<p style=\"text-align: justify;\"><span style=\"font-size: 14pt; font-family: arial, helvetica, sans-serif;\">En la Preparatoria Zapata y en la Facultad de Medicina se trabaj\u00f3 de la misma forma que en el resto de los centros de vacunaci\u00f3n.<\/span><\/p>\n<p>&nbsp;<\/p>\n<p style=\"text-align: justify;\"><span style=\"font-size: 14pt; font-family: arial, helvetica, sans-serif;\">\u201cQu\u00e9 mejor que nuestros estudiantes que est\u00e1n finalizando su ense\u00f1anza educativa en el \u00e1rea de la salud y que de manera voluntaria sean quienes muestren el rostro de la Universidad, el rostro de la ciencia y tecnolog\u00eda y empiecen a vacunar a nuestros solicitantes; hoy la Universidad como bien p\u00fablico pone a disposici\u00f3n de la sociedad todo lo que tiene, que es de la sociedad, no s\u00f3lo la preparaci\u00f3n de sus hijos, sino en situaciones como estas sale a trabajar para reducir al m\u00ednimo el riesgo de esta pandemia (\u2026) hace unos d\u00edas se dio a conocer por el INEGI la encuesta sobre los grados de confiabilidad de las instituciones y quienes salen en primer lugar son las universidades y eventos como esto refrendan esa confianza que a sociedad le tiene\u201d, extern\u00f3.<\/span><\/p>\n<p>&nbsp;<\/p>\n<p style=\"text-align: justify;\"><span style=\"font-size: 14pt; font-family: arial, helvetica, sans-serif;\">Por su parte el delegado de Programas Federales, ingeniero Jaime Montes Salas, inform\u00f3 que en Sinaloa se han vacunado 168 mil ciudadanos mayores de 60 a\u00f1os, y cerca de 48 mil trabajadores del sector salud, de tal forma que en 13 municipios se ha cubierto al 100 por ciento esta poblaci\u00f3n.<\/span><\/p>\n<p>&nbsp;<\/p>\n<p style=\"text-align: justify;\"><span style=\"font-size: 14pt; font-family: arial, helvetica, sans-serif;\">\u201cEstamos muy contentos, agradecidos con todos por su cooperaci\u00f3n, los tres \u00f3rdenes de Gobierno estamos muy coordinados, y hemos avanzado en este porcentaje donde llevamos poco m\u00e1s del 40 por ciento de la poblaci\u00f3n estatal, de los 403 mil que esperamos vacunar en Sinaloa, estamos contentos con la cooperaci\u00f3n de todos los voluntarios de la UAS (\u2026) todos los adultos mayores tienen asegurada ya (una vacuna) porque la tenemos en nuestro poder la vacuna ya para que sean atendidos todos, son 115 mil en el municipio, son 86 mil en la ciudad, y tenemos 168 mil vacunas ya en la red de fr\u00edo custodiadas\u201d, dijo Montes Salas.<\/span><\/p>\n<p>&nbsp;<\/p>\n<p style=\"text-align: justify;\"><span style=\"font-size: 14pt; font-family: arial, helvetica, sans-serif;\">El Secretario de Salud del Estado, doctor Efr\u00e9n Encinas Torres, ponder\u00f3 el apoyo que la UAS ha brindado con los 30 ultracongeladores para el resguardo de las vacunas lo que permiti\u00f3 ser una zona nodal de distribuci\u00f3n de la misma y ser uno de los estados que primero levant\u00f3 la mano para decir que se contaba con ese equipo.<\/span><\/p>\n<p>&nbsp;<\/p>\n<p style=\"text-align: justify;\"><span style=\"font-size: 14pt; font-family: arial, helvetica, sans-serif;\">\u201cHa ido bajando el n\u00famero de casos y de hospitalizaciones, por ejemplo, contamos solo con 14 por ciento de ocupaci\u00f3n hospitalaria, es decir, una capacidad de respuesta de m\u00e1s del 80 por ciento, estamos preparados en caso de que se d\u00e9 un repunte de casos, en el sector institucional de salud poder atenderlos, y estas campa\u00f1as de vacunaci\u00f3n han sido muy importantes\u201d, expres\u00f3 Encinas Torres.<\/span><\/p>\n<p>&nbsp;<\/p>\n<p style=\"text-align: justify;\"><span style=\"font-size: 14pt; font-family: arial, helvetica, sans-serif;\">Tambi\u00e9n el delegado del IMSS en Sinaloa, doctor Rafael L\u00f3pez Oca\u00f1a, reconoci\u00f3 la participaci\u00f3n y apoyo de la Universidad Aut\u00f3noma de Sinaloa en la Jornada Nacional de Vacunaci\u00f3n, primero con los 30 ultracongeladores y ahora con sus brigadistas, logrando que con ello se logre que sea una vacunaci\u00f3n m\u00e1s fluida.<\/span><\/p>\n<p>&nbsp;<\/p>\n<p style=\"text-align: justify;\"><span style=\"font-size: 14pt; font-family: arial, helvetica, sans-serif;\">En cuanto a la vacunaci\u00f3n a los trabajadores universitarios, el Rector inform\u00f3 que las autoridades federales cambiaron la estrategia y decidieron seguir vacunando a la poblaci\u00f3n para evitar o minimizar los efectos de una tercera ola de la pandemia, de tal forma que los docentes tendr\u00e1n que esperar para regresar a dar clases presenciales.<\/span><\/p>\n<p>&nbsp;<\/p>\n<p>&nbsp;<\/p>\n<p>&nbsp;<\/p>\n<p>&nbsp;<\/p>\n<p>&nbsp;<\/p>\n<p style=\"text-align: justify;\"><span style=\"font-size: 14pt; font-family: arial, helvetica, sans-serif;\">REDACCION\/VISIONCIUDADANA<\/span><\/p>\n","protected":false},"excerpt":{"rendered":"<p>La Universidad Aut\u00f3noma de Sinaloa (UAS) a trav\u00e9s de su Rector, doctor Juan Eulogio Guerra Liera, dio el banderazo de salida a cerca de mil brigadistas universitarios para apoyar la Jornada de Vacunaci\u00f3n contra el COVID-19 en el municipio de Culiac\u00e1n, adem\u00e1s abri\u00f3 las instalaciones de su Facultad de Medicina, de la Torre Acad\u00e9mica y [&hellip;]<\/p>\n","protected":false},"author":1,"featured_media":176,"comment_status":"closed","ping_status":"closed","sticky":false,"template":"","format":"standard","meta":{"footnotes":""},"categories":[24],"tags":[],"ppma_author":[31],"class_list":["post-16632","post","type-post","status-publish","format-standard","has-post-thumbnail","hentry","category-relevantes"],"aioseo_notices":[],"authors":[{"term_id":31,"user_id":1,"is_guest":0,"slug":"ivan3vino","display_name":"Iv\u00e1n Trevi\u00f1o","avatar_url":{"url":"https:\/\/visionciudadana.com.mx\/oficial\/wp-content\/uploads\/2025\/09\/columna-ivan-Trevino.png","url2x":"https:\/\/visionciudadana.com.mx\/oficial\/wp-content\/uploads\/2025\/09\/columna-ivan-Trevino.png"},"0":null,"1":"","2":"","3":"","4":"","5":"","6":"","7":"","8":""}],"_links":{"self":[{"href":"https:\/\/visionciudadana.com.mx\/oficial\/wp-json\/wp\/v2\/posts\/16632","targetHints":{"allow":["GET"]}}],"collection":[{"href":"https:\/\/visionciudadana.com.mx\/oficial\/wp-json\/wp\/v2\/posts"}],"about":[{"href":"https:\/\/visionciudadana.com.mx\/oficial\/wp-json\/wp\/v2\/types\/post"}],"author":[{"embeddable":true,"href":"https:\/\/visionciudadana.com.mx\/oficial\/wp-json\/wp\/v2\/users\/1"}],"replies":[{"embeddable":true,"href":"https:\/\/visionciudadana.com.mx\/oficial\/wp-json\/wp\/v2\/comments?post=16632"}],"version-history":[{"count":1,"href":"https:\/\/visionciudadana.com.mx\/oficial\/wp-json\/wp\/v2\/posts\/16632\/revisions"}],"predecessor-version":[{"id":31215,"href":"https:\/\/visionciudadana.com.mx\/oficial\/wp-json\/wp\/v2\/posts\/16632\/revisions\/31215"}],"wp:featuredmedia":[{"embeddable":true,"href":"https:\/\/visionciudadana.com.mx\/oficial\/wp-json\/wp\/v2\/posts\/176"}],"wp:attachment":[{"href":"https:\/\/visionciudadana.com.mx\/oficial\/wp-json\/wp\/v2\/media?parent=16632"}],"wp:term":[{"taxonomy":"category","embeddable":true,"href":"https:\/\/visionciudadana.com.mx\/oficial\/wp-json\/wp\/v2\/categories?post=16632"},{"taxonomy":"post_tag","embeddable":true,"href":"https:\/\/visionciudadana.com.mx\/oficial\/wp-json\/wp\/v2\/tags?post=16632"},{"taxonomy":"author","embeddable":true,"href":"https:\/\/visionciudadana.com.mx\/oficial\/wp-json\/wp\/v2\/ppma_author?post=16632"}],"curies":[{"name":"wp","href":"https:\/\/api.w.org\/{rel}","templated":true}]}}