{"id":16629,"date":"2021-04-06T19:52:14","date_gmt":"2021-04-06T19:52:14","guid":{"rendered":"https:\/\/visionciudadana.com.mx\/chio\/2021\/04\/06\/vendere-los-aviones-helicopteros-y-la-casa-de-playa-del-gobierno-estatal-stf\/"},"modified":"2025-06-25T00:16:38","modified_gmt":"2025-06-25T00:16:38","slug":"vendere-los-aviones-helicopteros-y-la-casa-de-playa-del-gobierno-estatal-stf","status":"publish","type":"post","link":"https:\/\/visionciudadana.com.mx\/oficial\/2021\/04\/06\/vendere-los-aviones-helicopteros-y-la-casa-de-playa-del-gobierno-estatal-stf\/","title":{"rendered":"Vender\u00e9 los aviones, helic\u00f3pteros y la casa de playa del gobierno estatal: STF"},"content":{"rendered":"<p><img fetchpriority=\"high\" decoding=\"async\" src=\"images\/abril21\/aviones-st.jpg\" alt=\"aviones st\" width=\"720\" height=\"480\" style=\"display: block; margin: 20px auto;\" \/><\/p>\n<div style=\"text-align: justify;\"><span style=\"font-size: 14pt; font-family: arial, helvetica, sans-serif;\"> Ante anunciado pacto de impunidad de morena al gobernador del estado, Sergio Torres se\u00f1ala que el mandatario estatal deber\u00e1 rendir cuentas y clarificar el gasto del presupuesto estatal y federal ante el Congreso del Estado, Auditoria Superior Federal y Estatal, el Supremo Tribunal de Justicia y de Justicia Administrativa, y le recuerda \u00abno es lo mismo cuando se tiene el poder, que cuando no se tiene\u00bb.<\/span><\/div>\n<div style=\"text-align: justify;\">&nbsp;<\/div>\n<div style=\"text-align: justify;\"><span style=\"font-size: 14pt; font-family: arial, helvetica, sans-serif;\"><\/span><\/div>\n<div style=\"text-align: justify;\"><span style=\"font-size: 14pt; font-family: arial, helvetica, sans-serif;\">Si ellos traen acuerdos en la oscuridad, explica el candidato a &nbsp;gobernador por Movimiento Ciudadano, yo conf\u00edo en las instituciones, y que tome en cuenta que no le podr\u00e1 cumplir, porque el morenista no ganar\u00e1, pues en Sinaloa la ciudadan\u00eda no quiere una r\u00e9plica del gobierno federal, causante de la grave crisis de salud, econ\u00f3mica, de inseguridad y falta de obra que sufre M\u00e9xico.<\/span><\/div>\n<div style=\"text-align: justify;\">&nbsp;<\/div>\n<div style=\"text-align: justify;\"><span style=\"font-size: 14pt; font-family: arial, helvetica, sans-serif;\"><\/span><\/div>\n<div style=\"text-align: justify;\"><span style=\"font-size: 14pt; font-family: arial, helvetica, sans-serif;\">Sobre las propuestas presentadas en su Manifiesto por Sinaloa y sus v\u00edas de financiamiento, expres\u00f3 el candidato de la ola naranja: \u00absi hubo presupuesto estatal para gastar 700 millones en un estadio de futbol y m\u00e1s de Mil 200 millones para publicidad, claro que hay dinero para apoyar cada propuesta.<\/span><\/div>\n<div style=\"text-align: justify;\">&nbsp;<\/div>\n<div style=\"text-align: justify;\"><span style=\"font-size: 14pt; font-family: arial, helvetica, sans-serif;\"><\/span><\/div>\n<div style=\"text-align: justify;\"><span style=\"font-size: 14pt; font-family: arial, helvetica, sans-serif;\">Dijo, que como expresidente municipal de Culiac\u00e1n tiene la experiencia para realizar la reingenier\u00eda administrativa y financiera que necesita el gobierno estatal para hacer realidad &nbsp;lo plasmado en su manifiesto, sin el recurso f\u00e1cil del endeudamiento que plantea el candidato priista.<\/span><\/div>\n<div style=\"text-align: justify;\">&nbsp;<\/div>\n<div style=\"text-align: justify;\"><span style=\"font-size: 14pt; font-family: arial, helvetica, sans-serif;\"><\/span><\/div>\n<div style=\"text-align: justify;\"><span style=\"font-size: 14pt; font-family: arial, helvetica, sans-serif;\">Otra ayuda para generar recursos, dijo, ser\u00e1 la venta de los aviones, helic\u00f3pteros y la casa de playa del gobierno estatal, pues un gobernante no debe vivir como rey, \u00abyo ser\u00e9 un empleado de los sinaloenses\u00bb.<\/span><\/div>\n<div>\n<div style=\"text-align: justify;\">&nbsp;<\/div>\n<div style=\"text-align: justify;\">&nbsp;<\/div>\n<div style=\"text-align: justify;\">&nbsp;<\/div>\n<div style=\"text-align: justify;\"><span style=\"font-size: 14pt; font-family: arial, helvetica, sans-serif;\">REDACCI\u00d3N\/VISI\u00d3N CIUDADANA.&nbsp;<\/span><\/div>\n<\/div>\n","protected":false},"excerpt":{"rendered":"<p>Ante anunciado pacto de impunidad de morena al gobernador del estado, Sergio Torres se\u00f1ala que el mandatario estatal deber\u00e1 rendir cuentas y clarificar el gasto del presupuesto estatal y federal ante el Congreso del Estado, Auditoria Superior Federal y Estatal, el Supremo Tribunal de Justicia y de Justicia Administrativa, y le recuerda \u00abno es lo [&hellip;]<\/p>\n","protected":false},"author":1,"featured_media":172,"comment_status":"closed","ping_status":"closed","sticky":false,"template":"","format":"standard","meta":{"footnotes":""},"categories":[24],"tags":[],"ppma_author":[31],"class_list":["post-16629","post","type-post","status-publish","format-standard","has-post-thumbnail","hentry","category-relevantes"],"aioseo_notices":[],"authors":[{"term_id":31,"user_id":1,"is_guest":0,"slug":"ivan3vino","display_name":"Iv\u00e1n Trevi\u00f1o","avatar_url":{"url":"https:\/\/visionciudadana.com.mx\/oficial\/wp-content\/uploads\/2025\/09\/columna-ivan-Trevino.png","url2x":"https:\/\/visionciudadana.com.mx\/oficial\/wp-content\/uploads\/2025\/09\/columna-ivan-Trevino.png"},"0":null,"1":"","2":"","3":"","4":"","5":"","6":"","7":"","8":""}],"_links":{"self":[{"href":"https:\/\/visionciudadana.com.mx\/oficial\/wp-json\/wp\/v2\/posts\/16629","targetHints":{"allow":["GET"]}}],"collection":[{"href":"https:\/\/visionciudadana.com.mx\/oficial\/wp-json\/wp\/v2\/posts"}],"about":[{"href":"https:\/\/visionciudadana.com.mx\/oficial\/wp-json\/wp\/v2\/types\/post"}],"author":[{"embeddable":true,"href":"https:\/\/visionciudadana.com.mx\/oficial\/wp-json\/wp\/v2\/users\/1"}],"replies":[{"embeddable":true,"href":"https:\/\/visionciudadana.com.mx\/oficial\/wp-json\/wp\/v2\/comments?post=16629"}],"version-history":[{"count":1,"href":"https:\/\/visionciudadana.com.mx\/oficial\/wp-json\/wp\/v2\/posts\/16629\/revisions"}],"predecessor-version":[{"id":31216,"href":"https:\/\/visionciudadana.com.mx\/oficial\/wp-json\/wp\/v2\/posts\/16629\/revisions\/31216"}],"wp:featuredmedia":[{"embeddable":true,"href":"https:\/\/visionciudadana.com.mx\/oficial\/wp-json\/wp\/v2\/media\/172"}],"wp:attachment":[{"href":"https:\/\/visionciudadana.com.mx\/oficial\/wp-json\/wp\/v2\/media?parent=16629"}],"wp:term":[{"taxonomy":"category","embeddable":true,"href":"https:\/\/visionciudadana.com.mx\/oficial\/wp-json\/wp\/v2\/categories?post=16629"},{"taxonomy":"post_tag","embeddable":true,"href":"https:\/\/visionciudadana.com.mx\/oficial\/wp-json\/wp\/v2\/tags?post=16629"},{"taxonomy":"author","embeddable":true,"href":"https:\/\/visionciudadana.com.mx\/oficial\/wp-json\/wp\/v2\/ppma_author?post=16629"}],"curies":[{"name":"wp","href":"https:\/\/api.w.org\/{rel}","templated":true}]}}