{"id":16628,"date":"2021-04-06T19:48:25","date_gmt":"2021-04-06T19:48:25","guid":{"rendered":"https:\/\/visionciudadana.com.mx\/chio\/2021\/04\/06\/estamos-preparados-para-un-posible-repunte-dr-efren-encinas\/"},"modified":"2025-06-25T00:16:38","modified_gmt":"2025-06-25T00:16:38","slug":"estamos-preparados-para-un-posible-repunte-dr-efren-encinas","status":"publish","type":"post","link":"https:\/\/visionciudadana.com.mx\/oficial\/2021\/04\/06\/estamos-preparados-para-un-posible-repunte-dr-efren-encinas\/","title":{"rendered":"\u00abEstamos preparados para un posible repunte\u00bb: Dr. Efr\u00e9n Encinas"},"content":{"rendered":"<p>&nbsp;<\/p>\n<p><img fetchpriority=\"high\" decoding=\"async\" src=\"images\/abril21\/efren.jpg\" alt=\"efren\" width=\"720\" height=\"480\" style=\"display: block; margin: 20px auto;\" \/><\/p>\n<p class=\"x_MsoNormal\" style=\"text-align: justify;\"><span style=\"font-size: 14pt; font-family: arial, helvetica, sans-serif;\">En el mundo entero la pandemia ha presentado terceras olas y hasta una cuarta, por lo que es posible que llegue a Sinaloa tambi\u00e9n, debido a la evoluci\u00f3n hist\u00f3rica de la enfermedad en ese sentimos no deseamos no esperamos que ocurra, pero estamos preparados para ello, inform\u00f3 el Secretario de Salud en el Estado, Dr. Efr\u00e9n Encinas Torres.<\/span><\/p>\n<p style=\"text-align: justify;\">&nbsp;<\/p>\n<p class=\"x_MsoNormal\" style=\"text-align: justify;\"><span style=\"font-size: 14pt; font-family: arial, helvetica, sans-serif;\">El titular de la salud en Sinaloa, inform\u00f3 que actualmente el estado ha tenido una tendencia hacia la baja en el n\u00famero de casos nuevos y se cuenta con suficiente capacidad hospitalaria con un 80% de disponibilidad, por lo que de presentarse un repunte en los pr\u00f3ximos d\u00edas el sistema de salud est\u00e1 preparado para hacerle frente a la situaci\u00f3n.<\/span><\/p>\n<p style=\"text-align: justify;\">&nbsp;<\/p>\n<p class=\"x_MsoNormal\" style=\"text-align: justify;\"><span style=\"font-size: 14pt; font-family: arial, helvetica, sans-serif;\">\u201cEfectivamente Culiac\u00e1n es una zona de mayor densidad de poblaci\u00f3n que pr\u00e1cticamente con los n\u00fameros siempre ha estado en rojo en el sem\u00e1foro epidemiol\u00f3gico por la gran densidad de poblaci\u00f3n y tanto movimiento que llega, per tambi\u00e9n ha ido bajando el n\u00famero de casos de hospitalizaciones, por ejemplo en Sinaloa ocupamos ahora un 14% m\u00e1ximo de ocupaci\u00f3n hospitalario es decir, una capacidad de respuesta de m\u00e1s del 80% estamos preparados para en caso de haber un repunte de casos el sector institucional en salud aqu\u00ed se pierden las derechohabiesas estamos abiertos a la poblaci\u00f3n que requiera el servicio\u201d, indic\u00f3.<\/span><\/p>\n<p style=\"text-align: justify;\">&nbsp;<\/p>\n<p class=\"x_MsoNormal\" style=\"text-align: justify;\"><span style=\"font-size: 14pt; font-family: arial, helvetica, sans-serif;\">Asimismo, inform\u00f3 que las campa\u00f1as de vacunaci\u00f3n que arranc\u00f3 desde enero ha sido una estrategia muy importante, ya que se ha hecho el an\u00e1lisis en el personal de la salud el cual lleg\u00f3 a registrar entre 170 a 200 casos mensuales, y actualmente se han reducido de 25 a 30 casos por mes a partir del inicio de la vacunaci\u00f3n en el personal de salud.<\/span><\/p>\n<p style=\"text-align: justify;\">&nbsp;<\/p>\n<p class=\"x_MsoNormal\" style=\"text-align: justify;\"><span style=\"font-size: 14pt; font-family: arial, helvetica, sans-serif;\">Por ello se espera que con el arranque de la vacunaci\u00f3n en adultos mayores se logre reducir a\u00fan m\u00e1s el n\u00famero de casos en la poblaci\u00f3n adulta. Asimismo, recalc\u00f3 la importancia de que la poblaci\u00f3n se empodere del cuidado de su salud y contin\u00fae con las medidas de sanidad lo cual es fundamental para evitar contagios de Covid; sana distancia, uso de cubrebocas y constante y correcto lavado de manos.<\/span><\/p>\n<p style=\"text-align: justify;\">&nbsp;<\/p>\n<p style=\"text-align: justify;\">&nbsp;<\/p>\n<p style=\"text-align: justify;\"><span style=\"font-size: 14pt; font-family: arial, helvetica, sans-serif;\">REDACCI\u00d3N\/VISI\u00d3N CIUDADANA.<\/span><\/p>\n<p>&nbsp;<\/p>\n","protected":false},"excerpt":{"rendered":"<p>&nbsp; En el mundo entero la pandemia ha presentado terceras olas y hasta una cuarta, por lo que es posible que llegue a Sinaloa tambi\u00e9n, debido a la evoluci\u00f3n hist\u00f3rica de la enfermedad en ese sentimos no deseamos no esperamos que ocurra, pero estamos preparados para ello, inform\u00f3 el Secretario de Salud en el Estado, [&hellip;]<\/p>\n","protected":false},"author":1,"featured_media":170,"comment_status":"closed","ping_status":"closed","sticky":false,"template":"","format":"standard","meta":{"footnotes":""},"categories":[24],"tags":[],"ppma_author":[31],"class_list":["post-16628","post","type-post","status-publish","format-standard","has-post-thumbnail","hentry","category-relevantes"],"aioseo_notices":[],"authors":[{"term_id":31,"user_id":1,"is_guest":0,"slug":"ivan3vino","display_name":"Iv\u00e1n Trevi\u00f1o","avatar_url":{"url":"https:\/\/visionciudadana.com.mx\/oficial\/wp-content\/uploads\/2025\/09\/columna-ivan-Trevino.png","url2x":"https:\/\/visionciudadana.com.mx\/oficial\/wp-content\/uploads\/2025\/09\/columna-ivan-Trevino.png"},"0":null,"1":"","2":"","3":"","4":"","5":"","6":"","7":"","8":""}],"_links":{"self":[{"href":"https:\/\/visionciudadana.com.mx\/oficial\/wp-json\/wp\/v2\/posts\/16628","targetHints":{"allow":["GET"]}}],"collection":[{"href":"https:\/\/visionciudadana.com.mx\/oficial\/wp-json\/wp\/v2\/posts"}],"about":[{"href":"https:\/\/visionciudadana.com.mx\/oficial\/wp-json\/wp\/v2\/types\/post"}],"author":[{"embeddable":true,"href":"https:\/\/visionciudadana.com.mx\/oficial\/wp-json\/wp\/v2\/users\/1"}],"replies":[{"embeddable":true,"href":"https:\/\/visionciudadana.com.mx\/oficial\/wp-json\/wp\/v2\/comments?post=16628"}],"version-history":[{"count":1,"href":"https:\/\/visionciudadana.com.mx\/oficial\/wp-json\/wp\/v2\/posts\/16628\/revisions"}],"predecessor-version":[{"id":31217,"href":"https:\/\/visionciudadana.com.mx\/oficial\/wp-json\/wp\/v2\/posts\/16628\/revisions\/31217"}],"wp:featuredmedia":[{"embeddable":true,"href":"https:\/\/visionciudadana.com.mx\/oficial\/wp-json\/wp\/v2\/media\/170"}],"wp:attachment":[{"href":"https:\/\/visionciudadana.com.mx\/oficial\/wp-json\/wp\/v2\/media?parent=16628"}],"wp:term":[{"taxonomy":"category","embeddable":true,"href":"https:\/\/visionciudadana.com.mx\/oficial\/wp-json\/wp\/v2\/categories?post=16628"},{"taxonomy":"post_tag","embeddable":true,"href":"https:\/\/visionciudadana.com.mx\/oficial\/wp-json\/wp\/v2\/tags?post=16628"},{"taxonomy":"author","embeddable":true,"href":"https:\/\/visionciudadana.com.mx\/oficial\/wp-json\/wp\/v2\/ppma_author?post=16628"}],"curies":[{"name":"wp","href":"https:\/\/api.w.org\/{rel}","templated":true}]}}