{"id":16627,"date":"2021-04-06T19:41:06","date_gmt":"2021-04-06T19:41:06","guid":{"rendered":"https:\/\/visionciudadana.com.mx\/chio\/2021\/04\/06\/gracias-al-fortalecimiento-de-programas-sociales-es-posible-la-vacunacion-covid-19-rrm\/"},"modified":"2025-06-25T00:16:38","modified_gmt":"2025-06-25T00:16:38","slug":"gracias-al-fortalecimiento-de-programas-sociales-es-posible-la-vacunacion-covid-19-rrm","status":"publish","type":"post","link":"https:\/\/visionciudadana.com.mx\/oficial\/2021\/04\/06\/gracias-al-fortalecimiento-de-programas-sociales-es-posible-la-vacunacion-covid-19-rrm\/","title":{"rendered":"Gracias al fortalecimiento de programas sociales es posible la vacunaci\u00f3n Covid-19: RRM"},"content":{"rendered":"<p><img fetchpriority=\"high\" decoding=\"async\" src=\"images\/abril21\/vacuna-rocha.jpg\" alt=\"vacuna rocha\" width=\"720\" height=\"480\" style=\"display: block; margin: 20px auto;\" \/><\/p>\n<p class=\"x_MsoNormal\" style=\"text-align: justify;\"><span style=\"font-size: 14pt; font-family: arial, helvetica, sans-serif;\"> Al presentarse a recibir la vacuna contra el Covid-19, el candidato de la alianza Morena-PAS, Rub\u00e9n Rocha Moya exhort\u00f3 a la poblaci\u00f3n a que acudan a vacunarse con toda confianza, sin ninguna duda o temor, y reconoci\u00f3 que gracias a las decisiones del gobierno federal en bien de la salud de la poblaci\u00f3n, fue posible para nuestro pa\u00eds adquirir y suministrar la vacuna.<\/span><\/p>\n<p style=\"text-align: justify;\">&nbsp;<\/p>\n<p class=\"x_MsoNormal\" style=\"text-align: justify;\"><span style=\"font-size: 14pt; font-family: arial, helvetica, sans-serif;\">De hecho, escasas horas antes, concretamente anoche durante un evento en&nbsp; Guasave, Rocha&nbsp; record\u00f3 que gracias a los&nbsp; ahorros generados por la&nbsp; pol\u00edtica de austeridad que implement\u00f3 el presidente Andr\u00e9s Manuel L\u00f3pez Obrador, y por el cobro de impuestos a empresas gigantescas&nbsp; que antes fueron privilegiadas por los gobiernos anteriores, es que hoy es posible tener esta vacunaci\u00f3n que protege&nbsp; la vida de los mexicanos.<\/span><\/p>\n<p style=\"text-align: justify;\">&nbsp;<\/p>\n<p class=\"x_MsoNormal\" style=\"text-align: justify;\"><span style=\"font-size: 14pt; font-family: arial, helvetica, sans-serif;\">Agreg\u00f3 el dato de que tan s\u00f3lo por dos empresas a las que se les cobr\u00f3 el pago de impuestos, se generaron 16 mil millones de pesos, que fueron invertidos en esta vacunaci\u00f3n.<\/span><\/p>\n<p style=\"text-align: justify;\">&nbsp;<\/p>\n<p class=\"x_MsoNormal\" style=\"text-align: justify;\"><span style=\"font-size: 14pt; font-family: arial, helvetica, sans-serif;\">Rocha Moya hizo un llamado a que la poblaci\u00f3n a que considere la importancia que tiene para su salud esta vacuna aprobada por la medicina internacional y por la de nuestro pa\u00eds, y destaco: \u00abhay que hacerlo para evitar el contagio de Covid-19\u201d.<\/span><\/p>\n<p style=\"text-align: justify;\">&nbsp;<\/p>\n<p class=\"x_MsoNormal\" style=\"text-align: justify;\"><span style=\"font-size: 14pt; font-family: arial, helvetica, sans-serif;\">Entrevistado cuando lleg\u00f3 puntual a su cita de las 10:00 de la ma\u00f1ana, en el m\u00f3dulo ubicado en la escuela primaria Revoluci\u00f3n Mexicana, en la colonia Revoluci\u00f3n, Rub\u00e9n Rocha Moya asegur\u00f3 que en los actos de campa\u00f1a se est\u00e1n guardando todas las medidas del protocolo preventivo por la pandemia del Covid-19, tratando de cumplir a cabalidad con las indicaciones dictadas por la autoridad electoral.<\/span><\/p>\n<p style=\"text-align: justify;\">&nbsp;<\/p>\n<p class=\"x_MsoNormal\" style=\"text-align: justify;\"><span style=\"font-size: 14pt; font-family: arial, helvetica, sans-serif;\">Agreg\u00f3 que con una vez que se destierre la corrupci\u00f3n y austeridad republicana que se implementar\u00e1 en Sinaloa desde el 1 de noviembre, se podr\u00e1n ampliar los programas sociales dirigidos a los que menos tienen, adem\u00e1s de los dos rubros primordiales que deben apoyar el estado: salud y educaci\u00f3n.<\/span><\/p>\n<p style=\"text-align: justify;\">&nbsp;<\/p>\n<p style=\"text-align: justify;\">&nbsp;<\/p>\n<p style=\"text-align: justify;\"><span style=\"font-size: 14pt; font-family: arial, helvetica, sans-serif;\">REDACCION\/VISI\u00d3N CIUDADANA.<\/span><\/p>\n","protected":false},"excerpt":{"rendered":"<p>Al presentarse a recibir la vacuna contra el Covid-19, el candidato de la alianza Morena-PAS, Rub\u00e9n Rocha Moya exhort\u00f3 a la poblaci\u00f3n a que acudan a vacunarse con toda confianza, sin ninguna duda o temor, y reconoci\u00f3 que gracias a las decisiones del gobierno federal en bien de la salud de la poblaci\u00f3n, fue posible [&hellip;]<\/p>\n","protected":false},"author":1,"featured_media":168,"comment_status":"closed","ping_status":"closed","sticky":false,"template":"","format":"standard","meta":{"footnotes":""},"categories":[24],"tags":[],"ppma_author":[31],"class_list":["post-16627","post","type-post","status-publish","format-standard","has-post-thumbnail","hentry","category-relevantes"],"aioseo_notices":[],"authors":[{"term_id":31,"user_id":1,"is_guest":0,"slug":"ivan3vino","display_name":"Iv\u00e1n Trevi\u00f1o","avatar_url":{"url":"https:\/\/visionciudadana.com.mx\/oficial\/wp-content\/uploads\/2025\/09\/columna-ivan-Trevino.png","url2x":"https:\/\/visionciudadana.com.mx\/oficial\/wp-content\/uploads\/2025\/09\/columna-ivan-Trevino.png"},"0":null,"1":"","2":"","3":"","4":"","5":"","6":"","7":"","8":""}],"_links":{"self":[{"href":"https:\/\/visionciudadana.com.mx\/oficial\/wp-json\/wp\/v2\/posts\/16627","targetHints":{"allow":["GET"]}}],"collection":[{"href":"https:\/\/visionciudadana.com.mx\/oficial\/wp-json\/wp\/v2\/posts"}],"about":[{"href":"https:\/\/visionciudadana.com.mx\/oficial\/wp-json\/wp\/v2\/types\/post"}],"author":[{"embeddable":true,"href":"https:\/\/visionciudadana.com.mx\/oficial\/wp-json\/wp\/v2\/users\/1"}],"replies":[{"embeddable":true,"href":"https:\/\/visionciudadana.com.mx\/oficial\/wp-json\/wp\/v2\/comments?post=16627"}],"version-history":[{"count":1,"href":"https:\/\/visionciudadana.com.mx\/oficial\/wp-json\/wp\/v2\/posts\/16627\/revisions"}],"predecessor-version":[{"id":31218,"href":"https:\/\/visionciudadana.com.mx\/oficial\/wp-json\/wp\/v2\/posts\/16627\/revisions\/31218"}],"wp:featuredmedia":[{"embeddable":true,"href":"https:\/\/visionciudadana.com.mx\/oficial\/wp-json\/wp\/v2\/media\/168"}],"wp:attachment":[{"href":"https:\/\/visionciudadana.com.mx\/oficial\/wp-json\/wp\/v2\/media?parent=16627"}],"wp:term":[{"taxonomy":"category","embeddable":true,"href":"https:\/\/visionciudadana.com.mx\/oficial\/wp-json\/wp\/v2\/categories?post=16627"},{"taxonomy":"post_tag","embeddable":true,"href":"https:\/\/visionciudadana.com.mx\/oficial\/wp-json\/wp\/v2\/tags?post=16627"},{"taxonomy":"author","embeddable":true,"href":"https:\/\/visionciudadana.com.mx\/oficial\/wp-json\/wp\/v2\/ppma_author?post=16627"}],"curies":[{"name":"wp","href":"https:\/\/api.w.org\/{rel}","templated":true}]}}