{"id":16626,"date":"2021-04-06T19:29:07","date_gmt":"2021-04-06T19:29:07","guid":{"rendered":"https:\/\/visionciudadana.com.mx\/chio\/2021\/04\/06\/faustino-hernandez-moderniza-de-manera-integral-el-transporte-publico-de-culiacan\/"},"modified":"2025-06-25T00:16:38","modified_gmt":"2025-06-25T00:16:38","slug":"faustino-hernandez-moderniza-de-manera-integral-el-transporte-publico-de-culiacan","status":"publish","type":"post","link":"https:\/\/visionciudadana.com.mx\/oficial\/2021\/04\/06\/faustino-hernandez-moderniza-de-manera-integral-el-transporte-publico-de-culiacan\/","title":{"rendered":"Faustino Hern\u00e1ndez modernizara de manera integral el transporte p\u00fablico de Culiac\u00e1n"},"content":{"rendered":"<p>&nbsp;<img fetchpriority=\"high\" decoding=\"async\" src=\"images\/abril21\/tino.jpg\" alt=\"tino\" width=\"720\" height=\"480\" style=\"display: block; margin: 20px auto;\" \/><\/p>\n<p class=\"x_MsoNormal\" style=\"text-align: justify;\"><span style=\"font-size: 14pt; font-family: arial, helvetica, sans-serif;\">En reuni\u00f3n con el Sindicato de Choferes del Transporte P\u00fablico de Culiac\u00e1n, el candidato del PRI, PAN y PRD a la Alcald\u00eda de Culiac\u00e1n,&nbsp; Faustino Hern\u00e1ndez \u00c1lvarez,&nbsp; manifest\u00f3 su intenci\u00f3n de impulsar durante su administraci\u00f3n un Sistema Integrado de Transporte Urbano.<\/span><\/p>\n<p style=\"text-align: justify;\">&nbsp;<\/p>\n<p class=\"x_MsoNormal\" style=\"text-align: justify;\"><span style=\"font-size: 14pt; font-family: arial, helvetica, sans-serif;\">La medida, detall\u00f3, comprende una amplia pavimentaci\u00f3n de calles y accesos a las colonias populares, la renovaci\u00f3n de unidades de transporte, mejorar los sistemas de organizaci\u00f3n, mejor capacitaci\u00f3n e innovaciones tecnol\u00f3gicas aplicadas al transporte p\u00fablico.<\/span><\/p>\n<p style=\"text-align: justify;\">&nbsp;<\/p>\n<p class=\"x_MsoNormal\" style=\"text-align: justify;\"><span style=\"font-size: 14pt; font-family: arial, helvetica, sans-serif;\">Acompa\u00f1ado por el secretario general de este sindicato, Rolando Ibarra Hern\u00e1ndez, el candidato Faustino Hern\u00e1ndez, destac\u00f3 que el objetivo es que todos ganen con este nuevo sistema: los choferes, las empresas, el usuario y el municipio.<\/span><\/p>\n<p style=\"text-align: justify;\">&nbsp;<\/p>\n<p class=\"x_MsoNormal\" style=\"text-align: justify;\"><span style=\"font-size: 14pt; font-family: arial, helvetica, sans-serif;\">\u00abSe trata de que entre los choferes del transporte p\u00fablico, las empresas del transporte, los usuarios y el gobierno municipal, tengamos una relaci\u00f3n de ganar, ganar\u00bb, se\u00f1al\u00f3.<\/span><\/p>\n<p style=\"text-align: justify;\">&nbsp;<\/p>\n<p class=\"x_MsoNormal\" style=\"text-align: justify;\"><span style=\"font-size: 14pt; font-family: arial, helvetica, sans-serif;\">\u00abUstedes van a tener una fuente de empleo asegurada y con mejores salarios, el usuario contar\u00e1 con un servicio eficiente, y el gobierno municipal estar\u00e1 cumpliendo su funci\u00f3n de promover el desarrollo de la capital y de todo el municipio\u00bb, manifest\u00f3 durante la reuni\u00f3n.<\/span><\/p>\n<p style=\"text-align: justify;\">&nbsp;<\/p>\n<p class=\"x_MsoNormal\" style=\"text-align: justify;\"><span style=\"font-size: 14pt; font-family: arial, helvetica, sans-serif;\">\u201cSoy tolerante soy congruente, voy a hacer lo mejor por Culiac\u00e1n, un Culiac\u00e1n m\u00e1s moderno, m\u00e1s cercano a la gente, un Culiac\u00e1n de puertas abiertas, un Culiac\u00e1n sensible a la problem\u00e1tica que estamos viviendo todos los culiacanense\u201d, se\u00f1al\u00f3.&nbsp;<\/span><\/p>\n<p style=\"text-align: justify;\">&nbsp;<\/p>\n<p class=\"x_MsoNormal\" style=\"text-align: justify;\"><span style=\"font-size: 14pt; font-family: arial, helvetica, sans-serif;\">Durante esta reuni\u00f3n con choferes del transporte p\u00fablico donde estuvo acompa\u00f1ado tambi\u00e9n por Francisco Ju\u00e1rez, secretario de Alianzas del PRD Sinaloa, Faustino Hern\u00e1ndez \u00c1lvarez destac\u00f3 que Mario Zamora Gast\u00e9lum ser\u00e1 un gran aliado para Culiac\u00e1n una vez que gane la gubernatura por lo que solicit\u00f3 su apoyo para asegurar el triunfo.<\/span><\/p>\n<p style=\"text-align: justify;\">&nbsp;<\/p>\n<p class=\"x_MsoNormal\" style=\"text-align: justify;\"><span style=\"font-size: 14pt; font-family: arial, helvetica, sans-serif;\">Faustino Hern\u00e1ndez \u00c1lvarez se\u00f1al\u00f3 que el constante crecimiento de Culiac\u00e1n reclama mejores servicios y una modernizaci\u00f3n urbana integral, por lo que es necesario tomar de manera urgente decisiones consensadas, firmes e inteligentes que contribuyan a darle a la capital del estado una imagen moderna, con buenos servicios, donde florezcan&nbsp; muchas inversiones y&nbsp; m\u00e1s empresas que generen m\u00e1s empleos y mejor pagados.<\/span><\/p>\n<p style=\"text-align: justify;\">&nbsp;<\/p>\n<p class=\"x_MsoNormal\" style=\"text-align: justify;\"><span style=\"font-size: 14pt; font-family: arial, helvetica, sans-serif;\">Finalmente, Francisco Ju\u00e1rez, secretario de Alianzas del PRD,&nbsp; manifest\u00f3 su apoyo a la propuesta pol\u00edtica que encabeza Faustino Hern\u00e1ndez \u00c1lvarez.<\/span><\/p>\n<p style=\"text-align: justify;\">&nbsp;<\/p>\n<p class=\"x_MsoNormal\" style=\"text-align: justify;\"><span style=\"font-size: 14pt; font-family: arial, helvetica, sans-serif;\">\u201cEso nos llena de orgullo, de satisfacci\u00f3n, y nos compromete a dar los mejores resultados por el amigo, por el candidato, pero sobre todo por el ser humano que es Faustino Hern\u00e1ndez: Al mill\u00f3n y pasaditos\u201d, dijo.<\/span><\/p>\n<p style=\"text-align: justify;\">&nbsp;<\/p>\n<p class=\"x_MsoNormal\" style=\"text-align: justify;\"><span style=\"font-size: 14pt; font-family: arial, helvetica, sans-serif;\">El candidato del PRI, PAN y PRD a la Alcald\u00eda de Culiac\u00e1n tuvo en su tercer d\u00eda de actividades una intensa agenda de trabajo que incluyo saludos a automovilistas en cruceros, visita casa por casa&nbsp; en el fraccionamiento Las Torres y Terranova, as\u00ed como reuniones diversas.<\/span><\/p>\n<p style=\"text-align: justify;\">&nbsp;<\/p>\n<p style=\"text-align: justify;\">&nbsp;<\/p>\n<p style=\"text-align: justify;\"><span style=\"font-size: 14pt; font-family: arial, helvetica, sans-serif;\">REDACCI\u00d3N\/VISI\u00d3N CIUDADANA.<\/span><\/p>\n","protected":false},"excerpt":{"rendered":"<p>&nbsp; En reuni\u00f3n con el Sindicato de Choferes del Transporte P\u00fablico de Culiac\u00e1n, el candidato del PRI, PAN y PRD a la Alcald\u00eda de Culiac\u00e1n,&nbsp; Faustino Hern\u00e1ndez \u00c1lvarez,&nbsp; manifest\u00f3 su intenci\u00f3n de impulsar durante su administraci\u00f3n un Sistema Integrado de Transporte Urbano. &nbsp; La medida, detall\u00f3, comprende una amplia pavimentaci\u00f3n de calles y accesos a [&hellip;]<\/p>\n","protected":false},"author":1,"featured_media":166,"comment_status":"closed","ping_status":"closed","sticky":false,"template":"","format":"standard","meta":{"footnotes":""},"categories":[24],"tags":[],"ppma_author":[31],"class_list":["post-16626","post","type-post","status-publish","format-standard","has-post-thumbnail","hentry","category-relevantes"],"aioseo_notices":[],"authors":[{"term_id":31,"user_id":1,"is_guest":0,"slug":"ivan3vino","display_name":"Iv\u00e1n Trevi\u00f1o","avatar_url":{"url":"https:\/\/visionciudadana.com.mx\/oficial\/wp-content\/uploads\/2025\/09\/columna-ivan-Trevino.png","url2x":"https:\/\/visionciudadana.com.mx\/oficial\/wp-content\/uploads\/2025\/09\/columna-ivan-Trevino.png"},"0":null,"1":"","2":"","3":"","4":"","5":"","6":"","7":"","8":""}],"_links":{"self":[{"href":"https:\/\/visionciudadana.com.mx\/oficial\/wp-json\/wp\/v2\/posts\/16626","targetHints":{"allow":["GET"]}}],"collection":[{"href":"https:\/\/visionciudadana.com.mx\/oficial\/wp-json\/wp\/v2\/posts"}],"about":[{"href":"https:\/\/visionciudadana.com.mx\/oficial\/wp-json\/wp\/v2\/types\/post"}],"author":[{"embeddable":true,"href":"https:\/\/visionciudadana.com.mx\/oficial\/wp-json\/wp\/v2\/users\/1"}],"replies":[{"embeddable":true,"href":"https:\/\/visionciudadana.com.mx\/oficial\/wp-json\/wp\/v2\/comments?post=16626"}],"version-history":[{"count":1,"href":"https:\/\/visionciudadana.com.mx\/oficial\/wp-json\/wp\/v2\/posts\/16626\/revisions"}],"predecessor-version":[{"id":31219,"href":"https:\/\/visionciudadana.com.mx\/oficial\/wp-json\/wp\/v2\/posts\/16626\/revisions\/31219"}],"wp:featuredmedia":[{"embeddable":true,"href":"https:\/\/visionciudadana.com.mx\/oficial\/wp-json\/wp\/v2\/media\/166"}],"wp:attachment":[{"href":"https:\/\/visionciudadana.com.mx\/oficial\/wp-json\/wp\/v2\/media?parent=16626"}],"wp:term":[{"taxonomy":"category","embeddable":true,"href":"https:\/\/visionciudadana.com.mx\/oficial\/wp-json\/wp\/v2\/categories?post=16626"},{"taxonomy":"post_tag","embeddable":true,"href":"https:\/\/visionciudadana.com.mx\/oficial\/wp-json\/wp\/v2\/tags?post=16626"},{"taxonomy":"author","embeddable":true,"href":"https:\/\/visionciudadana.com.mx\/oficial\/wp-json\/wp\/v2\/ppma_author?post=16626"}],"curies":[{"name":"wp","href":"https:\/\/api.w.org\/{rel}","templated":true}]}}