{"id":16624,"date":"2021-04-06T03:37:21","date_gmt":"2021-04-06T03:37:21","guid":{"rendered":"https:\/\/visionciudadana.com.mx\/chio\/2021\/04\/06\/debemos-ensenarnos-a-conquistar-el-voto-ruben-rocha-moya\/"},"modified":"2025-06-25T00:16:39","modified_gmt":"2025-06-25T00:16:39","slug":"debemos-ensenarnos-a-conquistar-el-voto-ruben-rocha-moya","status":"publish","type":"post","link":"https:\/\/visionciudadana.com.mx\/oficial\/2021\/04\/06\/debemos-ensenarnos-a-conquistar-el-voto-ruben-rocha-moya\/","title":{"rendered":"Debemos ense\u00f1arnos a conquistar el voto: Rub\u00e9n Rocha Moya"},"content":{"rendered":"<p>&nbsp;<img fetchpriority=\"high\" decoding=\"async\" src=\"images\/abril21\/rocha-no-voto-corporativo.jpg\" alt=\"rocha no voto corporativo\" width=\"720\" height=\"480\" style=\"display: block; margin: 20px auto;\" \/><\/p>\n<p style=\"text-align: justify;\"><span style=\"font-size: 14pt; font-family: arial, helvetica, sans-serif;\">El candidato a la gubernatura de la alianza Morena-PAS, Rub\u00e9n Rocha Moya afirm\u00f3 que ahora el voto es libre y razonado, porque se acabaron los tiempos del corporativismo de la CTM o la CNC, cuyos l\u00edderes pretend\u00edan tener en la bolsa miles de votos para los candidatos.<\/span><\/p>\n<p>&nbsp;<\/p>\n<p style=\"text-align: justify;\"><span style=\"font-size: 14pt; font-family: arial, helvetica, sans-serif;\">\u201cYa no es as\u00ed, ahora se ha acostumbrado la gente a usar su voto de manera libre; no podemos comprometer ni un solo voto, ni el de mi hijo o el de mi hija; debemos ense\u00f1arnos a conquistar esos votos, a vivir en otro tiempo, no es cierto eso de que alguien tiene tantos votos y que \u201csi yo no voy, vas a perder\u201d, se\u00f1al\u00f3 ante ciudadanas y ciudadanos en un encuentro frente al Palacio Municipal fortense.<\/span><\/p>\n<p>&nbsp;<\/p>\n<p style=\"text-align: justify;\"><span style=\"font-size: 14pt; font-family: arial, helvetica, sans-serif;\">Durante una jornada proselitista por los municipios alte\u00f1os de El Fuerte y Choix, Rocha Moya exhort\u00f3 a construir una nueva clase pol\u00edtica con la 4T y puntualiz\u00f3 con humildad que aun cuando las encuestas levantadas al iniciar las campa\u00f1as electorales lo ubican m\u00ednimo 20 puntos arriba de sus contendientes, no puede ufanarse de que va a ganar.<\/span><\/p>\n<p>&nbsp;<\/p>\n<p style=\"text-align: justify;\"><span style=\"font-size: 14pt; font-family: arial, helvetica, sans-serif;\">Mientras tanto en Choix, el candidato com\u00fan de Morena y el PAS se comprometi\u00f3 a que su gobierno apoyar\u00e1 con obras, servicios y programas sociales a las y los habitantes del municipio serrano de Choix, donde la mayor parte de la poblaci\u00f3n es ind\u00edgena y vive en condiciones de pobreza, toda vez que la pol\u00edtica social de la Cuarta Transformaci\u00f3n tiene como lema fundamental \u201cPor el bien de todos, primero los pobres\u201d.<\/span><\/p>\n<p>&nbsp;<\/p>\n<p style=\"text-align: justify;\"><span style=\"font-size: 14pt; font-family: arial, helvetica, sans-serif;\">Ante las familias reunidas en la plazuela principal de Choix refrend\u00f3 que atender\u00e1 las demandas de los ganaderos y los agricultores de temporal, garantizar\u00e1 que los programas de bienestar lleguen a los m\u00e1s necesitados y se ampliar\u00e1 la atenci\u00f3n y la cantidad de camas en la cl\u00ednica de salud.<\/span><\/p>\n<p>&nbsp;<\/p>\n<p style=\"text-align: justify;\"><span style=\"font-size: 14pt; font-family: arial, helvetica, sans-serif;\">En los encuentros en estos municipios serranos, Rub\u00e9n Rocha Moya estuvo acompa\u00f1ado por el candidato a la presidencia municipal de El Fuerte, Gildardo Leyva Ortega; la candidata a presidenta municipal de Choix, Amalia Gast\u00e9lum Barraza; el candidato ind\u00edgena a diputado por el Distrito 1, Mart\u00edn Vega \u00c1lvarez; la candidata ind\u00edgena a diputada plurinominal, Gloria Ur\u00edas; el presidente estatal del PAS, H\u00e9ctor Melesio Cu\u00e9n Ojeda; y el delegado electoral de Morena, Am\u00e9rico Villarreal Anaya.<\/span><\/p>\n<p>&nbsp;<\/p>\n<p style=\"text-align: justify;\"><span style=\"font-size: 14pt; font-family: arial, helvetica, sans-serif;\">Posteriormente, el candidato a la gubernatura particip\u00f3 en una comida con el candidato del PAS a la alcald\u00eda de Sinaloa municipio, Wuascar Torres G\u00e1lvez.<\/span><\/p>\n<p>&nbsp;<\/p>\n<p>&nbsp;<\/p>\n<p>&nbsp;<\/p>\n<p>&nbsp;<\/p>\n<p>REDACCION\/VISIONCIUDADANA<\/p>\n","protected":false},"excerpt":{"rendered":"<p>&nbsp; El candidato a la gubernatura de la alianza Morena-PAS, Rub\u00e9n Rocha Moya afirm\u00f3 que ahora el voto es libre y razonado, porque se acabaron los tiempos del corporativismo de la CTM o la CNC, cuyos l\u00edderes pretend\u00edan tener en la bolsa miles de votos para los candidatos. &nbsp; \u201cYa no es as\u00ed, ahora se [&hellip;]<\/p>\n","protected":false},"author":1,"featured_media":163,"comment_status":"closed","ping_status":"closed","sticky":false,"template":"","format":"standard","meta":{"footnotes":""},"categories":[24],"tags":[],"ppma_author":[31],"class_list":["post-16624","post","type-post","status-publish","format-standard","has-post-thumbnail","hentry","category-relevantes"],"aioseo_notices":[],"authors":[{"term_id":31,"user_id":1,"is_guest":0,"slug":"ivan3vino","display_name":"Iv\u00e1n Trevi\u00f1o","avatar_url":{"url":"https:\/\/visionciudadana.com.mx\/oficial\/wp-content\/uploads\/2025\/09\/columna-ivan-Trevino.png","url2x":"https:\/\/visionciudadana.com.mx\/oficial\/wp-content\/uploads\/2025\/09\/columna-ivan-Trevino.png"},"0":null,"1":"","2":"","3":"","4":"","5":"","6":"","7":"","8":""}],"_links":{"self":[{"href":"https:\/\/visionciudadana.com.mx\/oficial\/wp-json\/wp\/v2\/posts\/16624","targetHints":{"allow":["GET"]}}],"collection":[{"href":"https:\/\/visionciudadana.com.mx\/oficial\/wp-json\/wp\/v2\/posts"}],"about":[{"href":"https:\/\/visionciudadana.com.mx\/oficial\/wp-json\/wp\/v2\/types\/post"}],"author":[{"embeddable":true,"href":"https:\/\/visionciudadana.com.mx\/oficial\/wp-json\/wp\/v2\/users\/1"}],"replies":[{"embeddable":true,"href":"https:\/\/visionciudadana.com.mx\/oficial\/wp-json\/wp\/v2\/comments?post=16624"}],"version-history":[{"count":1,"href":"https:\/\/visionciudadana.com.mx\/oficial\/wp-json\/wp\/v2\/posts\/16624\/revisions"}],"predecessor-version":[{"id":31220,"href":"https:\/\/visionciudadana.com.mx\/oficial\/wp-json\/wp\/v2\/posts\/16624\/revisions\/31220"}],"wp:featuredmedia":[{"embeddable":true,"href":"https:\/\/visionciudadana.com.mx\/oficial\/wp-json\/wp\/v2\/posts\/163"}],"wp:attachment":[{"href":"https:\/\/visionciudadana.com.mx\/oficial\/wp-json\/wp\/v2\/media?parent=16624"}],"wp:term":[{"taxonomy":"category","embeddable":true,"href":"https:\/\/visionciudadana.com.mx\/oficial\/wp-json\/wp\/v2\/categories?post=16624"},{"taxonomy":"post_tag","embeddable":true,"href":"https:\/\/visionciudadana.com.mx\/oficial\/wp-json\/wp\/v2\/tags?post=16624"},{"taxonomy":"author","embeddable":true,"href":"https:\/\/visionciudadana.com.mx\/oficial\/wp-json\/wp\/v2\/ppma_author?post=16624"}],"curies":[{"name":"wp","href":"https:\/\/api.w.org\/{rel}","templated":true}]}}