{"id":16623,"date":"2021-04-06T03:26:07","date_gmt":"2021-04-06T03:26:07","guid":{"rendered":"https:\/\/visionciudadana.com.mx\/chio\/2021\/04\/06\/vence-este-6-de-abril-convocatoria-para-supervisores-as-y-capacitadores-as-asistentes-electorales-locales\/"},"modified":"2025-06-25T00:16:39","modified_gmt":"2025-06-25T00:16:39","slug":"vence-este-6-de-abril-convocatoria-para-supervisores-as-y-capacitadores-as-asistentes-electorales-locales","status":"publish","type":"post","link":"https:\/\/visionciudadana.com.mx\/oficial\/2021\/04\/06\/vence-este-6-de-abril-convocatoria-para-supervisores-as-y-capacitadores-as-asistentes-electorales-locales\/","title":{"rendered":"Vence este 6 de abril convocatoria para supervisores(as) y capacitadores(as) asistentes electorales locales"},"content":{"rendered":"<p><img fetchpriority=\"high\" decoding=\"async\" src=\"images\/abril21\/capacitadores-electorales.jpg\" alt=\"capacitadores electorales\" width=\"720\" height=\"480\" style=\"display: block; margin: 20px auto;\" \/><\/p>\n<p style=\"text-align: justify;\"><span style=\"font-size: 14pt; font-family: arial, helvetica, sans-serif;\">Este martes 6 de abril termina la ampliaci\u00f3n que el Instituto Electoral del Estado de Sinaloa (IEES) realiz\u00f3 a la convocatoria para recepcionar solicitudes de aspirantes a los cargos de Supervisor\/a Electoral Local (SE Local) o Capacitador\/a-Asistente Electoral Local (CAE Local) para trabajar en el proceso electoral local 2020-2021.<\/span><\/p>\n<p>&nbsp;<\/p>\n<p style=\"text-align: justify;\"><span style=\"font-size: 14pt; font-family: arial, helvetica, sans-serif;\">La ciudadan\u00eda interesada puede consultar la convocatoria para conocer la documentaci\u00f3n y requisitos que se requieren, en el sitio web del IEES: www.ieesinaloa.mx, y tambi\u00e9n aprovechar la oportunidad de registrarse en l\u00ednea con su correo electr\u00f3nico y clave de elector, en el link: <a href=\"https:\/\/pef2021-reclutaseycae-local.ine.mx;\">https:\/\/pef2021-reclutaseycae-local.ine.mx;<\/a> o bien llamar para informaci\u00f3n a los tel\u00e9fonos 6677 15 31 82, 6677 15 22 89 o 800 5050 450.<\/span><\/p>\n<p>&nbsp;<\/p>\n<p style=\"text-align: justify;\"><span style=\"font-size: 14pt; font-family: arial, helvetica, sans-serif;\">El periodo de contrataci\u00f3n tanto para Supervisor\/a Electoral Local y Capacitador\/a-Asistente Electoral Local es del 5 de mayo al 13 de junio de 2021, con sueldo mensual bruto para los SE Local, de: $8,295.00 m\u00e1s $1,400.00 de gastos de campo; y para los CAE Local, $6,295.00 m\u00e1s $1,400.00 de gastos de campo.<\/span><\/p>\n<p>&nbsp;<\/p>\n<p style=\"text-align: justify;\"><span style=\"font-size: 14pt; font-family: arial, helvetica, sans-serif;\">Para calificar para estos cargos es indispensable que te guste el trabajo en campo, ya que se tienen que realizar actividades de asistencia electoral antes, durante y despu\u00e9s del d\u00eda de la jornada electoral; por lo que es necesario contar con disponibilidad de tiempo completo y en horarios fuera de lo habitual, incluyendo fines de semana y d\u00edas festivos.<\/span><\/p>\n<p style=\"text-align: justify;\"><span style=\"font-size: 14pt; font-family: arial, helvetica, sans-serif;\">Entre la documentaci\u00f3n requerida est\u00e1n: Acta de nacimiento o, en su caso, carta de naturalizaci\u00f3n; credencial para votar vigente del distrito correspondiente o comprobante de tr\u00e1mite emitido por el INE; comprobante de domicilio con vigencia no mayor de 3 meses (no necesariamente debe aparecer el nombre de la persona interesada); comprobante o constancia de estudios que acredite el nivel educativo (m\u00ednimo secundaria); y RFC y CURP (en caso de contrataci\u00f3n); contar con cuenta de correo electr\u00f3nico v\u00e1lida y vigente<\/span><\/p>\n<p>&nbsp;<\/p>\n<p>&nbsp;<\/p>\n<p>&nbsp;<\/p>\n<p><span style=\"font-size: 12pt;\">REDACCION\/VISIONCIUDADANA<\/span><\/p>\n","protected":false},"excerpt":{"rendered":"<p>Este martes 6 de abril termina la ampliaci\u00f3n que el Instituto Electoral del Estado de Sinaloa (IEES) realiz\u00f3 a la convocatoria para recepcionar solicitudes de aspirantes a los cargos de Supervisor\/a Electoral Local (SE Local) o Capacitador\/a-Asistente Electoral Local (CAE Local) para trabajar en el proceso electoral local 2020-2021. &nbsp; La ciudadan\u00eda interesada puede consultar [&hellip;]<\/p>\n","protected":false},"author":1,"featured_media":161,"comment_status":"closed","ping_status":"closed","sticky":false,"template":"","format":"standard","meta":{"footnotes":""},"categories":[13],"tags":[],"ppma_author":[31],"class_list":["post-16623","post","type-post","status-publish","format-standard","has-post-thumbnail","hentry","category-locales"],"aioseo_notices":[],"authors":[{"term_id":31,"user_id":1,"is_guest":0,"slug":"ivan3vino","display_name":"Iv\u00e1n Trevi\u00f1o","avatar_url":{"url":"https:\/\/visionciudadana.com.mx\/oficial\/wp-content\/uploads\/2025\/09\/columna-ivan-Trevino.png","url2x":"https:\/\/visionciudadana.com.mx\/oficial\/wp-content\/uploads\/2025\/09\/columna-ivan-Trevino.png"},"0":null,"1":"","2":"","3":"","4":"","5":"","6":"","7":"","8":""}],"_links":{"self":[{"href":"https:\/\/visionciudadana.com.mx\/oficial\/wp-json\/wp\/v2\/posts\/16623","targetHints":{"allow":["GET"]}}],"collection":[{"href":"https:\/\/visionciudadana.com.mx\/oficial\/wp-json\/wp\/v2\/posts"}],"about":[{"href":"https:\/\/visionciudadana.com.mx\/oficial\/wp-json\/wp\/v2\/types\/post"}],"author":[{"embeddable":true,"href":"https:\/\/visionciudadana.com.mx\/oficial\/wp-json\/wp\/v2\/users\/1"}],"replies":[{"embeddable":true,"href":"https:\/\/visionciudadana.com.mx\/oficial\/wp-json\/wp\/v2\/comments?post=16623"}],"version-history":[{"count":1,"href":"https:\/\/visionciudadana.com.mx\/oficial\/wp-json\/wp\/v2\/posts\/16623\/revisions"}],"predecessor-version":[{"id":31221,"href":"https:\/\/visionciudadana.com.mx\/oficial\/wp-json\/wp\/v2\/posts\/16623\/revisions\/31221"}],"wp:featuredmedia":[{"embeddable":true,"href":"https:\/\/visionciudadana.com.mx\/oficial\/wp-json\/wp\/v2\/posts\/161"}],"wp:attachment":[{"href":"https:\/\/visionciudadana.com.mx\/oficial\/wp-json\/wp\/v2\/media?parent=16623"}],"wp:term":[{"taxonomy":"category","embeddable":true,"href":"https:\/\/visionciudadana.com.mx\/oficial\/wp-json\/wp\/v2\/categories?post=16623"},{"taxonomy":"post_tag","embeddable":true,"href":"https:\/\/visionciudadana.com.mx\/oficial\/wp-json\/wp\/v2\/tags?post=16623"},{"taxonomy":"author","embeddable":true,"href":"https:\/\/visionciudadana.com.mx\/oficial\/wp-json\/wp\/v2\/ppma_author?post=16623"}],"curies":[{"name":"wp","href":"https:\/\/api.w.org\/{rel}","templated":true}]}}