{"id":16622,"date":"2021-04-06T03:19:05","date_gmt":"2021-04-06T03:19:05","guid":{"rendered":"https:\/\/visionciudadana.com.mx\/chio\/2021\/04\/06\/en-mi-gobierno-tendran-certeza-los-empresarios-que-inviertan-en-culiacan-no-habra-traba-burocratica-faustino-hernandez\/"},"modified":"2025-06-25T00:16:39","modified_gmt":"2025-06-25T00:16:39","slug":"en-mi-gobierno-tendran-certeza-los-empresarios-que-inviertan-en-culiacan-no-habra-traba-burocratica-faustino-hernandez","status":"publish","type":"post","link":"https:\/\/visionciudadana.com.mx\/oficial\/2021\/04\/06\/en-mi-gobierno-tendran-certeza-los-empresarios-que-inviertan-en-culiacan-no-habra-traba-burocratica-faustino-hernandez\/","title":{"rendered":"En mi Gobierno tendr\u00e1n certeza los empresarios que inviertan en Culiac\u00e1n, no habr\u00e1 traba burocr\u00e1tica: Faustino Hern\u00e1ndez"},"content":{"rendered":"<p><img fetchpriority=\"high\" decoding=\"async\" src=\"images\/abril21\/faustino-economia.jpg\" alt=\"faustino economia\" width=\"720\" height=\"480\" style=\"display: block; margin: 20px auto;\" \/><\/p>\n<p style=\"text-align: justify;\"><span style=\"font-size: 14pt; font-family: arial, helvetica, sans-serif;\">El candidato del PRI, PAN y PRD a la Alcald\u00eda de Culiac\u00e1n, Faustino Hern\u00e1ndez \u00c1lvarez,&nbsp;&nbsp; se comprometi\u00f3 a encabezar un gobierno municipal&nbsp; facilitador y promotor de inversiones para reactivar de inmediato una econom\u00eda lastimada por la pandemia del Covid-19.<\/span><\/p>\n<p style=\"text-align: justify;\"><span style=\"font-size: 14pt; font-family: arial, helvetica, sans-serif;\">En especial, destac\u00f3 la necesidad de apoyar de manera urgente a los peque\u00f1os y medianos empresarios ya que ha sido el sector m\u00e1s afectado por emergencia sanitaria.<\/span><\/p>\n<p style=\"text-align: justify;\"><span style=\"font-size: 14pt; font-family: arial, helvetica, sans-serif;\">\u201cLo que ocupamos es facilitar a los empresarios les gusta que los escuchen y yo los escucho, y aprendo\u00bb.<\/span><\/p>\n<p style=\"text-align: justify;\"><span style=\"font-size: 14pt; font-family: arial, helvetica, sans-serif;\">\u201cVamos a darle la certeza a los empresarios para que inviertan en Culiac\u00e1n\u201d, dijo.<\/span><\/p>\n<p style=\"text-align: justify;\"><span style=\"font-size: 14pt; font-family: arial, helvetica, sans-serif;\">En conferencia de prensa,&nbsp; destac\u00f3 la importancia de eliminar las trabas burocr\u00e1ticas que se han incrementado durante esta administraci\u00f3n municipal, y que impiden fluir de manera adecuada las inversiones que tanto requiere la capital del estado de Sinaloa.<\/span><\/p>\n<p style=\"text-align: justify;\"><span style=\"font-size: 14pt; font-family: arial, helvetica, sans-serif;\">Se\u00f1al\u00f3 que gracias a su labor como regidor durante dos administraciones, conoce la manera de lograr eliminar tantas trabas burocr\u00e1ticas que actualmente inhiben a los empresarios.<\/span><\/p>\n<p style=\"text-align: justify;\"><span style=\"font-size: 14pt; font-family: arial, helvetica, sans-serif;\">\u201cYo fui regidor y facilitador de la inversi\u00f3n durante la administraci\u00f3n de Jes\u00fas Vald\u00e9s: nunca hubo una traba para impulsar la econom\u00eda en Culiac\u00e1n, y como la verdad conozco el tema, s\u00e9 que lo podemos lograr: facilitar las cosas para que haya menos burocracia, y sobre todo, se agilice cualquier tr\u00e1mite\u201d, se\u00f1al\u00f3.<\/span><\/p>\n<p style=\"text-align: justify;\"><span style=\"font-size: 14pt; font-family: arial, helvetica, sans-serif;\">De igual manera, Faustino Hern\u00e1ndez \u00c1lvarez se comprometi\u00f3 a mejorar de manera sustancial la seguridad&nbsp; dado que resulta uno de los reclamos m\u00e1s sentidos de los empresarios.&nbsp;<\/span><\/p>\n<p style=\"text-align: justify;\"><span style=\"font-size: 14pt; font-family: arial, helvetica, sans-serif;\">Tambi\u00e9n, el candidato del PRI, PAN y PRD&nbsp; a la Alcald\u00eda de Culiac\u00e1n se comprometi\u00f3 a atender de manera puntual uno de los sectores econ\u00f3micos m\u00e1s importantes del estado, como son el agropecuario y pesquero, con la creaci\u00f3n de una direcci\u00f3n de Asuntos Agropecuarios para atender este sector y darles respuesta a sus demandas.<\/span><\/p>\n<p style=\"text-align: justify;\"><span style=\"font-size: 14pt; font-family: arial, helvetica, sans-serif;\">En concreto, el candidato del PAN, PRI y PRD a la Alcald\u00eda de Culiac\u00e1n propuso mejorar el estado de derecho, impulsar un programa de mejora regulatoria, acabar con la burocracia, multiplicar los esfuerzos de financiamiento, fortalecer la infraestructura de los mercados e impulsar el mejoramiento del Centro Hist\u00f3rico de Culiac\u00e1n, para aprovechar su potencial comercial y tur\u00edstico.<\/span><\/p>\n<p style=\"text-align: justify;\"><span style=\"font-size: 14pt; font-family: arial, helvetica, sans-serif;\">De igual manera se comprometi\u00f3 a establecer una gran coordinaci\u00f3n con los sectores productivos, sumar esfuerzos con empresarios, productores agr\u00edcolas, ganaderos, pescadores y comerciantes, y mantener un amplio di\u00e1logo con todos los sectores.<\/span><\/p>\n<p style=\"text-align: justify;\"><span style=\"font-size: 14pt; font-family: arial, helvetica, sans-serif;\">\u201cSiempre tendr\u00e1n en mi gobierno las puestas abiertas y la disposici\u00f3n para dialogar y construir acuerdos en beneficio de la gente de Culiac\u00e1n\u00bb.<\/span><\/p>\n<p>&nbsp;<\/p>\n<p>&nbsp;<\/p>\n<p>&nbsp;<\/p>\n<p>&nbsp;<\/p>\n<p>&nbsp;<\/p>\n<p style=\"text-align: justify;\"><span style=\"font-size: 14pt; font-family: arial, helvetica, sans-serif;\">REDACCION\/VISIONCIUDADANA<\/span><\/p>\n","protected":false},"excerpt":{"rendered":"<p>El candidato del PRI, PAN y PRD a la Alcald\u00eda de Culiac\u00e1n, Faustino Hern\u00e1ndez \u00c1lvarez,&nbsp;&nbsp; se comprometi\u00f3 a encabezar un gobierno municipal&nbsp; facilitador y promotor de inversiones para reactivar de inmediato una econom\u00eda lastimada por la pandemia del Covid-19. En especial, destac\u00f3 la necesidad de apoyar de manera urgente a los peque\u00f1os y medianos empresarios [&hellip;]<\/p>\n","protected":false},"author":1,"featured_media":159,"comment_status":"closed","ping_status":"closed","sticky":false,"template":"","format":"standard","meta":{"footnotes":""},"categories":[24],"tags":[],"ppma_author":[31],"class_list":["post-16622","post","type-post","status-publish","format-standard","has-post-thumbnail","hentry","category-relevantes"],"aioseo_notices":[],"authors":[{"term_id":31,"user_id":1,"is_guest":0,"slug":"ivan3vino","display_name":"Iv\u00e1n Trevi\u00f1o","avatar_url":{"url":"https:\/\/visionciudadana.com.mx\/oficial\/wp-content\/uploads\/2025\/09\/columna-ivan-Trevino.png","url2x":"https:\/\/visionciudadana.com.mx\/oficial\/wp-content\/uploads\/2025\/09\/columna-ivan-Trevino.png"},"0":null,"1":"","2":"","3":"","4":"","5":"","6":"","7":"","8":""}],"_links":{"self":[{"href":"https:\/\/visionciudadana.com.mx\/oficial\/wp-json\/wp\/v2\/posts\/16622","targetHints":{"allow":["GET"]}}],"collection":[{"href":"https:\/\/visionciudadana.com.mx\/oficial\/wp-json\/wp\/v2\/posts"}],"about":[{"href":"https:\/\/visionciudadana.com.mx\/oficial\/wp-json\/wp\/v2\/types\/post"}],"author":[{"embeddable":true,"href":"https:\/\/visionciudadana.com.mx\/oficial\/wp-json\/wp\/v2\/users\/1"}],"replies":[{"embeddable":true,"href":"https:\/\/visionciudadana.com.mx\/oficial\/wp-json\/wp\/v2\/comments?post=16622"}],"version-history":[{"count":1,"href":"https:\/\/visionciudadana.com.mx\/oficial\/wp-json\/wp\/v2\/posts\/16622\/revisions"}],"predecessor-version":[{"id":31222,"href":"https:\/\/visionciudadana.com.mx\/oficial\/wp-json\/wp\/v2\/posts\/16622\/revisions\/31222"}],"wp:featuredmedia":[{"embeddable":true,"href":"https:\/\/visionciudadana.com.mx\/oficial\/wp-json\/wp\/v2\/posts\/159"}],"wp:attachment":[{"href":"https:\/\/visionciudadana.com.mx\/oficial\/wp-json\/wp\/v2\/media?parent=16622"}],"wp:term":[{"taxonomy":"category","embeddable":true,"href":"https:\/\/visionciudadana.com.mx\/oficial\/wp-json\/wp\/v2\/categories?post=16622"},{"taxonomy":"post_tag","embeddable":true,"href":"https:\/\/visionciudadana.com.mx\/oficial\/wp-json\/wp\/v2\/tags?post=16622"},{"taxonomy":"author","embeddable":true,"href":"https:\/\/visionciudadana.com.mx\/oficial\/wp-json\/wp\/v2\/ppma_author?post=16622"}],"curies":[{"name":"wp","href":"https:\/\/api.w.org\/{rel}","templated":true}]}}