{"id":16621,"date":"2021-04-06T03:04:17","date_gmt":"2021-04-06T03:04:17","guid":{"rendered":"https:\/\/visionciudadana.com.mx\/chio\/2021\/04\/06\/la-unidad-pas-morena-rendira-buenas-cuentas-el-proximo-6-de-junio-se-va-a-arrasar-hector-melesio-cuen-ojeda\/"},"modified":"2025-06-25T00:16:39","modified_gmt":"2025-06-25T00:16:39","slug":"la-unidad-pas-morena-rendira-buenas-cuentas-el-proximo-6-de-junio-se-va-a-arrasar-hector-melesio-cuen-ojeda","status":"publish","type":"post","link":"https:\/\/visionciudadana.com.mx\/oficial\/2021\/04\/06\/la-unidad-pas-morena-rendira-buenas-cuentas-el-proximo-6-de-junio-se-va-a-arrasar-hector-melesio-cuen-ojeda\/","title":{"rendered":"\u201cLa unidad PAS-MORENA rendir\u00e1 buenas cuentas el pr\u00f3ximo 6 de junio, se va a arrasar\u201d: H\u00e9ctor Melesio Cu\u00e9n Ojeda."},"content":{"rendered":"<p><img fetchpriority=\"high\" decoding=\"async\" src=\"images\/abril21\/rocha-cuen.jpg\" alt=\"rocha cuen\" width=\"720\" height=\"480\" style=\"display: block; margin: 20px auto;\" \/><\/p>\n<p style=\"text-align: justify;\"><span style=\"font-size: 14pt; font-family: arial, helvetica, sans-serif;\">Recibe el candidato presidencial al municipio de Sinaloa, Wascar Torres, al candidato com\u00fan de la unidad PAS-Morena a gobernador, Rub\u00e9n Rocha Moya, tambi\u00e9n estuvieron presentes el candidato a la diputaci\u00f3n local por el distrito 6, Rom\u00e1n Rubio, la presidenta del Comit\u00e9 Directivo Municipal del PAS Agla\u00e9 Higuera Osuna y el presidente del Partido Sinaloense, H\u00e9ctor Melesio Cu\u00e9n Ojeda.<\/span><\/p>\n<p><span style=\"font-size: 14pt; font-family: arial, helvetica, sans-serif;\"> <\/span><\/p>\n<p style=\"text-align: justify;\"><span style=\"font-size: 14pt; font-family: arial, helvetica, sans-serif;\">Wascar Torres manifest\u00f3 que en este municipio ser\u00e1 de la 4T, y que le dar\u00e1 el triunfo al Dr. Rub\u00e9n Rocha Moya junto al candidato del distrito 6 Rom\u00e1n Rubio, al hacer un recuento general de los l\u00edderes sociales que se encontraban en la reuni\u00f3n, donde se apreci\u00f3 la representaci\u00f3n de comisar\u00edas, comunidades y pueblos aleda\u00f1os a la cabecera municipal<\/span><br \/><span style=\"font-size: 14pt; font-family: arial, helvetica, sans-serif;\"> <\/span><\/p>\n<p style=\"text-align: justify;\"><span style=\"font-size: 14pt; font-family: arial, helvetica, sans-serif;\">Rocha Moya destac\u00f3 que en este municipio y en casi todos los alte\u00f1os de Sinaloa, que las familias est\u00e1n marcadas por la desigualdad, por la pobreza y por carecer de lo m\u00e1s indispensable para satisfacer sus necesidades, los programas sociales tendr\u00e1n un gran impacto, porque el lema del presidente es \u201cprimero los pobres\u201d y que ganando \u00e9l la gubernatura apoyar\u00e1 con todo para que los hogares tengan un gran cambio positivo.<\/span><\/p>\n<p><span style=\"font-size: 14pt; font-family: arial, helvetica, sans-serif;\"> H\u00e9ctor Melesio Cu\u00e9n Ojeda reflexion\u00f3 lo siguiente: \u201cConozco desde hace 40 a\u00f1os al Dr. Rub\u00e9n Rocha Moya, conozco de su lucha social a favor de las comunidades que menos tiene, de las causa justas de los agricultores, de su inter\u00e9s por impulsar la educaci\u00f3n en cada localidad para que los j\u00f3venes tengan un mejor futuro, por algo fue Senador de la rep\u00fablica y presidente de la Comisi\u00f3n de Educaci\u00f3n e impulsor y creador de Ley de educaci\u00f3n Superior que garantiza el acceso gratuito a los adolescentes a cursar una carrera universitaria, por eso, Wascar Torres, ser\u00e1 presidente municipal de Sinaloa, Rom\u00e1n Rubio ser\u00e1 diputado local y Rub\u00e9n Rocha Moya Gobernador de Sinaloa\u201d.<\/span><\/p>\n<p>&nbsp;<\/p>\n<p>&nbsp;<\/p>\n<p>&nbsp;<\/p>\n<p>&nbsp;<\/p>\n<p>&nbsp;<\/p>\n<p>&nbsp;<\/p>\n<p>&nbsp;<\/p>\n<p>&nbsp;<\/p>\n<p style=\"text-align: justify;\"><span style=\"font-size: 14pt; font-family: arial, helvetica, sans-serif;\">REDACCION\/VISIONCIUDADANA<\/span><\/p>\n","protected":false},"excerpt":{"rendered":"<p>Recibe el candidato presidencial al municipio de Sinaloa, Wascar Torres, al candidato com\u00fan de la unidad PAS-Morena a gobernador, Rub\u00e9n Rocha Moya, tambi\u00e9n estuvieron presentes el candidato a la diputaci\u00f3n local por el distrito 6, Rom\u00e1n Rubio, la presidenta del Comit\u00e9 Directivo Municipal del PAS Agla\u00e9 Higuera Osuna y el presidente del Partido Sinaloense, H\u00e9ctor [&hellip;]<\/p>\n","protected":false},"author":1,"featured_media":157,"comment_status":"closed","ping_status":"closed","sticky":false,"template":"","format":"standard","meta":{"footnotes":""},"categories":[24],"tags":[],"ppma_author":[31],"class_list":["post-16621","post","type-post","status-publish","format-standard","has-post-thumbnail","hentry","category-relevantes"],"aioseo_notices":[],"authors":[{"term_id":31,"user_id":1,"is_guest":0,"slug":"ivan3vino","display_name":"Iv\u00e1n Trevi\u00f1o","avatar_url":{"url":"https:\/\/visionciudadana.com.mx\/oficial\/wp-content\/uploads\/2025\/09\/columna-ivan-Trevino.png","url2x":"https:\/\/visionciudadana.com.mx\/oficial\/wp-content\/uploads\/2025\/09\/columna-ivan-Trevino.png"},"0":null,"1":"","2":"","3":"","4":"","5":"","6":"","7":"","8":""}],"_links":{"self":[{"href":"https:\/\/visionciudadana.com.mx\/oficial\/wp-json\/wp\/v2\/posts\/16621","targetHints":{"allow":["GET"]}}],"collection":[{"href":"https:\/\/visionciudadana.com.mx\/oficial\/wp-json\/wp\/v2\/posts"}],"about":[{"href":"https:\/\/visionciudadana.com.mx\/oficial\/wp-json\/wp\/v2\/types\/post"}],"author":[{"embeddable":true,"href":"https:\/\/visionciudadana.com.mx\/oficial\/wp-json\/wp\/v2\/users\/1"}],"replies":[{"embeddable":true,"href":"https:\/\/visionciudadana.com.mx\/oficial\/wp-json\/wp\/v2\/comments?post=16621"}],"version-history":[{"count":1,"href":"https:\/\/visionciudadana.com.mx\/oficial\/wp-json\/wp\/v2\/posts\/16621\/revisions"}],"predecessor-version":[{"id":31223,"href":"https:\/\/visionciudadana.com.mx\/oficial\/wp-json\/wp\/v2\/posts\/16621\/revisions\/31223"}],"wp:featuredmedia":[{"embeddable":true,"href":"https:\/\/visionciudadana.com.mx\/oficial\/wp-json\/wp\/v2\/posts\/157"}],"wp:attachment":[{"href":"https:\/\/visionciudadana.com.mx\/oficial\/wp-json\/wp\/v2\/media?parent=16621"}],"wp:term":[{"taxonomy":"category","embeddable":true,"href":"https:\/\/visionciudadana.com.mx\/oficial\/wp-json\/wp\/v2\/categories?post=16621"},{"taxonomy":"post_tag","embeddable":true,"href":"https:\/\/visionciudadana.com.mx\/oficial\/wp-json\/wp\/v2\/tags?post=16621"},{"taxonomy":"author","embeddable":true,"href":"https:\/\/visionciudadana.com.mx\/oficial\/wp-json\/wp\/v2\/ppma_author?post=16621"}],"curies":[{"name":"wp","href":"https:\/\/api.w.org\/{rel}","templated":true}]}}