{"id":16620,"date":"2021-04-06T02:56:56","date_gmt":"2021-04-06T02:56:56","guid":{"rendered":"https:\/\/visionciudadana.com.mx\/chio\/2021\/04\/06\/la-gente-se-duele-de-eliminacion-de-programas-sociales-los-regresaremos-a-sinaloa-mario-zamora\/"},"modified":"2025-06-25T00:16:39","modified_gmt":"2025-06-25T00:16:39","slug":"la-gente-se-duele-de-eliminacion-de-programas-sociales-los-regresaremos-a-sinaloa-mario-zamora","status":"publish","type":"post","link":"https:\/\/visionciudadana.com.mx\/oficial\/2021\/04\/06\/la-gente-se-duele-de-eliminacion-de-programas-sociales-los-regresaremos-a-sinaloa-mario-zamora\/","title":{"rendered":"La gente se duele de eliminaci\u00f3n de programas sociales; los regresaremos a Sinaloa: Mario Zamora"},"content":{"rendered":"<p><img fetchpriority=\"high\" decoding=\"async\" src=\"images\/abril21\/mz-programas-sociales.jpg\" alt=\"mz programas sociales\" width=\"720\" height=\"480\" style=\"display: block; margin: 20px auto;\" \/><\/p>\n<p style=\"text-align: justify;\"><span style=\"font-size: 14pt; font-family: arial, helvetica, sans-serif;\">Hay cosas que nos quitaron y hay muchas cosas que nos hacen falta, externaron madres de familia, due\u00f1as de guarder\u00edas, y ciudadan\u00eda de Los Mochis, afectadas por la eliminaci\u00f3n de los programas federales, al sostener un encuentro cercano con el pr\u00f3ximo gobernador de Sinaloa, por la alianza \u201cVa por Sinaloa\u201d, Mario Zamora Gast\u00e9lum.<\/span><\/p>\n<p>&nbsp;<\/p>\n<p style=\"text-align: justify;\"><span style=\"font-size: 14pt; font-family: arial, helvetica, sans-serif;\">Al arribar a la colonia Siglo XXI de Los Mochis, acompa\u00f1ado por el candidato a la diputaci\u00f3n local por el distrito 05, Ariel Aguilar y el aspirante a presidente municipal de Ahome, Marcos Osuna; Mario Zamora Gast\u00e9lum, asegur\u00f3 que, \u201custedes van a estar mejor, porque van a tener un gobierno cercano, un gobierno atento, un gobierno que junto con ustedes, venga a solucionarles las cosas\u201d.<\/span><\/p>\n<p>&nbsp;<\/p>\n<p style=\"text-align: justify;\"><span style=\"font-size: 14pt; font-family: arial, helvetica, sans-serif;\">En ese di\u00e1logo, Mario Zamora, se comprometi\u00f3 a regresar los programas sociales de los cuales eran beneficiarios, como PROSPERA, Estancias Infantiles, y Escuelas de Tiempo Completo.<\/span><\/p>\n<p>&nbsp;<\/p>\n<p style=\"text-align: justify;\"><span style=\"font-size: 14pt; font-family: arial, helvetica, sans-serif;\">Reiter\u00f3 que ninguna ni\u00f1a y ni\u00f1o de Sinaloa tendr\u00e1 que dejar la escuela por falta de dinero, pues en su gobierno, entregar\u00e1 beca directa para todos los estudiantes.<\/span><\/p>\n<p>&nbsp;<\/p>\n<p style=\"text-align: justify;\"><span style=\"font-size: 14pt; font-family: arial, helvetica, sans-serif;\">\u201cDonde hemos estado hemos buscado ayudar, porque nunca he quedado mal, tengo palabra, como buen sinaloense, tenemos palabra y cuidamos la palabra\u201d, expres\u00f3 Mario Zamora.<\/span><\/p>\n<p>&nbsp;<\/p>\n<p style=\"text-align: justify;\"><span style=\"font-size: 14pt; font-family: arial, helvetica, sans-serif;\">Durante el encuentro, el candidato a gobernador, manifest\u00f3 que en esta elecci\u00f3n se junt\u00f3 el PRI, PAN y PRD, porque \u201cqueremos que a la gente le vaya mejor\u201d.<\/span><\/p>\n<p>&nbsp;<\/p>\n<p style=\"text-align: justify;\"><span style=\"font-size: 14pt; font-family: arial, helvetica, sans-serif;\">Tambi\u00e9n propuso pavimentar un gran n\u00famero de calles de Ahome, equipar el Centro Urbano con medicamento y llevar personal m\u00e9dico de este sector.<\/span><\/p>\n<p>&nbsp;<\/p>\n<p style=\"text-align: justify;\"><span style=\"font-size: 14pt; font-family: arial, helvetica, sans-serif;\">Mario Zamora afirm\u00f3 que en su gobierno acercar\u00e1 la salud y la educaci\u00f3n, y que la gente que quiera salir adelante, tenga un cr\u00e9dito barato, como el que ofrecer\u00e1 a trav\u00e9s de la Financiera Estatal, con una tasa baja de inter\u00e9s.<\/span><\/p>\n<p>&nbsp;<\/p>\n<p style=\"text-align: justify;\"><span style=\"font-size: 14pt; font-family: arial, helvetica, sans-serif;\">El candidato a gobernador, concluy\u00f3 que, en esta elecci\u00f3n, \u201cnos estamos jugando todo, qu\u00e9 vamos a hacer en el presente para tener un mejor futuro,<\/span><\/p>\n<p>&nbsp;<\/p>\n<p>&nbsp;<\/p>\n<p>&nbsp;<\/p>\n<p>&nbsp;<\/p>\n<p>&nbsp;<\/p>\n<p style=\"text-align: justify;\"><span style=\"font-size: 12pt; font-family: arial, helvetica, sans-serif;\">REDACCION\/VISIONCIUDADANA<\/span><\/p>\n","protected":false},"excerpt":{"rendered":"<p>Hay cosas que nos quitaron y hay muchas cosas que nos hacen falta, externaron madres de familia, due\u00f1as de guarder\u00edas, y ciudadan\u00eda de Los Mochis, afectadas por la eliminaci\u00f3n de los programas federales, al sostener un encuentro cercano con el pr\u00f3ximo gobernador de Sinaloa, por la alianza \u201cVa por Sinaloa\u201d, Mario Zamora Gast\u00e9lum. &nbsp; Al [&hellip;]<\/p>\n","protected":false},"author":1,"featured_media":155,"comment_status":"closed","ping_status":"closed","sticky":false,"template":"","format":"standard","meta":{"footnotes":""},"categories":[24],"tags":[],"ppma_author":[31],"class_list":["post-16620","post","type-post","status-publish","format-standard","has-post-thumbnail","hentry","category-relevantes"],"aioseo_notices":[],"authors":[{"term_id":31,"user_id":1,"is_guest":0,"slug":"ivan3vino","display_name":"Iv\u00e1n Trevi\u00f1o","avatar_url":{"url":"https:\/\/visionciudadana.com.mx\/oficial\/wp-content\/uploads\/2025\/09\/columna-ivan-Trevino.png","url2x":"https:\/\/visionciudadana.com.mx\/oficial\/wp-content\/uploads\/2025\/09\/columna-ivan-Trevino.png"},"0":null,"1":"","2":"","3":"","4":"","5":"","6":"","7":"","8":""}],"_links":{"self":[{"href":"https:\/\/visionciudadana.com.mx\/oficial\/wp-json\/wp\/v2\/posts\/16620","targetHints":{"allow":["GET"]}}],"collection":[{"href":"https:\/\/visionciudadana.com.mx\/oficial\/wp-json\/wp\/v2\/posts"}],"about":[{"href":"https:\/\/visionciudadana.com.mx\/oficial\/wp-json\/wp\/v2\/types\/post"}],"author":[{"embeddable":true,"href":"https:\/\/visionciudadana.com.mx\/oficial\/wp-json\/wp\/v2\/users\/1"}],"replies":[{"embeddable":true,"href":"https:\/\/visionciudadana.com.mx\/oficial\/wp-json\/wp\/v2\/comments?post=16620"}],"version-history":[{"count":1,"href":"https:\/\/visionciudadana.com.mx\/oficial\/wp-json\/wp\/v2\/posts\/16620\/revisions"}],"predecessor-version":[{"id":31224,"href":"https:\/\/visionciudadana.com.mx\/oficial\/wp-json\/wp\/v2\/posts\/16620\/revisions\/31224"}],"wp:featuredmedia":[{"embeddable":true,"href":"https:\/\/visionciudadana.com.mx\/oficial\/wp-json\/wp\/v2\/posts\/155"}],"wp:attachment":[{"href":"https:\/\/visionciudadana.com.mx\/oficial\/wp-json\/wp\/v2\/media?parent=16620"}],"wp:term":[{"taxonomy":"category","embeddable":true,"href":"https:\/\/visionciudadana.com.mx\/oficial\/wp-json\/wp\/v2\/categories?post=16620"},{"taxonomy":"post_tag","embeddable":true,"href":"https:\/\/visionciudadana.com.mx\/oficial\/wp-json\/wp\/v2\/tags?post=16620"},{"taxonomy":"author","embeddable":true,"href":"https:\/\/visionciudadana.com.mx\/oficial\/wp-json\/wp\/v2\/ppma_author?post=16620"}],"curies":[{"name":"wp","href":"https:\/\/api.w.org\/{rel}","templated":true}]}}