{"id":16617,"date":"2021-04-05T19:20:16","date_gmt":"2021-04-05T19:20:16","guid":{"rendered":"https:\/\/visionciudadana.com.mx\/chio\/2021\/04\/05\/con-financiera-estatal-se-reactivara-la-economia-de-sinaloa-mario-zamora\/"},"modified":"2025-06-25T00:16:40","modified_gmt":"2025-06-25T00:16:40","slug":"con-financiera-estatal-se-reactivara-la-economia-de-sinaloa-mario-zamora","status":"publish","type":"post","link":"https:\/\/visionciudadana.com.mx\/oficial\/2021\/04\/05\/con-financiera-estatal-se-reactivara-la-economia-de-sinaloa-mario-zamora\/","title":{"rendered":"Con Financiera Estatal se reactivar\u00e1 la econom\u00eda de Sinaloa: Mario Zamora"},"content":{"rendered":"<p><img fetchpriority=\"high\" decoding=\"async\" src=\"images\/abril21\/mz-financiera-rural.jpg\" alt=\"mz financiera rural\" width=\"720\" height=\"480\" style=\"display: block; margin: 20px auto;\" \/><\/p>\n<p style=\"text-align: justify;\"><span style=\"font-size: 14pt; font-family: arial, helvetica, sans-serif;\">Como parte de las actividades de su segundo d\u00eda de campa\u00f1a por la gubernatura, en conferencia de prensa desde Los Mochis, el candidato de la alianza \u201cVa por Sinaloa\u201d, Mario Zamora Gast\u00e9lum, afirm\u00f3 que reactivar\u00e1 la econom\u00eda de Sinaloa, con la creaci\u00f3n de una Financiera Estatal, que ofrecer\u00e1 a la ciudadan\u00eda mil millones de d\u00f3lares en cr\u00e9ditos baratos, para la gente que quiera salir adelante.<\/span><\/p>\n<p>&nbsp;<\/p>\n<p style=\"text-align: justify;\"><span style=\"font-size: 14pt; font-family: arial, helvetica, sans-serif;\">En compa\u00f1\u00eda del candidato a la alcald\u00eda de Ahome, Marcos Osuna, aspirantes a diputados locales y federal de esta alianza conformada por el PRI, PRD y PAN, el pr\u00f3ximo gobernador de Sinaloa, manifest\u00f3 que ante la crisis econ\u00f3mica que se vive en el pa\u00eds, \u201cuna manera de ayudar, como ha sido en el mundo, cuando una econom\u00eda se ve en dificultades, el mejor ant\u00eddoto, la mejor manera de rehabilitar la econom\u00eda, lo dicen todos los expertos es el cr\u00e9dito\u201d.<\/span><\/p>\n<p>&nbsp;<\/p>\n<p style=\"text-align: justify;\"><span style=\"font-size: 14pt; font-family: arial, helvetica, sans-serif;\">En ese sentido, Mario Zamora Gast\u00e9lum, dijo que al igual que como lo hizo cuando fue director de la Financiera Nacional de Desarrollo Rural, traer\u00e1 500 millones de d\u00f3lares del Banco Mundial y 500 millones de d\u00f3lares del Banco Interamericano de Desarrollo.<\/span><\/p>\n<p>&nbsp;<\/p>\n<p style=\"text-align: justify;\"><span style=\"font-size: 14pt; font-family: arial, helvetica, sans-serif;\">\u201cCr\u00e9dito barato para poner dinero fresco y nuevo en manos de gente trabajadora, para que salga adelante, y que gane el que trabaja y no el que presta\u201d, expuso el candidato.<\/span><\/p>\n<p>&nbsp;<\/p>\n<p style=\"text-align: justify;\"><span style=\"font-size: 14pt; font-family: arial, helvetica, sans-serif;\">Mario Zamora detall\u00f3 que ser\u00e1 un cr\u00e9dito blando con una tasa de inter\u00e9s de apenas el 6 y 7 por ciento, anual.<\/span><\/p>\n<p>&nbsp;<\/p>\n<p style=\"text-align: justify;\"><span style=\"font-size: 14pt; font-family: arial, helvetica, sans-serif;\">\u201cNo para el gobierno, para la gente, para el taquero, para el yardero, para el que siembra, para el que pesca, para el ganadero, para todo aquel que quiera salir adelante por su esfuerzo, ganas y su talento\u201d, dijo.<\/span><\/p>\n<p>&nbsp;<\/p>\n<p style=\"text-align: justify;\"><span style=\"font-size: 14pt; font-family: arial, helvetica, sans-serif;\">El pr\u00f3ximo gobernador afirm\u00f3 que no tomar\u00e1 los recursos provenientes de la Federaci\u00f3n, para crear la Financiera Estatal.<\/span><\/p>\n<p>&nbsp;<\/p>\n<p style=\"text-align: justify;\"><span style=\"font-size: 14pt; font-family: arial, helvetica, sans-serif;\">Mario Zamora, agreg\u00f3 que tambi\u00e9n pondr\u00e1 a disposici\u00f3n bodegas de almacenamiento en el extranjero, para personas que busquen emprender sus negocios, con la renta del servicio gratis los primeros 6 meses.<\/span><\/p>\n<p>&nbsp;<\/p>\n<p style=\"text-align: justify;\"><span style=\"font-size: 14pt; font-family: arial, helvetica, sans-serif;\">En ese marco, el aspirante se\u00f1al\u00f3 que en M\u00e9xico, las personas que solicitan un cr\u00e9dito, llegan a pagar hasta el 80 por ciento de inter\u00e9s al a\u00f1o.<\/span><\/p>\n<p>&nbsp;<\/p>\n<p style=\"text-align: justify;\"><span style=\"font-size: 14pt; font-family: arial, helvetica, sans-serif;\">Mario Zamora Gast\u00e9lum, dijo que el objetivo de la Financiera Estatal, es que las personas que quieran emprender un negocio o hacerlo crecer, puedan hacer rendir su dinero.<\/span><\/p>\n<p>&nbsp;<\/p>\n<p style=\"text-align: justify;\"><span style=\"font-size: 14pt; font-family: arial, helvetica, sans-serif;\">Durante la rueda de prensa, record\u00f3 otras de sus propuestas, como la creaci\u00f3n de la Secretar\u00eda de la Familia, becas directas para los estudiantes, el regreso del Programa de Escuelas de Tiempo Completo a Sinaloa, y escuelas p\u00fablicas con acceso a internet gratuito.<\/span><\/p>\n<p>&nbsp;<\/p>\n<p style=\"text-align: justify;\"><span style=\"font-size: 14pt; font-family: arial, helvetica, sans-serif;\">\u201cNo tengan la menor duda, que los mejores d\u00edas de Sinaloa y Ahome, est\u00e1n por venir\u201d, concluy\u00f3 Mario Zamora quien por la ma\u00f1ana recorri\u00f3 la Yarda Grande y despu\u00e9s se reuni\u00f3 con l\u00edderes de sectores productivos y empresarios ante quienes expres\u00f3 que el objetivo de su gobierno, siempre, ser\u00e1 que a la gente le vaya mejor.<\/span><\/p>\n<p>&nbsp;<\/p>\n<p>&nbsp;<\/p>\n<p>&nbsp;<\/p>\n<p>&nbsp;<\/p>\n<p>&nbsp;<\/p>\n<p>&nbsp;<\/p>\n<p>&nbsp;<\/p>\n<p>&nbsp;<\/p>\n<p>&nbsp;<\/p>\n<p style=\"text-align: justify;\"><span style=\"font-size: 14pt; font-family: arial, helvetica, sans-serif;\">Redacci\u00f3n\/Visionciudadana<\/span><\/p>\n","protected":false},"excerpt":{"rendered":"<p>Como parte de las actividades de su segundo d\u00eda de campa\u00f1a por la gubernatura, en conferencia de prensa desde Los Mochis, el candidato de la alianza \u201cVa por Sinaloa\u201d, Mario Zamora Gast\u00e9lum, afirm\u00f3 que reactivar\u00e1 la econom\u00eda de Sinaloa, con la creaci\u00f3n de una Financiera Estatal, que ofrecer\u00e1 a la ciudadan\u00eda mil millones de d\u00f3lares [&hellip;]<\/p>\n","protected":false},"author":1,"featured_media":150,"comment_status":"closed","ping_status":"closed","sticky":false,"template":"","format":"standard","meta":{"footnotes":""},"categories":[24],"tags":[],"ppma_author":[31],"class_list":["post-16617","post","type-post","status-publish","format-standard","has-post-thumbnail","hentry","category-relevantes"],"aioseo_notices":[],"authors":[{"term_id":31,"user_id":1,"is_guest":0,"slug":"ivan3vino","display_name":"Iv\u00e1n Trevi\u00f1o","avatar_url":{"url":"https:\/\/visionciudadana.com.mx\/oficial\/wp-content\/uploads\/2025\/09\/columna-ivan-Trevino.png","url2x":"https:\/\/visionciudadana.com.mx\/oficial\/wp-content\/uploads\/2025\/09\/columna-ivan-Trevino.png"},"0":null,"1":"","2":"","3":"","4":"","5":"","6":"","7":"","8":""}],"_links":{"self":[{"href":"https:\/\/visionciudadana.com.mx\/oficial\/wp-json\/wp\/v2\/posts\/16617","targetHints":{"allow":["GET"]}}],"collection":[{"href":"https:\/\/visionciudadana.com.mx\/oficial\/wp-json\/wp\/v2\/posts"}],"about":[{"href":"https:\/\/visionciudadana.com.mx\/oficial\/wp-json\/wp\/v2\/types\/post"}],"author":[{"embeddable":true,"href":"https:\/\/visionciudadana.com.mx\/oficial\/wp-json\/wp\/v2\/users\/1"}],"replies":[{"embeddable":true,"href":"https:\/\/visionciudadana.com.mx\/oficial\/wp-json\/wp\/v2\/comments?post=16617"}],"version-history":[{"count":1,"href":"https:\/\/visionciudadana.com.mx\/oficial\/wp-json\/wp\/v2\/posts\/16617\/revisions"}],"predecessor-version":[{"id":31226,"href":"https:\/\/visionciudadana.com.mx\/oficial\/wp-json\/wp\/v2\/posts\/16617\/revisions\/31226"}],"wp:featuredmedia":[{"embeddable":true,"href":"https:\/\/visionciudadana.com.mx\/oficial\/wp-json\/wp\/v2\/media\/150"}],"wp:attachment":[{"href":"https:\/\/visionciudadana.com.mx\/oficial\/wp-json\/wp\/v2\/media?parent=16617"}],"wp:term":[{"taxonomy":"category","embeddable":true,"href":"https:\/\/visionciudadana.com.mx\/oficial\/wp-json\/wp\/v2\/categories?post=16617"},{"taxonomy":"post_tag","embeddable":true,"href":"https:\/\/visionciudadana.com.mx\/oficial\/wp-json\/wp\/v2\/tags?post=16617"},{"taxonomy":"author","embeddable":true,"href":"https:\/\/visionciudadana.com.mx\/oficial\/wp-json\/wp\/v2\/ppma_author?post=16617"}],"curies":[{"name":"wp","href":"https:\/\/api.w.org\/{rel}","templated":true}]}}