{"id":16616,"date":"2021-04-05T19:20:07","date_gmt":"2021-04-05T19:20:07","guid":{"rendered":"https:\/\/visionciudadana.com.mx\/chio\/2021\/04\/05\/con-la-unidad-de-los-candidatos-de-morena-pas-llegara-a-sinaloa-la-transformacion\/"},"modified":"2025-06-25T00:16:40","modified_gmt":"2025-06-25T00:16:40","slug":"con-la-unidad-de-los-candidatos-de-morena-pas-llegara-a-sinaloa-la-transformacion","status":"publish","type":"post","link":"https:\/\/visionciudadana.com.mx\/oficial\/2021\/04\/05\/con-la-unidad-de-los-candidatos-de-morena-pas-llegara-a-sinaloa-la-transformacion\/","title":{"rendered":"Con la unidad de los candidatos de MORENA-PAS llegar\u00e1 a Sinaloa la transformaci\u00f3n"},"content":{"rendered":"<p style=\"text-align: justify;\"><span style=\"font-size: 14pt; font-family: arial, helvetica, sans-serif;\"><\/span><\/p>\n<p>&nbsp;<\/p>\n<p><img fetchpriority=\"high\" decoding=\"async\" src=\"images\/abril21\/rocha-mochis.jpg\" alt=\"rocha mochis\" width=\"720\" height=\"480\" style=\"display: block; margin: 20px auto;\" \/><\/p>\n<p style=\"text-align: justify;\"><span style=\"font-size: 14pt; font-family: arial, helvetica, sans-serif;\">Desde el momento en el que el Movimiento Regeneraci\u00f3n Nacional (MORENA) llegue a gobernar Sinaloa acompa\u00f1ado del Partido Sinaloense (PAS), en nuestro estado se contar\u00e1 una nueva historia, que ser\u00e1 posible a trav\u00e9s de la cuarta transformaci\u00f3n, destac\u00f3 el candidato a la gobernar Sinaloa por la alianza Morena-PAS, Rub\u00e9n Rocha Moya, ante un nutrido grupo de simpatizantes reunidos con sana distancia, en el Parque de la colonia Nuevo Horizonte en Los Mochis.<\/span><\/p>\n<p style=\"text-align: justify;\">&nbsp;<\/p>\n<p style=\"text-align: justify;\"><span style=\"font-size: 14pt; font-family: arial, helvetica, sans-serif;\">Acompa\u00f1ado por los candidatos de MORENA, Gerardo Vargas Landeros, quien aspira a la alcald\u00eda de Ahome; Morena Juana Minerva V\u00e1zquez Gonz\u00e1lez, candidata por el distrito 2, as\u00ed como por el presidente del PAS, Hector Melesio Cuen Ojeda y el delegado electoral de Morena, senador Am\u00e9rico Villarreal, Rub\u00e9n Rocha los convoc\u00f3 a la unidad a fin de ganar cuatro de cuatro, es decir, la gubernatura, diputaciones federales, estatales y los ayuntamientos.<\/span><\/p>\n<p style=\"text-align: justify;\">&nbsp;<\/p>\n<p style=\"text-align: justify;\"><span style=\"font-size: 14pt; font-family: arial, helvetica, sans-serif;\">\u201cQuiero desde aqu\u00ed hacer una convocatoria a los morenistas, a los pasistas, a los simpatizantes de nuestro movimiento, en general a los ciudadanos, para que desde este punto de partida, desde esta campa\u00f1a que va hacer historia, podamos conjuntar esfuerzos en Ahome y todo el estado\u201d.<\/span><\/p>\n<p style=\"text-align: justify;\">&nbsp;<\/p>\n<p style=\"text-align: justify;\"><span style=\"font-size: 14pt; font-family: arial, helvetica, sans-serif;\">El candidato a gobernador por Sinaloa asegur\u00f3 que las candidaturas a las alcald\u00edas por los municipios de Mazatl\u00e1n, Culiac\u00e1n y Ahome no son \u201ccuotas de compensaci\u00f3n, sino que son postulaciones de un proceso democr\u00e1tico, por lo que llam\u00f3 a estos candidatos a que no los distraiga nada y a que sigan adelante a fin de cumplirle a los ciudadanos que le apuestan a la transformaci\u00f3n.<\/span><\/p>\n<p style=\"text-align: justify;\">&nbsp;<\/p>\n<p style=\"text-align: justify;\"><span style=\"font-size: 14pt; font-family: arial, helvetica, sans-serif;\">Dijo que en el Movimiento Regeneraci\u00f3n Nacional de Sinaloa no hay destierros para los militantes que no lleguen a cumplir sus aspiraciones, sino todo lo contrario, se les abre la puerta a la nueva clase pol\u00edtica que transformar\u00e1 a nuestro estado.<\/span><\/p>\n<p style=\"text-align: justify;\">&nbsp;<\/p>\n<p style=\"text-align: justify;\"><span style=\"font-size: 14pt; font-family: arial, helvetica, sans-serif;\">Rocha Moya auguro que gracias a que existe entre los candidatos de MORENA-PAS la voluntad de trabajar juntos van a ganar la gubernatura, diputaciones federales, estatales y los ayuntamientos, de donde gobernar\u00e1n para los que menos tienen y sin corrupci\u00f3n.<\/span><\/p>\n<p style=\"text-align: justify;\">&nbsp;<\/p>\n<p style=\"text-align: justify;\">&nbsp;<\/p>\n<p style=\"text-align: justify;\"><span style=\"font-size: 14pt; font-family: arial, helvetica, sans-serif;\">REDACCI\u00d3N\/VISI\u00d3N CIUDADANA.<\/span><\/p>\n","protected":false},"excerpt":{"rendered":"<p>&nbsp; Desde el momento en el que el Movimiento Regeneraci\u00f3n Nacional (MORENA) llegue a gobernar Sinaloa acompa\u00f1ado del Partido Sinaloense (PAS), en nuestro estado se contar\u00e1 una nueva historia, que ser\u00e1 posible a trav\u00e9s de la cuarta transformaci\u00f3n, destac\u00f3 el candidato a la gobernar Sinaloa por la alianza Morena-PAS, Rub\u00e9n Rocha Moya, ante un nutrido [&hellip;]<\/p>\n","protected":false},"author":1,"featured_media":148,"comment_status":"closed","ping_status":"closed","sticky":false,"template":"","format":"standard","meta":{"footnotes":""},"categories":[24],"tags":[],"ppma_author":[31],"class_list":["post-16616","post","type-post","status-publish","format-standard","has-post-thumbnail","hentry","category-relevantes"],"aioseo_notices":[],"authors":[{"term_id":31,"user_id":1,"is_guest":0,"slug":"ivan3vino","display_name":"Iv\u00e1n Trevi\u00f1o","avatar_url":{"url":"https:\/\/visionciudadana.com.mx\/oficial\/wp-content\/uploads\/2025\/09\/columna-ivan-Trevino.png","url2x":"https:\/\/visionciudadana.com.mx\/oficial\/wp-content\/uploads\/2025\/09\/columna-ivan-Trevino.png"},"0":null,"1":"","2":"","3":"","4":"","5":"","6":"","7":"","8":""}],"_links":{"self":[{"href":"https:\/\/visionciudadana.com.mx\/oficial\/wp-json\/wp\/v2\/posts\/16616","targetHints":{"allow":["GET"]}}],"collection":[{"href":"https:\/\/visionciudadana.com.mx\/oficial\/wp-json\/wp\/v2\/posts"}],"about":[{"href":"https:\/\/visionciudadana.com.mx\/oficial\/wp-json\/wp\/v2\/types\/post"}],"author":[{"embeddable":true,"href":"https:\/\/visionciudadana.com.mx\/oficial\/wp-json\/wp\/v2\/users\/1"}],"replies":[{"embeddable":true,"href":"https:\/\/visionciudadana.com.mx\/oficial\/wp-json\/wp\/v2\/comments?post=16616"}],"version-history":[{"count":1,"href":"https:\/\/visionciudadana.com.mx\/oficial\/wp-json\/wp\/v2\/posts\/16616\/revisions"}],"predecessor-version":[{"id":31227,"href":"https:\/\/visionciudadana.com.mx\/oficial\/wp-json\/wp\/v2\/posts\/16616\/revisions\/31227"}],"wp:featuredmedia":[{"embeddable":true,"href":"https:\/\/visionciudadana.com.mx\/oficial\/wp-json\/wp\/v2\/media\/148"}],"wp:attachment":[{"href":"https:\/\/visionciudadana.com.mx\/oficial\/wp-json\/wp\/v2\/media?parent=16616"}],"wp:term":[{"taxonomy":"category","embeddable":true,"href":"https:\/\/visionciudadana.com.mx\/oficial\/wp-json\/wp\/v2\/categories?post=16616"},{"taxonomy":"post_tag","embeddable":true,"href":"https:\/\/visionciudadana.com.mx\/oficial\/wp-json\/wp\/v2\/tags?post=16616"},{"taxonomy":"author","embeddable":true,"href":"https:\/\/visionciudadana.com.mx\/oficial\/wp-json\/wp\/v2\/ppma_author?post=16616"}],"curies":[{"name":"wp","href":"https:\/\/api.w.org\/{rel}","templated":true}]}}