{"id":16615,"date":"2021-04-05T19:14:21","date_gmt":"2021-04-05T19:14:21","guid":{"rendered":"https:\/\/visionciudadana.com.mx\/chio\/2021\/04\/05\/sinaloa-recibe-vacunas-de-astra-zeneca-para-culiacan-mazatlan-y-escuinapa\/"},"modified":"2025-06-25T00:16:40","modified_gmt":"2025-06-25T00:16:40","slug":"sinaloa-recibe-vacunas-de-astra-zeneca-para-culiacan-mazatlan-y-escuinapa","status":"publish","type":"post","link":"https:\/\/visionciudadana.com.mx\/oficial\/2021\/04\/05\/sinaloa-recibe-vacunas-de-astra-zeneca-para-culiacan-mazatlan-y-escuinapa\/","title":{"rendered":"Sinaloa recibe vacunas de Astra Zeneca para Culiac\u00e1n, Mazatl\u00e1n y Escuinapa"},"content":{"rendered":"<p><img fetchpriority=\"high\" decoding=\"async\" src=\"images\/abril21\/vacunas-ya.jpg\" alt=\"vacunas ya\" width=\"720\" height=\"480\" style=\"display: block; margin: 20px auto;\" \/><\/p>\n<p style=\"text-align: justify;\"><span style=\"font-size: 14pt; font-family: arial, helvetica, sans-serif;\">El Comando Estatal de Vacunaci\u00f3n en Sinaloa recibi\u00f3 este d\u00eda lunes la cantidad de 168 mil 900 dosis de vacunas de Astra Zeneca, mismas que ser\u00e1n distribuidas en la capital del estado, as\u00ed como en los municipios de Mazatl\u00e1n y Escuinapa, continuando con el proceso de vacunaci\u00f3n de adultos mayores.<\/span><\/p>\n<p>&nbsp;<\/p>\n<p style=\"text-align: justify;\"><span style=\"font-size: 14pt; font-family: arial, helvetica, sans-serif;\">El Secretario de Salud, Dr. Efr\u00e9n Encinas Torres, afirm\u00f3 que la vacunaci\u00f3n en Culiac\u00e1n inicia el d\u00eda martes y reitero a la ciudadan\u00eda que se seguir\u00e1 el proceso establecido donde todas las personas ser\u00e1n vacunadas, por lo que hace un llamado para evitar las aglomeraciones innecesarias.<\/span><\/p>\n<p>&nbsp;<\/p>\n<p style=\"text-align: justify;\"><span style=\"font-size: 14pt; font-family: arial, helvetica, sans-serif;\">\u201cRecibiendo otra remesa de casi 169 mil de la vacuna Astra Zeneca para adultos mayores, se van a quedar en Culiac\u00e1n cerca de 116 mil dosis y el resto para completar esquemas de adultos mayores de las zonas urbanas tambi\u00e9n de Mazatl\u00e1n y Escuinapa, Culiac\u00e1n iniciar\u00e1 ma\u00f1ana como se hab\u00eda anunciado previamente en los diferentes puntos de vacunaci\u00f3n siguiendo la metodolog\u00eda del Gobierno Federal, todos ser\u00e1n vacunados conforme vaya la organizaci\u00f3n permeando, les pedimos que est\u00e9n atentos, vamos a evitar las aglomeraciones innecesarias para que todo camine de la mejor manera, con ello pr\u00e1cticamente ya Sinaloa est\u00e1 cubierto los 18 municipios de nuestro estado en el \u00e1rea de adultos mayores y personal de salud, vamos todos contra el COVID, sigamos cuid\u00e1ndonos\u201d, expres\u00f3.<\/span><\/p>\n<p>&nbsp;<\/p>\n<p style=\"text-align: justify;\"><span style=\"font-size: 14pt; font-family: arial, helvetica, sans-serif;\">Asimismo, el Dr. Encinas Torres destac\u00f3 que las medidas de protecci\u00f3n no deben ser sustituidas al contrario reforzarlas m\u00e1s, todos juntos lograremos salir adelante.<\/span><\/p>\n<p>&nbsp;<\/p>\n<p style=\"text-align: justify;\"><span style=\"font-size: 14pt; font-family: arial, helvetica, sans-serif;\">Las vacunas ser\u00e1n distribuidas de la siguiente manera: 115 mil&nbsp; 700 dosis ser\u00e1n para el municipio de Culiac\u00e1n, 46 mil 400 para Mazatl\u00e1n y 6 mil 800 para Escuinapa; la recepci\u00f3n de las vacunas se realiz\u00f3 en la Unidad de Medicina Familiar No. 35 del IMSS en Culiac\u00e1n ante la presencia de los integrantes del Comando Estatal de Vacunaci\u00f3n encabezado por el Delegado del IMSS en Sinaloa, Dr. Luis Rafael L\u00f3pez Oca\u00f1a, Ing. Jos\u00e9 Jaime Montes Salas Delegado de Programas Federales y Dr. Gerardo Alapizco, Secretario General de la UAS as\u00ed como el General Vinicio Perea como representante de las fuerzas armadas.<\/span><\/p>\n<p>&nbsp;<\/p>\n<p style=\"text-align: justify;\"><span style=\"font-size: 14pt; font-family: arial, helvetica, sans-serif;\">Con ello estar\u00eda cubri\u00e9ndose todo Sinaloa en cuanto a vacunaci\u00f3n de adultos mayores contra el COVID-19.<\/span><\/p>\n<p>&nbsp;<\/p>\n<p>&nbsp;<\/p>\n<p>&nbsp;<\/p>\n<p>&nbsp;<\/p>\n<p>&nbsp;<\/p>\n<p style=\"text-align: justify;\"><span style=\"font-size: 14pt; font-family: arial, helvetica, sans-serif;\">Redacci\u00f3n\/Visionciudadana<\/span><\/p>\n","protected":false},"excerpt":{"rendered":"<p>El Comando Estatal de Vacunaci\u00f3n en Sinaloa recibi\u00f3 este d\u00eda lunes la cantidad de 168 mil 900 dosis de vacunas de Astra Zeneca, mismas que ser\u00e1n distribuidas en la capital del estado, as\u00ed como en los municipios de Mazatl\u00e1n y Escuinapa, continuando con el proceso de vacunaci\u00f3n de adultos mayores. &nbsp; El Secretario de Salud, [&hellip;]<\/p>\n","protected":false},"author":1,"featured_media":146,"comment_status":"closed","ping_status":"closed","sticky":false,"template":"","format":"standard","meta":{"footnotes":""},"categories":[24],"tags":[],"ppma_author":[31],"class_list":["post-16615","post","type-post","status-publish","format-standard","has-post-thumbnail","hentry","category-relevantes"],"aioseo_notices":[],"authors":[{"term_id":31,"user_id":1,"is_guest":0,"slug":"ivan3vino","display_name":"Iv\u00e1n Trevi\u00f1o","avatar_url":{"url":"https:\/\/visionciudadana.com.mx\/oficial\/wp-content\/uploads\/2025\/09\/columna-ivan-Trevino.png","url2x":"https:\/\/visionciudadana.com.mx\/oficial\/wp-content\/uploads\/2025\/09\/columna-ivan-Trevino.png"},"0":null,"1":"","2":"","3":"","4":"","5":"","6":"","7":"","8":""}],"_links":{"self":[{"href":"https:\/\/visionciudadana.com.mx\/oficial\/wp-json\/wp\/v2\/posts\/16615","targetHints":{"allow":["GET"]}}],"collection":[{"href":"https:\/\/visionciudadana.com.mx\/oficial\/wp-json\/wp\/v2\/posts"}],"about":[{"href":"https:\/\/visionciudadana.com.mx\/oficial\/wp-json\/wp\/v2\/types\/post"}],"author":[{"embeddable":true,"href":"https:\/\/visionciudadana.com.mx\/oficial\/wp-json\/wp\/v2\/users\/1"}],"replies":[{"embeddable":true,"href":"https:\/\/visionciudadana.com.mx\/oficial\/wp-json\/wp\/v2\/comments?post=16615"}],"version-history":[{"count":1,"href":"https:\/\/visionciudadana.com.mx\/oficial\/wp-json\/wp\/v2\/posts\/16615\/revisions"}],"predecessor-version":[{"id":31228,"href":"https:\/\/visionciudadana.com.mx\/oficial\/wp-json\/wp\/v2\/posts\/16615\/revisions\/31228"}],"wp:featuredmedia":[{"embeddable":true,"href":"https:\/\/visionciudadana.com.mx\/oficial\/wp-json\/wp\/v2\/media\/146"}],"wp:attachment":[{"href":"https:\/\/visionciudadana.com.mx\/oficial\/wp-json\/wp\/v2\/media?parent=16615"}],"wp:term":[{"taxonomy":"category","embeddable":true,"href":"https:\/\/visionciudadana.com.mx\/oficial\/wp-json\/wp\/v2\/categories?post=16615"},{"taxonomy":"post_tag","embeddable":true,"href":"https:\/\/visionciudadana.com.mx\/oficial\/wp-json\/wp\/v2\/tags?post=16615"},{"taxonomy":"author","embeddable":true,"href":"https:\/\/visionciudadana.com.mx\/oficial\/wp-json\/wp\/v2\/ppma_author?post=16615"}],"curies":[{"name":"wp","href":"https:\/\/api.w.org\/{rel}","templated":true}]}}