{"id":16614,"date":"2021-04-05T19:06:03","date_gmt":"2021-04-05T19:06:03","guid":{"rendered":"https:\/\/visionciudadana.com.mx\/chio\/2021\/04\/05\/informa-alcalde-resultados-del-operativo-semana-santa-2021\/"},"modified":"2025-06-25T00:16:40","modified_gmt":"2025-06-25T00:16:40","slug":"informa-alcalde-resultados-del-operativo-semana-santa-2021","status":"publish","type":"post","link":"https:\/\/visionciudadana.com.mx\/oficial\/2021\/04\/05\/informa-alcalde-resultados-del-operativo-semana-santa-2021\/","title":{"rendered":"Informa Alcalde resultados del Operativo Semana Santa 2021"},"content":{"rendered":"<p><img fetchpriority=\"high\" decoding=\"async\" src=\"images\/abril21\/alcalde-culiacan.jpg\" alt=\"alcalde culiacan\" width=\"720\" height=\"480\" style=\"display: block; margin: 20px auto;\" \/><\/p>\n<p style=\"text-align: justify;\"><span style=\"font-size: 14pt; font-family: arial, helvetica, sans-serif;\">El alcalde, M.C. Miguel \u00c1ngel Gonz\u00e1lez Cervantes, dio a conocer los resultados del Operativo de Semana Santa 2021, llevado a cabo por el Gobierno de Culiac\u00e1n a trav\u00e9s de Protecci\u00f3n Civil Municipal en colaboraci\u00f3n con la SSPyTM durante los d\u00edas del 31 de marzo al 04 de abril en balnearios, centros recreativos y playas de Culiac\u00e1n.<\/span><\/p>\n<p>&nbsp;<\/p>\n<p style=\"text-align: justify;\"><span style=\"font-size: 14pt; font-family: arial, helvetica, sans-serif;\">Con informaci\u00f3n proporcionada por la Coordinaci\u00f3n Municipal de Protecci\u00f3n Civil, el primer edil detall\u00f3 que se registr\u00f3 una afluencia aproximada de 45 mil personas en los distintos puntos recreativos, donde se realizaron 133 recorridos de verificaci\u00f3n para constatar el cumplimiento de los protocolos sanitarios, as\u00ed como el aforo establecido del 50 por ciento para reducir los riesgos de contagio.<\/span><\/p>\n<p>&nbsp;<\/p>\n<p style=\"text-align: justify;\"><span style=\"font-size: 14pt; font-family: arial, helvetica, sans-serif;\">Precis\u00f3 que se registraron 2 fallecimientos por ahogamiento en el Dique de La Primavera, lugar que hab\u00eda sido se\u00f1alizada como zona de peligro en virtud de que se encuentra dragada; y tambi\u00e9n, por parte de Protecci\u00f3n Civil, se brindaron 18 atenciones de primer respondiente.<\/span><\/p>\n<p>&nbsp;<\/p>\n<p style=\"text-align: justify;\"><span style=\"font-size: 14pt; font-family: arial, helvetica, sans-serif;\">\u201cCreemos que es un balance satisfactorio, dentro de todos los esfuerzos realizados para proteger a la poblaci\u00f3n, ya que se cumpli\u00f3 el objetivo de disuadir un poco a las personas en su asistencia a los centros recreativos, lo que permiti\u00f3 una mejor labor las acciones de protecci\u00f3n\u201d, inform\u00f3<\/span><\/p>\n<p>&nbsp;<\/p>\n<p style=\"text-align: justify;\"><span style=\"font-size: 14pt; font-family: arial, helvetica, sans-serif;\">De igual forma, se\u00f1al\u00f3 que continuar\u00e1n los trabajos preventivos durante la Semana de Pascua pero en menor intensidad, por lo que se exhorta a la sociedad en general a seguir acatando los lineamientos emitidos por el Sector Salud para evitar contagios por Covid-19.<\/span><\/p>\n<p>&nbsp;<\/p>\n<p style=\"text-align: justify;\"><span style=\"font-size: 14pt; font-family: arial, helvetica, sans-serif;\">Por su parte, \u00d3scar Guinto Marmolejo, titular de la SSPyTM, mencion\u00f3 que se cubrieron un total de 26 puntos en el municipio, dentro del operativo se localizaron 8 menores extraviados, se particip\u00f3 en 5 rescates acu\u00e1ticos, se proporcionaron 8 atenciones m\u00e9dicas, 12 curaciones m\u00e9dicas y se brindaron 120 apoyos viales en carreteras.<\/span><\/p>\n<p>&nbsp;<\/p>\n<p style=\"text-align: justify;\"><span style=\"font-size: 14pt; font-family: arial, helvetica, sans-serif;\">Asimismo, de manera conjunta con Protecci\u00f3n Civil y otras autoridades, se apoy\u00f3 en el retiro de medusas localizadas en las playas de Ponce para evitar afectaciones a sus visitantes.<\/span><\/p>\n<p>&nbsp;<\/p>\n<p>&nbsp;<\/p>\n<p>&nbsp;<\/p>\n<p>&nbsp;<\/p>\n<p style=\"text-align: justify;\"><span style=\"font-size: 14pt; font-family: arial, helvetica, sans-serif;\">Redacci\u00f3n\/Visionciudadana<\/span><\/p>\n","protected":false},"excerpt":{"rendered":"<p>El alcalde, M.C. Miguel \u00c1ngel Gonz\u00e1lez Cervantes, dio a conocer los resultados del Operativo de Semana Santa 2021, llevado a cabo por el Gobierno de Culiac\u00e1n a trav\u00e9s de Protecci\u00f3n Civil Municipal en colaboraci\u00f3n con la SSPyTM durante los d\u00edas del 31 de marzo al 04 de abril en balnearios, centros recreativos y playas de [&hellip;]<\/p>\n","protected":false},"author":1,"featured_media":144,"comment_status":"closed","ping_status":"closed","sticky":false,"template":"","format":"standard","meta":{"footnotes":""},"categories":[24],"tags":[],"ppma_author":[31],"class_list":["post-16614","post","type-post","status-publish","format-standard","has-post-thumbnail","hentry","category-relevantes"],"aioseo_notices":[],"authors":[{"term_id":31,"user_id":1,"is_guest":0,"slug":"ivan3vino","display_name":"Iv\u00e1n Trevi\u00f1o","avatar_url":{"url":"https:\/\/visionciudadana.com.mx\/oficial\/wp-content\/uploads\/2025\/09\/columna-ivan-Trevino.png","url2x":"https:\/\/visionciudadana.com.mx\/oficial\/wp-content\/uploads\/2025\/09\/columna-ivan-Trevino.png"},"0":null,"1":"","2":"","3":"","4":"","5":"","6":"","7":"","8":""}],"_links":{"self":[{"href":"https:\/\/visionciudadana.com.mx\/oficial\/wp-json\/wp\/v2\/posts\/16614","targetHints":{"allow":["GET"]}}],"collection":[{"href":"https:\/\/visionciudadana.com.mx\/oficial\/wp-json\/wp\/v2\/posts"}],"about":[{"href":"https:\/\/visionciudadana.com.mx\/oficial\/wp-json\/wp\/v2\/types\/post"}],"author":[{"embeddable":true,"href":"https:\/\/visionciudadana.com.mx\/oficial\/wp-json\/wp\/v2\/users\/1"}],"replies":[{"embeddable":true,"href":"https:\/\/visionciudadana.com.mx\/oficial\/wp-json\/wp\/v2\/comments?post=16614"}],"version-history":[{"count":1,"href":"https:\/\/visionciudadana.com.mx\/oficial\/wp-json\/wp\/v2\/posts\/16614\/revisions"}],"predecessor-version":[{"id":31229,"href":"https:\/\/visionciudadana.com.mx\/oficial\/wp-json\/wp\/v2\/posts\/16614\/revisions\/31229"}],"wp:featuredmedia":[{"embeddable":true,"href":"https:\/\/visionciudadana.com.mx\/oficial\/wp-json\/wp\/v2\/media\/144"}],"wp:attachment":[{"href":"https:\/\/visionciudadana.com.mx\/oficial\/wp-json\/wp\/v2\/media?parent=16614"}],"wp:term":[{"taxonomy":"category","embeddable":true,"href":"https:\/\/visionciudadana.com.mx\/oficial\/wp-json\/wp\/v2\/categories?post=16614"},{"taxonomy":"post_tag","embeddable":true,"href":"https:\/\/visionciudadana.com.mx\/oficial\/wp-json\/wp\/v2\/tags?post=16614"},{"taxonomy":"author","embeddable":true,"href":"https:\/\/visionciudadana.com.mx\/oficial\/wp-json\/wp\/v2\/ppma_author?post=16614"}],"curies":[{"name":"wp","href":"https:\/\/api.w.org\/{rel}","templated":true}]}}