{"id":16611,"date":"2021-04-05T16:33:34","date_gmt":"2021-04-05T16:33:34","guid":{"rendered":"https:\/\/visionciudadana.com.mx\/chio\/2021\/04\/05\/rigo-mejia-se-compromete-a-trabajar-por-un-gobierno-cercano-a-la-gente-y-con-vision\/"},"modified":"2025-06-25T00:16:40","modified_gmt":"2025-06-25T00:16:40","slug":"rigo-mejia-se-compromete-a-trabajar-por-un-gobierno-cercano-a-la-gente-y-con-vision","status":"publish","type":"post","link":"https:\/\/visionciudadana.com.mx\/oficial\/2021\/04\/05\/rigo-mejia-se-compromete-a-trabajar-por-un-gobierno-cercano-a-la-gente-y-con-vision\/","title":{"rendered":"Rigo Mej\u00eda  se compromete a trabajar por un gobierno cercano a la gente y con visi\u00f3n."},"content":{"rendered":"<p><img fetchpriority=\"high\" decoding=\"async\" src=\"images\/abril21\/rigo-cercano-2.jpg\" alt=\"rigo cercano 2\" width=\"720\" height=\"480\" style=\"display: block; margin: 20px auto;\" \/><\/p>\n<p style=\"text-align: justify;\"><span style=\"font-size: 14pt; font-family: arial, helvetica, sans-serif;\">En su primer d\u00eda de campa\u00f1a, el candidato a la presidencia de Navolato por el PRI, Rigo Mej\u00eda, recorri\u00f3 las sindicaturas de Villa Benito Ju\u00e1rez, San Pedro, Bachimeto y Villa \u00c1ngel Flores \u00abLa Palma\u00bb, para dar el banderazo de arranque.<\/span><\/p>\n<p>&nbsp;<\/p>\n<p style=\"text-align: justify;\"><span style=\"font-size: 14pt; font-family: arial, helvetica, sans-serif;\">En compa\u00f1\u00eda de Nayeli Ley, quien va como candidata a S\u00edndica Procuradora, las y los regidores Heidy Torres, Maricela Robles, Manuel Reyes, Jorge Boj\u00f3rquez y Bernardo C\u00e1rdenas, Mej\u00eda Samaniego se\u00f1al\u00f3, que se tendr\u00e1 un gobierno cercano a la gente y con visi\u00f3n.<\/span><\/p>\n<p>&nbsp;<\/p>\n<p style=\"text-align: justify;\"><span style=\"font-size: 14pt; font-family: arial, helvetica, sans-serif;\">\u00abYa basta de gobiernos, que no aportan nada a la ciudadan\u00eda, que quitan los programas sociales y eliminan presupuesto a diversos rubros importantes en el pa\u00eds, el cual afecta a nuestro estado y municipio\u00bb, dijo Rigo Mej\u00eda.<\/span><\/p>\n<p>&nbsp;<\/p>\n<p style=\"text-align: justify;\"><span style=\"font-size: 14pt; font-family: arial, helvetica, sans-serif;\">De igual forma, el candidato a la presidencia de Navolato por el tricolor, sostuvo un encuentro con los expresidentes municipales, donde abordaron diversos temas que aquejan a la ciudadan\u00eda.<\/span><\/p>\n<p>&nbsp;<\/p>\n<p>&nbsp;<\/p>\n<p>&nbsp;<\/p>\n<p>&nbsp;<\/p>\n<p>&nbsp;<\/p>\n<p style=\"text-align: justify;\"><span style=\"font-size: 14pt; font-family: arial, helvetica, sans-serif;\">Redacci\u00f3n\/Visionciudadana<\/span><\/p>\n","protected":false},"excerpt":{"rendered":"<p>En su primer d\u00eda de campa\u00f1a, el candidato a la presidencia de Navolato por el PRI, Rigo Mej\u00eda, recorri\u00f3 las sindicaturas de Villa Benito Ju\u00e1rez, San Pedro, Bachimeto y Villa \u00c1ngel Flores \u00abLa Palma\u00bb, para dar el banderazo de arranque. &nbsp; En compa\u00f1\u00eda de Nayeli Ley, quien va como candidata a S\u00edndica Procuradora, las y [&hellip;]<\/p>\n","protected":false},"author":1,"featured_media":138,"comment_status":"closed","ping_status":"closed","sticky":false,"template":"","format":"standard","meta":{"footnotes":""},"categories":[13],"tags":[],"ppma_author":[31],"class_list":["post-16611","post","type-post","status-publish","format-standard","has-post-thumbnail","hentry","category-locales"],"aioseo_notices":[],"authors":[{"term_id":31,"user_id":1,"is_guest":0,"slug":"ivan3vino","display_name":"Iv\u00e1n Trevi\u00f1o","avatar_url":{"url":"https:\/\/visionciudadana.com.mx\/oficial\/wp-content\/uploads\/2025\/09\/columna-ivan-Trevino.png","url2x":"https:\/\/visionciudadana.com.mx\/oficial\/wp-content\/uploads\/2025\/09\/columna-ivan-Trevino.png"},"0":null,"1":"","2":"","3":"","4":"","5":"","6":"","7":"","8":""}],"_links":{"self":[{"href":"https:\/\/visionciudadana.com.mx\/oficial\/wp-json\/wp\/v2\/posts\/16611","targetHints":{"allow":["GET"]}}],"collection":[{"href":"https:\/\/visionciudadana.com.mx\/oficial\/wp-json\/wp\/v2\/posts"}],"about":[{"href":"https:\/\/visionciudadana.com.mx\/oficial\/wp-json\/wp\/v2\/types\/post"}],"author":[{"embeddable":true,"href":"https:\/\/visionciudadana.com.mx\/oficial\/wp-json\/wp\/v2\/users\/1"}],"replies":[{"embeddable":true,"href":"https:\/\/visionciudadana.com.mx\/oficial\/wp-json\/wp\/v2\/comments?post=16611"}],"version-history":[{"count":1,"href":"https:\/\/visionciudadana.com.mx\/oficial\/wp-json\/wp\/v2\/posts\/16611\/revisions"}],"predecessor-version":[{"id":31231,"href":"https:\/\/visionciudadana.com.mx\/oficial\/wp-json\/wp\/v2\/posts\/16611\/revisions\/31231"}],"wp:featuredmedia":[{"embeddable":true,"href":"https:\/\/visionciudadana.com.mx\/oficial\/wp-json\/wp\/v2\/media\/138"}],"wp:attachment":[{"href":"https:\/\/visionciudadana.com.mx\/oficial\/wp-json\/wp\/v2\/media?parent=16611"}],"wp:term":[{"taxonomy":"category","embeddable":true,"href":"https:\/\/visionciudadana.com.mx\/oficial\/wp-json\/wp\/v2\/categories?post=16611"},{"taxonomy":"post_tag","embeddable":true,"href":"https:\/\/visionciudadana.com.mx\/oficial\/wp-json\/wp\/v2\/tags?post=16611"},{"taxonomy":"author","embeddable":true,"href":"https:\/\/visionciudadana.com.mx\/oficial\/wp-json\/wp\/v2\/ppma_author?post=16611"}],"curies":[{"name":"wp","href":"https:\/\/api.w.org\/{rel}","templated":true}]}}