{"id":16610,"date":"2021-04-05T16:23:39","date_gmt":"2021-04-05T16:23:39","guid":{"rendered":"https:\/\/visionciudadana.com.mx\/chio\/2021\/04\/05\/luchare-por-un-mayor-presupuesto-para-salvador-alvarado-y-angostura-ambrocio-chavez-candidato-a-diputado-por-el-ix-distrito\/"},"modified":"2025-06-25T00:16:40","modified_gmt":"2025-06-25T00:16:40","slug":"luchare-por-un-mayor-presupuesto-para-salvador-alvarado-y-angostura-ambrocio-chavez-candidato-a-diputado-por-el-ix-distrito","status":"publish","type":"post","link":"https:\/\/visionciudadana.com.mx\/oficial\/2021\/04\/05\/luchare-por-un-mayor-presupuesto-para-salvador-alvarado-y-angostura-ambrocio-chavez-candidato-a-diputado-por-el-ix-distrito\/","title":{"rendered":"\u201cLuchar\u00e9 por un mayor presupuesto para Salvador Alvarado y Angostura\u201d; Ambrocio Ch\u00e1vez candidato a Diputado por el IX Distrito"},"content":{"rendered":"<p><img fetchpriority=\"high\" decoding=\"async\" src=\"images\/abril21\/ambrosio.jpg\" alt=\"ambrosio\" width=\"720\" height=\"480\" style=\"display: block; margin: 20px auto;\" \/><\/p>\n<p style=\"text-align: justify;\"><span style=\"font-size: 14pt; font-family: arial, helvetica, sans-serif;\">Con el objetivo de que en los municipios de Salvador Alvarado y Angostura tengan mejor desarrollo, Ambrocio Ch\u00e1vez Ch\u00e1vez, candidato a diputado local por el noveno distrito en el Congreso del Estado de Sinaloa, por Morena-PAS, se comprometi\u00f3 a luchar por mejores presupuestos.<\/span><\/p>\n<p>&nbsp;<\/p>\n<p style=\"text-align: justify;\"><span style=\"font-size: 14pt; font-family: arial, helvetica, sans-serif;\">Coment\u00f3 que trabajar\u00e1 para que haya transparencia y que se apliquen los recursos con con responsabilidad apegado a la Ley, ya que actualmente no ha habido en el manejo de los recursos p\u00fablicos. \u201cPrivan la corrupci\u00f3n en el modelo de gobierno que hoy dirige Sinaloa, no se han caracterizado por ser honrados\u201d, precis\u00f3.<\/span><\/p>\n<p>&nbsp;<\/p>\n<p style=\"text-align: justify;\"><span style=\"font-size: 14pt; font-family: arial, helvetica, sans-serif;\">El candidato expres\u00f3 que buscar\u00e1 crear leyes, reformas, adiciones, homologar las leyes federales para que en el estado sean aplicadas, validadas y que las aprueben para que en los municipios del estado se ven beneficiados.<\/span><\/p>\n<p>&nbsp;<\/p>\n<p style=\"text-align: justify;\"><span style=\"font-size: 14pt; font-family: arial, helvetica, sans-serif;\">Ch\u00e1vez Ch\u00e1vez, afirm\u00f3 que los alvaradenses van a votar por un cambio, por gente honrada, ya que se identifica con el proyecto de la transformaci\u00f3n.<\/span><\/p>\n<p>&nbsp;<\/p>\n<p style=\"text-align: justify;\"><span style=\"font-size: 14pt; font-family: arial, helvetica, sans-serif;\">\u201cEn Salvador Alvarado se respira un aire de cambio, la gente nos dice en la calle, en las casas, colonias en el trabajo, lleg\u00f3 la hora del cambio en el municipio\u201d, se\u00f1al\u00f3.<\/span><\/p>\n<p>&nbsp;<\/p>\n<p style=\"text-align: justify;\"><span style=\"font-size: 14pt; font-family: arial, helvetica, sans-serif;\">Por \u00faltimo, Ambrocio Ch\u00e1vez Ch\u00e1vez, invit\u00f3 a votar a la sociedad cuatro de cuatro; por Rub\u00e9n Rocha Moya, para gobernador del estado; Armando Camacho Aguilar, para presidente municipal de Salvador Alvarado; Fernando Garc\u00eda Hern\u00e1ndez, para diputado federal y por \u00e9l como diputado local, quienes siempre buscar\u00e1n el progreso de los municipios que conforman la regi\u00f3n de \u00c9vora.<\/span><\/p>\n<p>&nbsp;<\/p>\n<p>&nbsp;<\/p>\n<p>&nbsp;<\/p>\n<p>&nbsp;<\/p>\n<p>&nbsp;<\/p>\n<p style=\"text-align: justify;\"><span style=\"font-size: 14pt; font-family: arial, helvetica, sans-serif;\">Redacci\u00f3n\/Visionciudadana<\/span><\/p>\n","protected":false},"excerpt":{"rendered":"<p>Con el objetivo de que en los municipios de Salvador Alvarado y Angostura tengan mejor desarrollo, Ambrocio Ch\u00e1vez Ch\u00e1vez, candidato a diputado local por el noveno distrito en el Congreso del Estado de Sinaloa, por Morena-PAS, se comprometi\u00f3 a luchar por mejores presupuestos. &nbsp; Coment\u00f3 que trabajar\u00e1 para que haya transparencia y que se apliquen [&hellip;]<\/p>\n","protected":false},"author":1,"featured_media":136,"comment_status":"closed","ping_status":"closed","sticky":false,"template":"","format":"standard","meta":{"footnotes":""},"categories":[13],"tags":[],"ppma_author":[31],"class_list":["post-16610","post","type-post","status-publish","format-standard","has-post-thumbnail","hentry","category-locales"],"aioseo_notices":[],"authors":[{"term_id":31,"user_id":1,"is_guest":0,"slug":"ivan3vino","display_name":"Iv\u00e1n Trevi\u00f1o","avatar_url":{"url":"https:\/\/visionciudadana.com.mx\/oficial\/wp-content\/uploads\/2025\/09\/columna-ivan-Trevino.png","url2x":"https:\/\/visionciudadana.com.mx\/oficial\/wp-content\/uploads\/2025\/09\/columna-ivan-Trevino.png"},"0":null,"1":"","2":"","3":"","4":"","5":"","6":"","7":"","8":""}],"_links":{"self":[{"href":"https:\/\/visionciudadana.com.mx\/oficial\/wp-json\/wp\/v2\/posts\/16610","targetHints":{"allow":["GET"]}}],"collection":[{"href":"https:\/\/visionciudadana.com.mx\/oficial\/wp-json\/wp\/v2\/posts"}],"about":[{"href":"https:\/\/visionciudadana.com.mx\/oficial\/wp-json\/wp\/v2\/types\/post"}],"author":[{"embeddable":true,"href":"https:\/\/visionciudadana.com.mx\/oficial\/wp-json\/wp\/v2\/users\/1"}],"replies":[{"embeddable":true,"href":"https:\/\/visionciudadana.com.mx\/oficial\/wp-json\/wp\/v2\/comments?post=16610"}],"version-history":[{"count":1,"href":"https:\/\/visionciudadana.com.mx\/oficial\/wp-json\/wp\/v2\/posts\/16610\/revisions"}],"predecessor-version":[{"id":31232,"href":"https:\/\/visionciudadana.com.mx\/oficial\/wp-json\/wp\/v2\/posts\/16610\/revisions\/31232"}],"wp:featuredmedia":[{"embeddable":true,"href":"https:\/\/visionciudadana.com.mx\/oficial\/wp-json\/wp\/v2\/media\/136"}],"wp:attachment":[{"href":"https:\/\/visionciudadana.com.mx\/oficial\/wp-json\/wp\/v2\/media?parent=16610"}],"wp:term":[{"taxonomy":"category","embeddable":true,"href":"https:\/\/visionciudadana.com.mx\/oficial\/wp-json\/wp\/v2\/categories?post=16610"},{"taxonomy":"post_tag","embeddable":true,"href":"https:\/\/visionciudadana.com.mx\/oficial\/wp-json\/wp\/v2\/tags?post=16610"},{"taxonomy":"author","embeddable":true,"href":"https:\/\/visionciudadana.com.mx\/oficial\/wp-json\/wp\/v2\/ppma_author?post=16610"}],"curies":[{"name":"wp","href":"https:\/\/api.w.org\/{rel}","templated":true}]}}