{"id":16601,"date":"2021-04-04T17:28:31","date_gmt":"2021-04-04T17:28:31","guid":{"rendered":"https:\/\/visionciudadana.com.mx\/chio\/2021\/04\/04\/vamos-a-recuperar-navolato-el-proximo-6-de-junio-rigo-mejia\/"},"modified":"2025-06-25T00:16:41","modified_gmt":"2025-06-25T00:16:41","slug":"vamos-a-recuperar-navolato-el-proximo-6-de-junio-rigo-mejia","status":"publish","type":"post","link":"https:\/\/visionciudadana.com.mx\/oficial\/2021\/04\/04\/vamos-a-recuperar-navolato-el-proximo-6-de-junio-rigo-mejia\/","title":{"rendered":"\u00abVamos a recuperar Navolato, el pr\u00f3ximo 6 de junio\u00bb: Rigo Mej\u00eda"},"content":{"rendered":"<p><img fetchpriority=\"high\" decoding=\"async\" src=\"images\/abril21\/rigo-mejia.jpg\" alt=\"rigo mejia\" width=\"720\" height=\"480\" style=\"display: block; margin: 20px auto;\" \/><\/p>\n<p style=\"text-align: justify;\"><span style=\"font-size: 14pt; font-family: arial, helvetica, sans-serif;\">Con la presentaci\u00f3n de la planilla que lo acompa\u00f1ar\u00e1 en este proceso electoral, Rigo Mej\u00eda, candidato a la presidencia municipal de Navolato, inicio campa\u00f1a en punto de las 00:01 horas, en el Comit\u00e9 Municipal del PRI.<\/span><\/p>\n<p>&nbsp;<\/p>\n<p style=\"text-align: justify;\"><span style=\"font-size: 14pt; font-family: arial, helvetica, sans-serif;\">Mej\u00eda Samaniego, dijo que lo acompa\u00f1a una f\u00f3rmula, con la cu\u00e1l se recuperar\u00e1 la presidencia en el municipio, el pr\u00f3ximo 6 de junio, Nayeli Ley, como S\u00edndica Procuradora y las y los regidores Maricela Robles, Heidy Torres, Jorge Boj\u00f3rquez, Manuel Reyes y Bernardo C\u00e1rdenas, qui\u00e9nes representan los diversos sectores y organizaciones de Navolato.&nbsp;<\/span><\/p>\n<p>&nbsp;<\/p>\n<p style=\"text-align: justify;\"><span style=\"font-size: 14pt; font-family: arial, helvetica, sans-serif;\">\u00abLos pri\u00edstas en navolato estamos m\u00e1s unidos que nunca, hoy en el inicio de este gran proyecto, vamos por el cambio que todos los navolatenses quieren, soy una persona que le gustan los retos y vamos a sacar del olvido a nuestro municipio\u00bb, dijo Mej\u00eda Samaniego.&nbsp;<\/span><\/p>\n<p>&nbsp;<\/p>\n<p style=\"text-align: justify;\"><span style=\"font-size: 14pt; font-family: arial, helvetica, sans-serif;\">As\u00ed mismo, agradeci\u00f3 a su familia por acompa\u00f1arlo siempre en sus proyectos y a su mam\u00e1 que gracias a ella, qui\u00e9n les inculc\u00f3 los valores y hoy es una persona \u00edntegra, que se conduce con honestidad y transparencia.&nbsp;<\/span><\/p>\n<p>&nbsp;<\/p>\n<p style=\"text-align: justify;\"><span style=\"font-size: 14pt; font-family: arial, helvetica, sans-serif;\">\u00abA Navolato le ir\u00e1 bien, con nuestro candidato al gobierno de Sinaloa, Mario Zamora, ya que es un hombre con una gran trayectoria que lo respalda\u00bb, a\u00f1adi\u00f3 el candidato a la presidencia municipal de Navolato por el PRI.<\/span><\/p>\n<p>&nbsp;<\/p>\n<p>&nbsp;<\/p>\n<p>&nbsp;<\/p>\n<p>&nbsp;<\/p>\n<p>&nbsp;<\/p>\n<p>&nbsp;<\/p>\n<p style=\"text-align: justify;\"><span style=\"font-size: 14pt; font-family: arial, helvetica, sans-serif;\">Redacci\u00f3n\/Visionciudadana<\/span><\/p>\n","protected":false},"excerpt":{"rendered":"<p>Con la presentaci\u00f3n de la planilla que lo acompa\u00f1ar\u00e1 en este proceso electoral, Rigo Mej\u00eda, candidato a la presidencia municipal de Navolato, inicio campa\u00f1a en punto de las 00:01 horas, en el Comit\u00e9 Municipal del PRI. &nbsp; Mej\u00eda Samaniego, dijo que lo acompa\u00f1a una f\u00f3rmula, con la cu\u00e1l se recuperar\u00e1 la presidencia en el municipio, [&hellip;]<\/p>\n","protected":false},"author":1,"featured_media":120,"comment_status":"closed","ping_status":"closed","sticky":false,"template":"","format":"standard","meta":{"footnotes":""},"categories":[13],"tags":[],"ppma_author":[31],"class_list":["post-16601","post","type-post","status-publish","format-standard","has-post-thumbnail","hentry","category-locales"],"aioseo_notices":[],"authors":[{"term_id":31,"user_id":1,"is_guest":0,"slug":"ivan3vino","display_name":"Iv\u00e1n Trevi\u00f1o","avatar_url":{"url":"https:\/\/visionciudadana.com.mx\/oficial\/wp-content\/uploads\/2025\/09\/columna-ivan-Trevino.png","url2x":"https:\/\/visionciudadana.com.mx\/oficial\/wp-content\/uploads\/2025\/09\/columna-ivan-Trevino.png"},"0":null,"1":"","2":"","3":"","4":"","5":"","6":"","7":"","8":""}],"_links":{"self":[{"href":"https:\/\/visionciudadana.com.mx\/oficial\/wp-json\/wp\/v2\/posts\/16601","targetHints":{"allow":["GET"]}}],"collection":[{"href":"https:\/\/visionciudadana.com.mx\/oficial\/wp-json\/wp\/v2\/posts"}],"about":[{"href":"https:\/\/visionciudadana.com.mx\/oficial\/wp-json\/wp\/v2\/types\/post"}],"author":[{"embeddable":true,"href":"https:\/\/visionciudadana.com.mx\/oficial\/wp-json\/wp\/v2\/users\/1"}],"replies":[{"embeddable":true,"href":"https:\/\/visionciudadana.com.mx\/oficial\/wp-json\/wp\/v2\/comments?post=16601"}],"version-history":[{"count":1,"href":"https:\/\/visionciudadana.com.mx\/oficial\/wp-json\/wp\/v2\/posts\/16601\/revisions"}],"predecessor-version":[{"id":31238,"href":"https:\/\/visionciudadana.com.mx\/oficial\/wp-json\/wp\/v2\/posts\/16601\/revisions\/31238"}],"wp:featuredmedia":[{"embeddable":true,"href":"https:\/\/visionciudadana.com.mx\/oficial\/wp-json\/wp\/v2\/posts\/120"}],"wp:attachment":[{"href":"https:\/\/visionciudadana.com.mx\/oficial\/wp-json\/wp\/v2\/media?parent=16601"}],"wp:term":[{"taxonomy":"category","embeddable":true,"href":"https:\/\/visionciudadana.com.mx\/oficial\/wp-json\/wp\/v2\/categories?post=16601"},{"taxonomy":"post_tag","embeddable":true,"href":"https:\/\/visionciudadana.com.mx\/oficial\/wp-json\/wp\/v2\/tags?post=16601"},{"taxonomy":"author","embeddable":true,"href":"https:\/\/visionciudadana.com.mx\/oficial\/wp-json\/wp\/v2\/ppma_author?post=16601"}],"curies":[{"name":"wp","href":"https:\/\/api.w.org\/{rel}","templated":true}]}}