{"id":16596,"date":"2021-04-03T23:03:54","date_gmt":"2021-04-03T23:03:54","guid":{"rendered":"https:\/\/visionciudadana.com.mx\/chio\/2021\/04\/03\/ruben-rocha-moya-arranca-su-campana-en-la-capital-sinaloense\/"},"modified":"2025-06-25T00:16:42","modified_gmt":"2025-06-25T00:16:42","slug":"ruben-rocha-moya-arranca-su-campana-en-la-capital-sinaloense","status":"publish","type":"post","link":"https:\/\/visionciudadana.com.mx\/oficial\/2021\/04\/03\/ruben-rocha-moya-arranca-su-campana-en-la-capital-sinaloense\/","title":{"rendered":"Rub\u00e9n Rocha Moya arranca su campa\u00f1a en la capital sinaloense"},"content":{"rendered":"<p><img fetchpriority=\"high\" decoding=\"async\" src=\"images\/abril21\/rocha-moya-arranque.jpg\" alt=\"rocha moya arranque\" width=\"720\" height=\"480\" style=\"margin: 20px auto; display: block;\" \/><\/p>\n<p>&nbsp;<\/p>\n<p style=\"text-align: justify;\"><span style=\"font-size: 14pt; font-family: arial, helvetica, sans-serif;\">El arranque de campa\u00f1a del candidato a la gubernatura por la alianza de Morena-PAS, Rub\u00e9n Rocha Moya, se llevar\u00e1 a cabo a las 00:01 horas de este domingo 04 de abril, desde sus oficinas ubicadas frente a la Unidad de Servicios Estatales (USE).<\/span><\/p>\n<p style=\"text-align: justify;\"><span style=\"font-size: 14pt; font-family: arial, helvetica, sans-serif;\">En todo momento, en los eventos que se realicen se cuidar\u00e1n las medidas sanitarias y de sana distancia que recomiendan las autoridades de la Secretar\u00eda de Salud, a fin de evitar contagios por COVID-19.<\/span><\/p>\n<p style=\"text-align: justify;\"><span style=\"font-size: 14pt; font-family: arial, helvetica, sans-serif;\">Adem\u00e1s, en la capital sinaloense el candidato de Morena-PAS realizar\u00e1 un recorrido por el mercado Garmendia, para despu\u00e9s trasladarse a la Plazuela Rosales donde ofrecer\u00e1 una conferencia de prensa.<\/span><\/p>\n<p style=\"text-align: justify;\"><span style=\"font-size: 14pt; font-family: arial, helvetica, sans-serif;\">Las actividades del senador con licencia en Culiac\u00e1n tambi\u00e9n se desarrollar\u00e1n en El Salado y concluir\u00e1n en un evento en la colonia Rosario Uz\u00e1rraga.<\/span><\/p>\n<p style=\"text-align: justify;\"><span style=\"font-size: 14pt; font-family: arial, helvetica, sans-serif;\">Las actividades del candidato a gobernador por Morena concluir\u00edan en el municipio de la zona serrana de Sinaloa, Badiraguato, en la cancha deportiva de la comunidad de Apoma.<\/span><\/p>\n<p style=\"text-align: justify;\"><span style=\"font-size: 14pt; font-family: arial, helvetica, sans-serif;\">12:01 a 1:30 AM EVENTO DE INICIO, EN LA CASA DE CAMPA\u00d1A UBICADA EN BLVD. MIGUEL TAMAYO ESPINOZA DE LOS MONTEROS #2350. FRACCIONAMIENTO COUNTRY TRES RIOS (FRENTE A LA USE).<\/span><\/p>\n<p style=\"text-align: justify;\"><span style=\"font-size: 14pt; font-family: arial, helvetica, sans-serif;\">9:00 a 10:00 HRS VISITA MERCADO GARMENDIA RUBI Y ANGEL FLORES (TACOS MORENO)&nbsp;&nbsp;&nbsp;&nbsp;&nbsp;&nbsp;&nbsp;&nbsp;&nbsp;<\/span><\/p>\n<p style=\"text-align: justify;\"><span style=\"font-size: 14pt; font-family: arial, helvetica, sans-serif;\">10:20 a 11:30 RUEDA DE PRENSA EN PLAZUELA ROSALES&nbsp;&nbsp;&nbsp;&nbsp;&nbsp;&nbsp;&nbsp;&nbsp;&nbsp;&nbsp;&nbsp;&nbsp;&nbsp;&nbsp;&nbsp;&nbsp;&nbsp;&nbsp;&nbsp;&nbsp;&nbsp;&nbsp;&nbsp;&nbsp;&nbsp;&nbsp;&nbsp;&nbsp;&nbsp;&nbsp;&nbsp; &nbsp;&nbsp;&nbsp;&nbsp;&nbsp;&nbsp;&nbsp;&nbsp;<\/span><\/p>\n<p style=\"text-align: justify;\"><span style=\"font-size: 14pt; font-family: arial, helvetica, sans-serif;\">12:30 a 14:00 HRS, EVENTO EN EL SALADO PLAZUELA MUNICIPAL DE LA SINDICATURA&nbsp;&nbsp;&nbsp;&nbsp;&nbsp;&nbsp;&nbsp;&nbsp;&nbsp;&nbsp;<\/span><\/p>\n<p style=\"text-align: justify;\"><span style=\"font-size: 14pt; font-family: arial, helvetica, sans-serif;\">16:00 a 17:00 HRS, EVENTO EN COLONIA ROSARIO UZARRAGA, (CALLE CUITLAHUAC #3562 )EN CULIAC\u00c1N.<\/span><\/p>\n<p style=\"text-align: justify;\"><span style=\"font-size: 14pt; font-family: arial, helvetica, sans-serif;\">18:00 a 20:00 HRS, EVENTO EN LA CANCHA DEPORTIVA DE LA COMUNIDAD DE APOMA BADIRAGUATO.<\/span><\/p>\n<p style=\"text-align: justify;\"><span style=\"font-size: 14pt; font-family: arial, helvetica, sans-serif;\">Redacci\u00f3n\/visionciudadana<\/span><\/p>\n","protected":false},"excerpt":{"rendered":"<p>&nbsp; El arranque de campa\u00f1a del candidato a la gubernatura por la alianza de Morena-PAS, Rub\u00e9n Rocha Moya, se llevar\u00e1 a cabo a las 00:01 horas de este domingo 04 de abril, desde sus oficinas ubicadas frente a la Unidad de Servicios Estatales (USE). En todo momento, en los eventos que se realicen se cuidar\u00e1n [&hellip;]<\/p>\n","protected":false},"author":1,"featured_media":110,"comment_status":"closed","ping_status":"closed","sticky":false,"template":"","format":"standard","meta":{"footnotes":""},"categories":[24],"tags":[],"ppma_author":[31],"class_list":["post-16596","post","type-post","status-publish","format-standard","has-post-thumbnail","hentry","category-relevantes"],"aioseo_notices":[],"authors":[{"term_id":31,"user_id":1,"is_guest":0,"slug":"ivan3vino","display_name":"Iv\u00e1n Trevi\u00f1o","avatar_url":{"url":"https:\/\/visionciudadana.com.mx\/oficial\/wp-content\/uploads\/2025\/09\/columna-ivan-Trevino.png","url2x":"https:\/\/visionciudadana.com.mx\/oficial\/wp-content\/uploads\/2025\/09\/columna-ivan-Trevino.png"},"0":null,"1":"","2":"","3":"","4":"","5":"","6":"","7":"","8":""}],"_links":{"self":[{"href":"https:\/\/visionciudadana.com.mx\/oficial\/wp-json\/wp\/v2\/posts\/16596","targetHints":{"allow":["GET"]}}],"collection":[{"href":"https:\/\/visionciudadana.com.mx\/oficial\/wp-json\/wp\/v2\/posts"}],"about":[{"href":"https:\/\/visionciudadana.com.mx\/oficial\/wp-json\/wp\/v2\/types\/post"}],"author":[{"embeddable":true,"href":"https:\/\/visionciudadana.com.mx\/oficial\/wp-json\/wp\/v2\/users\/1"}],"replies":[{"embeddable":true,"href":"https:\/\/visionciudadana.com.mx\/oficial\/wp-json\/wp\/v2\/comments?post=16596"}],"version-history":[{"count":1,"href":"https:\/\/visionciudadana.com.mx\/oficial\/wp-json\/wp\/v2\/posts\/16596\/revisions"}],"predecessor-version":[{"id":31243,"href":"https:\/\/visionciudadana.com.mx\/oficial\/wp-json\/wp\/v2\/posts\/16596\/revisions\/31243"}],"wp:featuredmedia":[{"embeddable":true,"href":"https:\/\/visionciudadana.com.mx\/oficial\/wp-json\/wp\/v2\/posts\/110"}],"wp:attachment":[{"href":"https:\/\/visionciudadana.com.mx\/oficial\/wp-json\/wp\/v2\/media?parent=16596"}],"wp:term":[{"taxonomy":"category","embeddable":true,"href":"https:\/\/visionciudadana.com.mx\/oficial\/wp-json\/wp\/v2\/categories?post=16596"},{"taxonomy":"post_tag","embeddable":true,"href":"https:\/\/visionciudadana.com.mx\/oficial\/wp-json\/wp\/v2\/tags?post=16596"},{"taxonomy":"author","embeddable":true,"href":"https:\/\/visionciudadana.com.mx\/oficial\/wp-json\/wp\/v2\/ppma_author?post=16596"}],"curies":[{"name":"wp","href":"https:\/\/api.w.org\/{rel}","templated":true}]}}