{"id":16595,"date":"2021-04-03T22:48:12","date_gmt":"2021-04-03T22:48:12","guid":{"rendered":"https:\/\/visionciudadana.com.mx\/chio\/2021\/04\/03\/vacunacion-para-adultos-mayores-de-culiacan-iniciara-el-proximo-martes\/"},"modified":"2025-06-25T00:16:42","modified_gmt":"2025-06-25T00:16:42","slug":"vacunacion-para-adultos-mayores-de-culiacan-iniciara-el-proximo-martes","status":"publish","type":"post","link":"https:\/\/visionciudadana.com.mx\/oficial\/2021\/04\/03\/vacunacion-para-adultos-mayores-de-culiacan-iniciara-el-proximo-martes\/","title":{"rendered":"Vacunaci\u00f3n para adultos mayores de Culiac\u00e1n iniciar\u00e1 el pr\u00f3ximo martes"},"content":{"rendered":"<p style=\"text-align: justify;\">&nbsp; &nbsp;<img fetchpriority=\"high\" decoding=\"async\" src=\"images\/abril21\/vacunas-culiacan-2.jpg\" alt=\"vacunas culiacan 2\" width=\"720\" height=\"480\" style=\"display: block; margin: 20px auto;\" \/><\/p>\n<p style=\"text-align: justify;\"><span style=\"font-family: arial, helvetica, sans-serif; font-size: 14pt;\">El Dr. Efr\u00e9n Encinas Torres, Secretario de Salud de Sinaloa pidi\u00f3 a la poblaci\u00f3n apoyar en la log\u00edstica planteada por la Secretar\u00eda del Bienestar y esperar la llamada para su turno o llamar a l<em>os n\u00fameros oficiales para informarle.<\/em><\/span><\/p>\n<p style=\"text-align: justify;\"><span style=\"font-family: arial, helvetica, sans-serif; font-size: 14pt;\"><\/span><\/p>\n<p style=\"text-align: justify;\"><span style=\"font-family: arial, helvetica, sans-serif; font-size: 14pt;\">Ser\u00e1 el pr\u00f3ximo Martes 06 de Abril cuando se inicie la vacunaci\u00f3n para adultos mayores en Culiac\u00e1n de la Farmac\u00e9utica AstraZeneca inform\u00f3 el Dr. Efr\u00e9n Encinas Torres.<\/span><\/p>\n<p>&nbsp;<\/p>\n<p style=\"text-align: justify;\"><span style=\"font-family: arial, helvetica, sans-serif; font-size: 14pt;\">El Secretario de Salud del Estado inform\u00f3 que es importante seguir la estrategia nacional de vacunaci\u00f3n implementada por la oficina de Bienestar, esperar la llamada del personal autorizado para que vayan con cita previa y no ir sin ella para no generar tumultos.<\/span><\/p>\n<p>&nbsp;<\/p>\n<p style=\"text-align: justify;\"><span style=\"font-family: arial, helvetica, sans-serif; font-size: 14pt;\">Record\u00f3 que Culiac\u00e1n es el municipio m\u00e1s grande con mayor poblaci\u00f3n a vacunar, por lo que se necesita el apoyo de la poblaci\u00f3n para hacerlo lo m\u00e1s ordenadamente posible.<\/span><\/p>\n<p>&nbsp;<\/p>\n<p style=\"text-align: justify;\"><span style=\"font-family: arial, helvetica, sans-serif; font-size: 14pt;\">Se informar\u00e1 por los medios oficiales el procedimiento a seguir para evitar, en lo mas posible, la desinformaci\u00f3n.<\/span><\/p>\n<p>&nbsp;<\/p>\n<p>&nbsp;<\/p>\n<p>&nbsp;<\/p>\n<p>&nbsp;<\/p>\n<p><span style=\"font-family: arial, helvetica, sans-serif; font-size: 12pt;\">Redaccion\/visionciudadana<\/span><\/p>\n","protected":false},"excerpt":{"rendered":"<p>&nbsp; &nbsp; El Dr. Efr\u00e9n Encinas Torres, Secretario de Salud de Sinaloa pidi\u00f3 a la poblaci\u00f3n apoyar en la log\u00edstica planteada por la Secretar\u00eda del Bienestar y esperar la llamada para su turno o llamar a los n\u00fameros oficiales para informarle. Ser\u00e1 el pr\u00f3ximo Martes 06 de Abril cuando se inicie la vacunaci\u00f3n para adultos [&hellip;]<\/p>\n","protected":false},"author":1,"featured_media":108,"comment_status":"closed","ping_status":"closed","sticky":false,"template":"","format":"standard","meta":{"footnotes":""},"categories":[24],"tags":[],"ppma_author":[31],"class_list":["post-16595","post","type-post","status-publish","format-standard","has-post-thumbnail","hentry","category-relevantes"],"aioseo_notices":[],"authors":[{"term_id":31,"user_id":1,"is_guest":0,"slug":"ivan3vino","display_name":"Iv\u00e1n Trevi\u00f1o","avatar_url":{"url":"https:\/\/visionciudadana.com.mx\/oficial\/wp-content\/uploads\/2025\/09\/columna-ivan-Trevino.png","url2x":"https:\/\/visionciudadana.com.mx\/oficial\/wp-content\/uploads\/2025\/09\/columna-ivan-Trevino.png"},"0":null,"1":"","2":"","3":"","4":"","5":"","6":"","7":"","8":""}],"_links":{"self":[{"href":"https:\/\/visionciudadana.com.mx\/oficial\/wp-json\/wp\/v2\/posts\/16595","targetHints":{"allow":["GET"]}}],"collection":[{"href":"https:\/\/visionciudadana.com.mx\/oficial\/wp-json\/wp\/v2\/posts"}],"about":[{"href":"https:\/\/visionciudadana.com.mx\/oficial\/wp-json\/wp\/v2\/types\/post"}],"author":[{"embeddable":true,"href":"https:\/\/visionciudadana.com.mx\/oficial\/wp-json\/wp\/v2\/users\/1"}],"replies":[{"embeddable":true,"href":"https:\/\/visionciudadana.com.mx\/oficial\/wp-json\/wp\/v2\/comments?post=16595"}],"version-history":[{"count":1,"href":"https:\/\/visionciudadana.com.mx\/oficial\/wp-json\/wp\/v2\/posts\/16595\/revisions"}],"predecessor-version":[{"id":31244,"href":"https:\/\/visionciudadana.com.mx\/oficial\/wp-json\/wp\/v2\/posts\/16595\/revisions\/31244"}],"wp:featuredmedia":[{"embeddable":true,"href":"https:\/\/visionciudadana.com.mx\/oficial\/wp-json\/wp\/v2\/posts\/108"}],"wp:attachment":[{"href":"https:\/\/visionciudadana.com.mx\/oficial\/wp-json\/wp\/v2\/media?parent=16595"}],"wp:term":[{"taxonomy":"category","embeddable":true,"href":"https:\/\/visionciudadana.com.mx\/oficial\/wp-json\/wp\/v2\/categories?post=16595"},{"taxonomy":"post_tag","embeddable":true,"href":"https:\/\/visionciudadana.com.mx\/oficial\/wp-json\/wp\/v2\/tags?post=16595"},{"taxonomy":"author","embeddable":true,"href":"https:\/\/visionciudadana.com.mx\/oficial\/wp-json\/wp\/v2\/ppma_author?post=16595"}],"curies":[{"name":"wp","href":"https:\/\/api.w.org\/{rel}","templated":true}]}}