{"id":16594,"date":"2021-04-03T18:03:59","date_gmt":"2021-04-03T18:03:59","guid":{"rendered":"https:\/\/visionciudadana.com.mx\/chio\/2021\/04\/03\/quirino-hace-llamado-a-vacacionistas-a-extremar-cuidados-en-las-playas\/"},"modified":"2025-06-25T00:16:42","modified_gmt":"2025-06-25T00:16:42","slug":"quirino-hace-llamado-a-vacacionistas-a-extremar-cuidados-en-las-playas","status":"publish","type":"post","link":"https:\/\/visionciudadana.com.mx\/oficial\/2021\/04\/03\/quirino-hace-llamado-a-vacacionistas-a-extremar-cuidados-en-las-playas\/","title":{"rendered":"Quirino hace llamado a vacacionistas a extremar cuidados en las playas"},"content":{"rendered":"<p><img fetchpriority=\"high\" decoding=\"async\" src=\"images\/abril21\/quirino-angostura-1.jpg\" alt=\"quirino angostura 1\" width=\"720\" height=\"480\" style=\"margin: 20px auto; display: block;\" \/><\/p>\n<p style=\"text-align: justify;\"><span style=\"font-size: 14pt; font-family: arial, helvetica, sans-serif;\">El mandatario estatal visit\u00f3 las playas de Angostura, que registran un 30 por ciento de afluencia.<\/span><\/p>\n<p>&nbsp;<\/p>\n<p style=\"text-align: justify;\"><span style=\"font-size: 14pt; font-family: arial, helvetica, sans-serif;\">&nbsp;Al iniciar sus recorridos por varias playas de Sinaloa, el gobernador Quirino Ordaz Coppel hizo un llamado a los vacacionistas a mantener los cuidados para evitar contagios, como mantener la sana distancia y extremar las medidas de higiene.<\/span><\/p>\n<p>&nbsp;<\/p>\n<p style=\"text-align: justify;\"><span style=\"font-size: 14pt; font-family: arial, helvetica, sans-serif;\">El mandatario estatal arrib\u00f3 al campo pesquero Playa Colorada, en Angostura, donde fue recibido por el presidente municipal provisional Arturo \u00c1vila, para enseguida trasladarse a bordo de lanchas y jet ski a la playa de M\u00e9dano Blanco, destinos tur\u00edsticos que ya registraban un 30 por ciento de afluencia, en comparaci\u00f3n con el 2019, \u00faltimo per\u00edodo vacacional normal antes de la pandemia.<\/span><\/p>\n<p>&nbsp;<\/p>\n<p style=\"text-align: justify;\"><span style=\"font-size: 14pt; font-family: arial, helvetica, sans-serif;\">Destac\u00f3 que se implement\u00f3 un fuerte operativo de seguridad y de Protecci\u00f3n Civil para auxiliar y apoyar a los paseantes, no obstante que las playas no lucen llenas como en a\u00f1os anteriores.<\/span><\/p>\n<p>&nbsp;<\/p>\n<p style=\"text-align: justify;\"><span style=\"font-size: 14pt; font-family: arial, helvetica, sans-serif;\">Ordaz Coppel coment\u00f3 que horas antes, este jueves por la tarde, visit\u00f3 la playa de El Tambor, en Navolato, y pudo apreciar que la gente observ\u00f3 la disposici\u00f3n de no acampar para pasar la noche, sino que para la tarde iniciaron el retorno a sus hogares.<\/span><\/p>\n<p>&nbsp;<\/p>\n<p style=\"text-align: justify;\"><span style=\"font-size: 14pt; font-family: arial, helvetica, sans-serif;\">Por su parte, el presidente municipal de Angostura, Arturo \u00c1vila, al darle la bienvenida al gobernador del estado, tambi\u00e9n hizo \u00e9nfasis en la recomendaci\u00f3n del mandatario estatal a las familias, que se sigan divirtiendo&nbsp; pero con sana distancia, y que cuiden a sus familias.<\/span><\/p>\n<p>&nbsp;<\/p>\n<p style=\"text-align: justify;\"><span style=\"font-size: 14pt; font-family: arial, helvetica, sans-serif;\">Record\u00f3 que el a\u00f1o pasado esta playa luci\u00f3 sola en apego a las recomendaciones de las autoridades de Salud para evitar mayores contagios de COVID, pero este a\u00f1o s\u00ed se pueden visitar cuidando las medidas de prevenci\u00f3n de salud.<\/span><\/p>\n<p>&nbsp;<\/p>\n<p>&nbsp;<\/p>\n<p>&nbsp;<\/p>\n<p style=\"text-align: justify;\"><span style=\"font-size: 14pt; font-family: arial, helvetica, sans-serif;\">Redacci\u00f3n\/visionciudadana<\/span><\/p>\n","protected":false},"excerpt":{"rendered":"<p>El mandatario estatal visit\u00f3 las playas de Angostura, que registran un 30 por ciento de afluencia. &nbsp; &nbsp;Al iniciar sus recorridos por varias playas de Sinaloa, el gobernador Quirino Ordaz Coppel hizo un llamado a los vacacionistas a mantener los cuidados para evitar contagios, como mantener la sana distancia y extremar las medidas de higiene. [&hellip;]<\/p>\n","protected":false},"author":1,"featured_media":106,"comment_status":"closed","ping_status":"closed","sticky":false,"template":"","format":"standard","meta":{"footnotes":""},"categories":[24],"tags":[],"ppma_author":[31],"class_list":["post-16594","post","type-post","status-publish","format-standard","has-post-thumbnail","hentry","category-relevantes"],"aioseo_notices":[],"authors":[{"term_id":31,"user_id":1,"is_guest":0,"slug":"ivan3vino","display_name":"Iv\u00e1n Trevi\u00f1o","avatar_url":{"url":"https:\/\/visionciudadana.com.mx\/oficial\/wp-content\/uploads\/2025\/09\/columna-ivan-Trevino.png","url2x":"https:\/\/visionciudadana.com.mx\/oficial\/wp-content\/uploads\/2025\/09\/columna-ivan-Trevino.png"},"0":null,"1":"","2":"","3":"","4":"","5":"","6":"","7":"","8":""}],"_links":{"self":[{"href":"https:\/\/visionciudadana.com.mx\/oficial\/wp-json\/wp\/v2\/posts\/16594","targetHints":{"allow":["GET"]}}],"collection":[{"href":"https:\/\/visionciudadana.com.mx\/oficial\/wp-json\/wp\/v2\/posts"}],"about":[{"href":"https:\/\/visionciudadana.com.mx\/oficial\/wp-json\/wp\/v2\/types\/post"}],"author":[{"embeddable":true,"href":"https:\/\/visionciudadana.com.mx\/oficial\/wp-json\/wp\/v2\/users\/1"}],"replies":[{"embeddable":true,"href":"https:\/\/visionciudadana.com.mx\/oficial\/wp-json\/wp\/v2\/comments?post=16594"}],"version-history":[{"count":1,"href":"https:\/\/visionciudadana.com.mx\/oficial\/wp-json\/wp\/v2\/posts\/16594\/revisions"}],"predecessor-version":[{"id":31245,"href":"https:\/\/visionciudadana.com.mx\/oficial\/wp-json\/wp\/v2\/posts\/16594\/revisions\/31245"}],"wp:featuredmedia":[{"embeddable":true,"href":"https:\/\/visionciudadana.com.mx\/oficial\/wp-json\/wp\/v2\/posts\/106"}],"wp:attachment":[{"href":"https:\/\/visionciudadana.com.mx\/oficial\/wp-json\/wp\/v2\/media?parent=16594"}],"wp:term":[{"taxonomy":"category","embeddable":true,"href":"https:\/\/visionciudadana.com.mx\/oficial\/wp-json\/wp\/v2\/categories?post=16594"},{"taxonomy":"post_tag","embeddable":true,"href":"https:\/\/visionciudadana.com.mx\/oficial\/wp-json\/wp\/v2\/tags?post=16594"},{"taxonomy":"author","embeddable":true,"href":"https:\/\/visionciudadana.com.mx\/oficial\/wp-json\/wp\/v2\/ppma_author?post=16594"}],"curies":[{"name":"wp","href":"https:\/\/api.w.org\/{rel}","templated":true}]}}