{"id":16593,"date":"2021-04-03T17:51:45","date_gmt":"2021-04-03T17:51:45","guid":{"rendered":"https:\/\/visionciudadana.com.mx\/chio\/2021\/04\/03\/brigadistas-universitarios-salen-con-destino-a-salvador-alvarado\/"},"modified":"2025-06-25T00:16:42","modified_gmt":"2025-06-25T00:16:42","slug":"brigadistas-universitarios-salen-con-destino-a-salvador-alvarado","status":"publish","type":"post","link":"https:\/\/visionciudadana.com.mx\/oficial\/2021\/04\/03\/brigadistas-universitarios-salen-con-destino-a-salvador-alvarado\/","title":{"rendered":"Brigadistas universitarios salen con destino a Salvador Alvarado"},"content":{"rendered":"<p><img fetchpriority=\"high\" decoding=\"async\" src=\"images\/abril21\/uas-salvados-alvarado.jpg\" alt=\"uas salvados alvarado\" width=\"720\" height=\"480\" style=\"display: block; margin: 20px auto;\" \/><\/p>\n<p style=\"text-align: justify;\"><span style=\"font-size: 14pt; font-family: arial, helvetica, sans-serif;\">Tras recibir el banderazo de salida, 54 brigadistas de las diferentes carreras del \u00e1rea de la Salud de la Universidad Aut\u00f3noma de Sinaloa (UAS), partieron con destino al municipio de Salvador Alvarado, donde dar\u00e1 inicio la aplicaci\u00f3n de la segunda dosis de la vacuna contra COVID-19 en adultos mayores de 60 a\u00f1os.<\/span><\/p>\n<p>&nbsp;<\/p>\n<p style=\"text-align: justify;\"><span style=\"font-size: 14pt; font-family: arial, helvetica, sans-serif;\">El Secretario General de la UAS, doctor Gerardo Alapizco Castro, en representaci\u00f3n del Rector, doctor Juan Eulogio Guerra Liera, acudi\u00f3 a despedir a los j\u00f3venes quienes desde hoy viernes y durante el fin de semana apoyar\u00e1n en la aplicaci\u00f3n de 8 mil 400 dosis.<\/span><\/p>\n<p>&nbsp;<\/p>\n<p style=\"text-align: justify;\"><span style=\"font-size: 14pt; font-family: arial, helvetica, sans-serif;\">\u201cLa Universidad una vez m\u00e1s saca la casta en esta situaci\u00f3n de pandemia que se ha atravesado y que se sigue atravesando en nuestro pa\u00eds y en el estado, estar en la trinchera desde donde est\u00e1 uno se siente orgulloso de nuestros estudiantes, docentes y personal administrativo que est\u00e1 apoyando en este proceso como brigadistas\u201d, comparti\u00f3.<\/span><\/p>\n<p>&nbsp;<\/p>\n<p style=\"text-align: justify;\"><span style=\"font-size: 14pt; font-family: arial, helvetica, sans-serif;\">Ante esta participaci\u00f3n de la Universidad en el Plan Nacional de Vacunaci\u00f3n en Sinaloa, el tambi\u00e9n coordinador del Comit\u00e9 de Salud dijo que es en estos momentos cuando la poblaci\u00f3n m\u00e1s necesita del apoyo de los universitarios, y destac\u00f3 que para ello la UAS est\u00e1 en una organizaci\u00f3n estrecha con los responsables de las instituciones que forman parte del Comando Estatal de Vacunaci\u00f3n, como son IMSS, ISSSTE y las Fuerzas Armadas.<\/span><\/p>\n<p>&nbsp;<\/p>\n<p style=\"text-align: justify;\"><span style=\"font-size: 14pt; font-family: arial, helvetica, sans-serif;\">En ese sentido, Alapizco Castro subray\u00f3 que, para la Universidad Aut\u00f3noma de Sinaloa, participar en acciones representa un gran compromiso, mostrando siempre la parte humana y social, no solo hoy con los brigadistas voluntarios, sino tambi\u00e9n poniendo a disposici\u00f3n infraestructura como son los 30 ultracongeladores que han permitido almacenar y redistribuir miles de dosis de la vacuna.<\/span><\/p>\n<p>&nbsp;<\/p>\n<p>&nbsp;<\/p>\n<p>&nbsp;<\/p>\n<p style=\"text-align: justify;\"><span style=\"font-size: 14pt; font-family: arial, helvetica, sans-serif;\">Redacci\u00f3n\/visionciudadana<\/span><\/p>\n","protected":false},"excerpt":{"rendered":"<p>Tras recibir el banderazo de salida, 54 brigadistas de las diferentes carreras del \u00e1rea de la Salud de la Universidad Aut\u00f3noma de Sinaloa (UAS), partieron con destino al municipio de Salvador Alvarado, donde dar\u00e1 inicio la aplicaci\u00f3n de la segunda dosis de la vacuna contra COVID-19 en adultos mayores de 60 a\u00f1os. &nbsp; El Secretario [&hellip;]<\/p>\n","protected":false},"author":1,"featured_media":104,"comment_status":"closed","ping_status":"closed","sticky":false,"template":"","format":"standard","meta":{"footnotes":""},"categories":[13],"tags":[],"ppma_author":[31],"class_list":["post-16593","post","type-post","status-publish","format-standard","has-post-thumbnail","hentry","category-locales"],"aioseo_notices":[],"authors":[{"term_id":31,"user_id":1,"is_guest":0,"slug":"ivan3vino","display_name":"Iv\u00e1n Trevi\u00f1o","avatar_url":{"url":"https:\/\/visionciudadana.com.mx\/oficial\/wp-content\/uploads\/2025\/09\/columna-ivan-Trevino.png","url2x":"https:\/\/visionciudadana.com.mx\/oficial\/wp-content\/uploads\/2025\/09\/columna-ivan-Trevino.png"},"0":null,"1":"","2":"","3":"","4":"","5":"","6":"","7":"","8":""}],"_links":{"self":[{"href":"https:\/\/visionciudadana.com.mx\/oficial\/wp-json\/wp\/v2\/posts\/16593","targetHints":{"allow":["GET"]}}],"collection":[{"href":"https:\/\/visionciudadana.com.mx\/oficial\/wp-json\/wp\/v2\/posts"}],"about":[{"href":"https:\/\/visionciudadana.com.mx\/oficial\/wp-json\/wp\/v2\/types\/post"}],"author":[{"embeddable":true,"href":"https:\/\/visionciudadana.com.mx\/oficial\/wp-json\/wp\/v2\/users\/1"}],"replies":[{"embeddable":true,"href":"https:\/\/visionciudadana.com.mx\/oficial\/wp-json\/wp\/v2\/comments?post=16593"}],"version-history":[{"count":1,"href":"https:\/\/visionciudadana.com.mx\/oficial\/wp-json\/wp\/v2\/posts\/16593\/revisions"}],"predecessor-version":[{"id":31246,"href":"https:\/\/visionciudadana.com.mx\/oficial\/wp-json\/wp\/v2\/posts\/16593\/revisions\/31246"}],"wp:featuredmedia":[{"embeddable":true,"href":"https:\/\/visionciudadana.com.mx\/oficial\/wp-json\/wp\/v2\/posts\/104"}],"wp:attachment":[{"href":"https:\/\/visionciudadana.com.mx\/oficial\/wp-json\/wp\/v2\/media?parent=16593"}],"wp:term":[{"taxonomy":"category","embeddable":true,"href":"https:\/\/visionciudadana.com.mx\/oficial\/wp-json\/wp\/v2\/categories?post=16593"},{"taxonomy":"post_tag","embeddable":true,"href":"https:\/\/visionciudadana.com.mx\/oficial\/wp-json\/wp\/v2\/tags?post=16593"},{"taxonomy":"author","embeddable":true,"href":"https:\/\/visionciudadana.com.mx\/oficial\/wp-json\/wp\/v2\/ppma_author?post=16593"}],"curies":[{"name":"wp","href":"https:\/\/api.w.org\/{rel}","templated":true}]}}