{"id":16592,"date":"2021-04-03T17:41:50","date_gmt":"2021-04-03T17:41:50","guid":{"rendered":"https:\/\/visionciudadana.com.mx\/chio\/2021\/04\/03\/aprueban-registro-de-candidaturas-para-gubernatura-diputaciones-y-ayuntamientos-en-el-proceso-electoral-2020-2021\/"},"modified":"2025-06-25T00:16:43","modified_gmt":"2025-06-25T00:16:43","slug":"aprueban-registro-de-candidaturas-para-gubernatura-diputaciones-y-ayuntamientos-en-el-proceso-electoral-2020-2021","status":"publish","type":"post","link":"https:\/\/visionciudadana.com.mx\/oficial\/2021\/04\/03\/aprueban-registro-de-candidaturas-para-gubernatura-diputaciones-y-ayuntamientos-en-el-proceso-electoral-2020-2021\/","title":{"rendered":"Aprueban registro de candidaturas para Gubernatura, Diputaciones y Ayuntamientos en el proceso electoral 2020-2021"},"content":{"rendered":"<p><img fetchpriority=\"high\" decoding=\"async\" src=\"images\/aprueban-candidaturas-20-21.jpg\" alt=\"aprueban candidaturas 20 21\" width=\"720\" height=\"480\" style=\"display: block; margin: 20px auto;\" \/><\/p>\n<p style=\"text-align: justify;\"><span style=\"font-size: 14pt; font-family: arial, helvetica, sans-serif;\">Tras presentar 34 proyectos de acuerdos en los que se constat\u00f3 el cumplimiento de los requisitos, documentaci\u00f3n y normatividad en el registro de candidaturas en el Proceso Electoral Local 2020-2021, el Consejo General del Instituto Electoral del Estado de Sinaloa (IEES), en sesi\u00f3n extraordinaria virtual aprob\u00f3 los correspondientes a la gubernatura de Sinaloa, Diputaciones por el sistema de mayor\u00eda relativa para los veinticuatro distritos electorales uninominales locales, as\u00ed como las de principio de representaci\u00f3n proporcional; de las Presidencias Municipales, Sindicaturas en Procuraci\u00f3n y Regidur\u00edas por el sistema de mayor\u00eda relativa y las listas municipales por el principio de representaci\u00f3n proporcional.<\/span><\/p>\n<p>&nbsp;<\/p>\n<p style=\"text-align: justify;\"><span style=\"font-size: 14pt; font-family: arial, helvetica, sans-serif;\">Las candidaturas aprobadas para la gubernatura son: Mario Zamora Gast\u00e9lum, como candidato de la Coalici\u00f3n \u201cVa por Sinaloa\u201d, integrada por los partidos Acci\u00f3n Nacional, Revolucionario Institucional y de la Revoluci\u00f3n Democr\u00e1tica; Rub\u00e9n Rocha Moya, en candidatura com\u00fan por los Partidos Pol\u00edticos Morena y Sinaloense; Sergio Torres F\u00e9lix, por el Partido Movimiento Ciudadano; Rosa Elena Mill\u00e1n Bueno, por el Partido Fuerza por M\u00e9xico; Ricardo Arnulfo Mendoza Sauceda, por el Partido Encuentro Solidario; Gloria Gonz\u00e1lez Burboa, por el Partido del Trabajo; Tom\u00e1s Saucedo Carre\u00f1o, del Partido Verde Ecologista de M\u00e9xico; y Yolanda Yadira Cabrera Peraza, como abanderada del Partido Redes Sociales Progresistas.<\/span><\/p>\n<p>&nbsp;<\/p>\n<p style=\"text-align: justify;\"><span style=\"font-size: 14pt; font-family: arial, helvetica, sans-serif;\">Con relaci\u00f3n a las Diputaciones por el sistema de mayor\u00eda relativa y de representaci\u00f3n proporcional, se estableci\u00f3 que las f\u00f3rmulas cumplieron con el principio de paridad de g\u00e9nero en sus postulaciones; y tambi\u00e9n con registrar una f\u00f3rmula de candidatura ind\u00edgena en aquellos Distritos Locales que alcancen el 33.33% o m\u00e1s de poblaci\u00f3n ind\u00edgena, actualiz\u00e1ndose dicho supuesto en este proceso electoral, en el Distrito Electoral 1, con cabecera en el municipio de El Fuerte; y adem\u00e1s de colocar una f\u00f3rmula de candidatura ind\u00edgena dentro de los cinco primeros lugares de la lista plurinominal; as\u00ed tambi\u00e9n se observ\u00f3 que se llevaron a cabo los registros de al menos una f\u00f3rmula integrada por personas de la diversidad sexual.<\/span><\/p>\n<p>&nbsp;<\/p>\n<p style=\"text-align: justify;\"><span style=\"font-size: 14pt; font-family: arial, helvetica, sans-serif;\">En cuanto a las Presidencias Municipales, Sindicaturas en Procuraci\u00f3n y Regidur\u00edas por el sistema de mayor\u00eda relativa, y listas municipales por el principio de representaci\u00f3n proporcional, el Pleno observ\u00f3 que se acataron las reglas en materia de paridad de g\u00e9nero y postulaci\u00f3n de candidaturas ind\u00edgenas.<\/span><\/p>\n<p>&nbsp;<\/p>\n<p>&nbsp;<\/p>\n<p>&nbsp;<\/p>\n<p>&nbsp;<\/p>\n<p style=\"text-align: justify;\"><span style=\"font-size: 14pt; font-family: arial, helvetica, sans-serif;\">Redacci\u00f3n\/visionciudadana<\/span><\/p>\n","protected":false},"excerpt":{"rendered":"<p>Tras presentar 34 proyectos de acuerdos en los que se constat\u00f3 el cumplimiento de los requisitos, documentaci\u00f3n y normatividad en el registro de candidaturas en el Proceso Electoral Local 2020-2021, el Consejo General del Instituto Electoral del Estado de Sinaloa (IEES), en sesi\u00f3n extraordinaria virtual aprob\u00f3 los correspondientes a la gubernatura de Sinaloa, Diputaciones por [&hellip;]<\/p>\n","protected":false},"author":1,"featured_media":102,"comment_status":"closed","ping_status":"closed","sticky":false,"template":"","format":"standard","meta":{"footnotes":""},"categories":[24],"tags":[],"ppma_author":[31],"class_list":["post-16592","post","type-post","status-publish","format-standard","has-post-thumbnail","hentry","category-relevantes"],"aioseo_notices":[],"authors":[{"term_id":31,"user_id":1,"is_guest":0,"slug":"ivan3vino","display_name":"Iv\u00e1n Trevi\u00f1o","avatar_url":{"url":"https:\/\/visionciudadana.com.mx\/oficial\/wp-content\/uploads\/2025\/09\/columna-ivan-Trevino.png","url2x":"https:\/\/visionciudadana.com.mx\/oficial\/wp-content\/uploads\/2025\/09\/columna-ivan-Trevino.png"},"0":null,"1":"","2":"","3":"","4":"","5":"","6":"","7":"","8":""}],"_links":{"self":[{"href":"https:\/\/visionciudadana.com.mx\/oficial\/wp-json\/wp\/v2\/posts\/16592","targetHints":{"allow":["GET"]}}],"collection":[{"href":"https:\/\/visionciudadana.com.mx\/oficial\/wp-json\/wp\/v2\/posts"}],"about":[{"href":"https:\/\/visionciudadana.com.mx\/oficial\/wp-json\/wp\/v2\/types\/post"}],"author":[{"embeddable":true,"href":"https:\/\/visionciudadana.com.mx\/oficial\/wp-json\/wp\/v2\/users\/1"}],"replies":[{"embeddable":true,"href":"https:\/\/visionciudadana.com.mx\/oficial\/wp-json\/wp\/v2\/comments?post=16592"}],"version-history":[{"count":1,"href":"https:\/\/visionciudadana.com.mx\/oficial\/wp-json\/wp\/v2\/posts\/16592\/revisions"}],"predecessor-version":[{"id":31247,"href":"https:\/\/visionciudadana.com.mx\/oficial\/wp-json\/wp\/v2\/posts\/16592\/revisions\/31247"}],"wp:featuredmedia":[{"embeddable":true,"href":"https:\/\/visionciudadana.com.mx\/oficial\/wp-json\/wp\/v2\/posts\/102"}],"wp:attachment":[{"href":"https:\/\/visionciudadana.com.mx\/oficial\/wp-json\/wp\/v2\/media?parent=16592"}],"wp:term":[{"taxonomy":"category","embeddable":true,"href":"https:\/\/visionciudadana.com.mx\/oficial\/wp-json\/wp\/v2\/categories?post=16592"},{"taxonomy":"post_tag","embeddable":true,"href":"https:\/\/visionciudadana.com.mx\/oficial\/wp-json\/wp\/v2\/tags?post=16592"},{"taxonomy":"author","embeddable":true,"href":"https:\/\/visionciudadana.com.mx\/oficial\/wp-json\/wp\/v2\/ppma_author?post=16592"}],"curies":[{"name":"wp","href":"https:\/\/api.w.org\/{rel}","templated":true}]}}