{"id":16591,"date":"2021-04-03T17:29:09","date_gmt":"2021-04-03T17:29:09","guid":{"rendered":"https:\/\/visionciudadana.com.mx\/chio\/2021\/04\/03\/mario-zamora-visitara-seis-municipios-en-su-primera-jornada-de-campana\/"},"modified":"2025-06-25T00:16:43","modified_gmt":"2025-06-25T00:16:43","slug":"mario-zamora-visitara-seis-municipios-en-su-primera-jornada-de-campana","status":"publish","type":"post","link":"https:\/\/visionciudadana.com.mx\/oficial\/2021\/04\/03\/mario-zamora-visitara-seis-municipios-en-su-primera-jornada-de-campana\/","title":{"rendered":"Mario Zamora visitar\u00e1 seis municipios, en su primera jornada de campa\u00f1a"},"content":{"rendered":"<p><img fetchpriority=\"high\" decoding=\"async\" src=\"images\/mario-zamora-inicio-campa\u00f1a.jpg\" alt=\"mario zamora inicio campa\u00f1a\" width=\"720\" height=\"480\" style=\"display: block; margin: 20px auto;\" \/><\/p>\n<p style=\"text-align: justify;\"><span style=\"font-family: arial, helvetica, sans-serif; font-size: 14pt;\">En lo que ser\u00e1 su primer d\u00eda de campa\u00f1a, Mario Zamora Gast\u00e9lum recorrer\u00e1 distintos puntos de los municipios Guasave, Mazatl\u00e1n, Elota, Culiac\u00e1n, Salvador Alvarado y Ahome, iniciando desde el primer minuto de este domingo con un saludo y di\u00e1logo con personal m\u00e9dico del Hospital General de Guasave.<\/span><\/p>\n<p>&nbsp;<\/p>\n<p style=\"text-align: justify;\"><span style=\"font-family: arial, helvetica, sans-serif; font-size: 14pt;\">El presidente del PRI en Sinaloa y coordinador general de campa\u00f1a, Jes\u00fas Valdes Palazuelos, afirm\u00f3 que esta primera jornada es un indicador de lo que ser\u00e1 la campa\u00f1a de Mario Zamora Gast\u00e9lum: din\u00e1mica, intensa, cercana a la gente, franca, de propuestas y muy alegre.<\/span><\/p>\n<p>&nbsp;<\/p>\n<p style=\"text-align: justify;\"><span style=\"font-family: arial, helvetica, sans-serif; font-size: 14pt;\">El candidato del PRI, PRD y PAN al Gobierno de Sinaloa ha expresado que su proselitismo ser\u00e1 de propuestas aterrizables, medibles y concretas, sin enga\u00f1os ni falsas promesas, se\u00f1al\u00f3 Jes\u00fas Vald\u00e9s.<\/span><\/p>\n<p>&nbsp;<\/p>\n<p style=\"text-align: justify;\"><span style=\"font-family: arial, helvetica, sans-serif; font-size: 14pt;\">Mario Zamora, a lo largo de la precampa\u00f1a y de la intercampa\u00f1a, sostuvo encuentros para escuchar a la gente, tanto en zonas de la costa como en la sierra, as\u00ed como en comunidades y colonias populares. \u201cSeguiremos escuchando pero ahora nos toca proponer\u201d.<\/span><\/p>\n<p>&nbsp;<\/p>\n<p style=\"text-align: justify;\"><span style=\"font-family: arial, helvetica, sans-serif; font-size: 14pt;\">La jornada inaugural de la campa\u00f1a de la alianza \u201cVamos por Sinaloa\u201d cubrir\u00e1, en estos seis municipios, los siete distritos federales y ocho distritos locales, para promover esta opci\u00f3n electoral entre la ciudadan\u00eda y en sectores como pescadores, maestros, m\u00e9dicos, deportistas, comerciantes, agricultores, j\u00f3venes y mujeres.<\/span><\/p>\n<p>&nbsp;<\/p>\n<p style=\"text-align: justify;\"><span style=\"font-family: arial, helvetica, sans-serif; font-size: 14pt;\">AGENDA DE MARIO ZAMORA EL DOMINGO 04 DE ABRIL<\/span><\/p>\n<p style=\"text-align: justify;\"><span style=\"font-family: arial, helvetica, sans-serif; font-size: 14pt;\">GUASAVE<\/span><\/p>\n<p style=\"text-align: justify;\"><span style=\"font-family: arial, helvetica, sans-serif; font-size: 14pt;\">Hora: 00:01<\/span><\/p>\n<p style=\"text-align: justify;\"><span style=\"font-family: arial, helvetica, sans-serif; font-size: 14pt;\">Actividad: Inicio de campa\u00f1a con saludo a personal m\u00e9dico en el Hospital General de Guasave.<\/span><\/p>\n<p style=\"text-align: justify;\"><span style=\"font-family: arial, helvetica, sans-serif; font-size: 14pt;\">Lugar: Hospital General de Guasave.<\/span><\/p>\n<p style=\"text-align: justify;\"><span style=\"font-family: arial, helvetica, sans-serif; font-size: 14pt;\">IMPORTANTE Al t\u00e9rmino, se tendr\u00e1 un PRIMER ENCUENTRO CON MEDIOS.<\/span><\/p>\n<p style=\"text-align: justify;\"><span style=\"font-family: arial, helvetica, sans-serif; font-size: 14pt;\">MAZATL\u00c1N<\/span><\/p>\n<p style=\"text-align: justify;\"><span style=\"font-family: arial, helvetica, sans-serif; font-size: 14pt;\">Hora: 06:45<\/span><\/p>\n<p style=\"text-align: justify;\"><span style=\"font-family: arial, helvetica, sans-serif; font-size: 14pt;\">Actividad: Inicio de campa\u00f1a en Mazatl\u00e1n.<\/span><\/p>\n<p style=\"text-align: justify;\"><span style=\"font-family: arial, helvetica, sans-serif; font-size: 14pt;\">Lugar: Entre calles 16 de abril y 18 de abril, colonia \u00abObrera\u00bb.<\/span><\/p>\n<p style=\"text-align: justify;\"><span style=\"font-family: arial, helvetica, sans-serif; font-size: 14pt;\">Hora: 08:15<\/span><\/p>\n<p style=\"text-align: justify;\"><span style=\"font-family: arial, helvetica, sans-serif; font-size: 14pt;\">Actividad: Saludo a locatarios y consumidores del mercado \u00abJuan Carrasco\u00bb.<\/span><\/p>\n<p style=\"text-align: justify;\"><span style=\"font-family: arial, helvetica, sans-serif; font-size: 14pt;\">Lugar: Av. Guti\u00e9rrez N\u00e1jera S\/N, Reforma, 82030 Mazatl\u00e1n.<\/span><\/p>\n<p style=\"text-align: justify;\"><span style=\"font-family: arial, helvetica, sans-serif; font-size: 14pt;\">Hora: 08:50<\/span><\/p>\n<p style=\"text-align: justify;\"><span style=\"font-family: arial, helvetica, sans-serif; font-size: 14pt;\">Actividad: Saliendo del mercado Juan Carrasco, recorrido de saludo por la Av. Guti\u00e9rrez Najera rumbo a playa norte donde culminar\u00e1 con un saludo a pescadores.<\/span><\/p>\n<p>&nbsp;<\/p>\n<p style=\"text-align: justify;\"><span style=\"font-family: arial, helvetica, sans-serif; font-size: 14pt;\">ELOTA<\/span><\/p>\n<p style=\"text-align: justify;\"><span style=\"font-family: arial, helvetica, sans-serif; font-size: 14pt;\">Hora: 12:00<\/span><\/p>\n<p style=\"text-align: justify;\"><span style=\"font-family: arial, helvetica, sans-serif; font-size: 14pt;\">Actividad: Reunion con maestros, ciudadanos y l\u00edderes del municipio de Elota.<\/span><\/p>\n<p style=\"text-align: justify;\"><span style=\"font-family: arial, helvetica, sans-serif; font-size: 14pt;\">Lugar: Palapa Grande de la comunidad en Celestino Gazca. Entrada en el km 73.<\/span><\/p>\n<p style=\"text-align: justify;\"><span style=\"font-family: arial, helvetica, sans-serif; font-size: 14pt;\">CULIACAN<\/span><\/p>\n<p>&nbsp;<\/p>\n<p style=\"text-align: justify;\"><span style=\"font-family: arial, helvetica, sans-serif; font-size: 14pt;\">Lugar: 15:30<\/span><\/p>\n<p style=\"text-align: justify;\"><span style=\"font-family: arial, helvetica, sans-serif; font-size: 14pt;\">Actividad: Saludo a ciudadanos en el Parque Acu\u00e1tico.<\/span><\/p>\n<p style=\"text-align: justify;\"><span style=\"font-family: arial, helvetica, sans-serif; font-size: 14pt;\">Lugar: Parque Acu\u00e1tico. Paseo Ni\u00f1os H\u00e9roes (Malec\u00f3n antes del puente negro), Culiac\u00e1n.<\/span><\/p>\n<p>&nbsp;<\/p>\n<p style=\"text-align: justify;\"><span style=\"font-family: arial, helvetica, sans-serif; font-size: 14pt;\">SALVADOR ALVARADO<\/span><\/p>\n<p style=\"text-align: justify;\"><span style=\"font-family: arial, helvetica, sans-serif; font-size: 14pt;\">Hora: 18:00<\/span><\/p>\n<p style=\"text-align: justify;\"><span style=\"font-family: arial, helvetica, sans-serif; font-size: 14pt;\">Actividad: Saludo a Vecinos en la Col. San Pedro.<\/span><\/p>\n<p style=\"text-align: justify;\"><span style=\"font-family: arial, helvetica, sans-serif; font-size: 14pt;\">Lugar: Rancho Do\u00f1a Emilia, frente al estadio de beisbol de la colonia San Pedro, Guam\u00fachil<\/span><\/p>\n<p>&nbsp;<\/p>\n<p style=\"text-align: justify;\"><span style=\"font-family: arial, helvetica, sans-serif; font-size: 14pt;\">AHOME<\/span><\/p>\n<p style=\"text-align: justify;\"><span style=\"font-family: arial, helvetica, sans-serif; font-size: 14pt;\">Hora: 20:30<\/span><\/p>\n<p style=\"text-align: justify;\"><span style=\"font-family: arial, helvetica, sans-serif; font-size: 14pt;\">Actividad: Saludo a j\u00f3venes y mujeres del municipio de Ahome.<\/span><\/p>\n<p style=\"text-align: justify;\"><span style=\"font-family: arial, helvetica, sans-serif; font-size: 14pt;\">Lugar: Jard\u00edn de los \u00c1vila, Genaro Calder\u00f3n 1333. Los Mochis.<\/span><\/p>\n<p>&nbsp;<\/p>\n<p>&nbsp;<\/p>\n<p>&nbsp;<\/p>\n<p>&nbsp;<\/p>\n<p>&nbsp;<\/p>\n<p style=\"text-align: justify;\"><span style=\"font-family: arial, helvetica, sans-serif; font-size: 14pt;\">Redacci\u00f3n\/visionciudadana<\/span><\/p>\n","protected":false},"excerpt":{"rendered":"<p>En lo que ser\u00e1 su primer d\u00eda de campa\u00f1a, Mario Zamora Gast\u00e9lum recorrer\u00e1 distintos puntos de los municipios Guasave, Mazatl\u00e1n, Elota, Culiac\u00e1n, Salvador Alvarado y Ahome, iniciando desde el primer minuto de este domingo con un saludo y di\u00e1logo con personal m\u00e9dico del Hospital General de Guasave. &nbsp; El presidente del PRI en Sinaloa y [&hellip;]<\/p>\n","protected":false},"author":1,"featured_media":100,"comment_status":"closed","ping_status":"closed","sticky":false,"template":"","format":"standard","meta":{"footnotes":""},"categories":[24],"tags":[],"ppma_author":[31],"class_list":["post-16591","post","type-post","status-publish","format-standard","has-post-thumbnail","hentry","category-relevantes"],"aioseo_notices":[],"authors":[{"term_id":31,"user_id":1,"is_guest":0,"slug":"ivan3vino","display_name":"Iv\u00e1n Trevi\u00f1o","avatar_url":{"url":"https:\/\/visionciudadana.com.mx\/oficial\/wp-content\/uploads\/2025\/09\/columna-ivan-Trevino.png","url2x":"https:\/\/visionciudadana.com.mx\/oficial\/wp-content\/uploads\/2025\/09\/columna-ivan-Trevino.png"},"0":null,"1":"","2":"","3":"","4":"","5":"","6":"","7":"","8":""}],"_links":{"self":[{"href":"https:\/\/visionciudadana.com.mx\/oficial\/wp-json\/wp\/v2\/posts\/16591","targetHints":{"allow":["GET"]}}],"collection":[{"href":"https:\/\/visionciudadana.com.mx\/oficial\/wp-json\/wp\/v2\/posts"}],"about":[{"href":"https:\/\/visionciudadana.com.mx\/oficial\/wp-json\/wp\/v2\/types\/post"}],"author":[{"embeddable":true,"href":"https:\/\/visionciudadana.com.mx\/oficial\/wp-json\/wp\/v2\/users\/1"}],"replies":[{"embeddable":true,"href":"https:\/\/visionciudadana.com.mx\/oficial\/wp-json\/wp\/v2\/comments?post=16591"}],"version-history":[{"count":1,"href":"https:\/\/visionciudadana.com.mx\/oficial\/wp-json\/wp\/v2\/posts\/16591\/revisions"}],"predecessor-version":[{"id":31248,"href":"https:\/\/visionciudadana.com.mx\/oficial\/wp-json\/wp\/v2\/posts\/16591\/revisions\/31248"}],"wp:featuredmedia":[{"embeddable":true,"href":"https:\/\/visionciudadana.com.mx\/oficial\/wp-json\/wp\/v2\/posts\/100"}],"wp:attachment":[{"href":"https:\/\/visionciudadana.com.mx\/oficial\/wp-json\/wp\/v2\/media?parent=16591"}],"wp:term":[{"taxonomy":"category","embeddable":true,"href":"https:\/\/visionciudadana.com.mx\/oficial\/wp-json\/wp\/v2\/categories?post=16591"},{"taxonomy":"post_tag","embeddable":true,"href":"https:\/\/visionciudadana.com.mx\/oficial\/wp-json\/wp\/v2\/tags?post=16591"},{"taxonomy":"author","embeddable":true,"href":"https:\/\/visionciudadana.com.mx\/oficial\/wp-json\/wp\/v2\/ppma_author?post=16591"}],"curies":[{"name":"wp","href":"https:\/\/api.w.org\/{rel}","templated":true}]}}