{"id":16588,"date":"2021-04-01T22:17:59","date_gmt":"2021-04-01T22:17:59","guid":{"rendered":"https:\/\/visionciudadana.com.mx\/chio\/2021\/04\/01\/llegan-segundas-dosis-de-vacuna-para-personal-de-salud-y-adultos-mayores-de-salvador-alvarado\/"},"modified":"2025-06-25T00:16:43","modified_gmt":"2025-06-25T00:16:43","slug":"llegan-segundas-dosis-de-vacuna-para-personal-de-salud-y-adultos-mayores-de-salvador-alvarado","status":"publish","type":"post","link":"https:\/\/visionciudadana.com.mx\/oficial\/2021\/04\/01\/llegan-segundas-dosis-de-vacuna-para-personal-de-salud-y-adultos-mayores-de-salvador-alvarado\/","title":{"rendered":"Llegan segundas dosis de vacuna para personal de salud y adultos mayores de Salvador Alvarado"},"content":{"rendered":"<div><img fetchpriority=\"high\" decoding=\"async\" src=\"images\/abril21\/vacuna.png\" alt=\"vacuna\" width=\"409\" height=\"238\" style=\"display: block; margin-left: auto; margin-right: auto;\" \/><\/div>\n<div>&nbsp;<\/div>\n<div style=\"text-align: justify;\"><span style=\"font-size: 14pt; font-family: arial, helvetica, sans-serif;\"> Como parte del Programa Nacional de Vacunaci\u00f3n este jueves santo lleg\u00f3 a Sinaloa un poco m\u00e1s de 14 mil vacunas de la farmaceutica Pfizer, mismas ser\u00e1n aplicadas como segundas dosis del personal de salud y adultos mayores de Salvador Alvarado.<\/span><\/div>\n<div style=\"text-align: justify;\">&nbsp;<\/div>\n<div style=\"text-align: justify;\">&nbsp;<\/div>\n<div style=\"text-align: justify;\"><span style=\"font-size: 14pt; font-family: arial, helvetica, sans-serif;\">El Dr. Efr\u00e9n Encinas Torres, Secretario de Salud del Estado, explic\u00f3 que la log\u00edstica a cargo de la Secretar\u00eda del Bienestar Federal implica que las segundas dosis sean aplicadas en base a cita en el mismo lugar que los adultos mayores acudieron por la primera.&nbsp;<\/span><\/div>\n<div style=\"text-align: justify;\">&nbsp;<\/div>\n<div style=\"text-align: justify;\"><span style=\"font-size: 14pt; font-family: arial, helvetica, sans-serif;\"><\/span><\/div>\n<div style=\"text-align: justify;\"><span style=\"font-size: 14pt; font-family: arial, helvetica, sans-serif;\">\u00abReconocimiento para todos por que el proceso se esta dando en Semana Santa, y arriban hoy 14 mil 040 dosis de Pfizer para segundas dosis, 8 mil 800 para Salvador Alvarado adultos mayores &#8230; y adelantar lo m\u00e1s que se pueda en vacunaci\u00f3n hoy y ma\u00f1ana por que se espera que lleguen m\u00e1s vacunas para iniciar con los adultos mayores de aqu\u00ed de Culiac\u00e1n\u00bb.<\/span><\/div>\n<div style=\"text-align: justify;\">&nbsp;<\/div>\n<div style=\"text-align: justify;\">&nbsp;<\/div>\n<div style=\"text-align: justify;\"><span style=\"font-size: 14pt; font-family: arial, helvetica, sans-serif;\">En este arribo llegaron 14 mil 040 dosis de las cuales 8 mil 775 se entregaron para su aplicaci\u00f3n en Salvador Alvarado y el resto a los hospitales de todo el sector para el personal de salud.<\/span><\/div>\n<div style=\"text-align: justify;\">&nbsp;<\/div>\n<div style=\"text-align: justify;\">&nbsp;<\/div>\n<div style=\"text-align: justify;\"><span style=\"font-size: 14pt; font-family: arial, helvetica, sans-serif;\">Por su parte el jefe de la Brigada Correcaminos y Delegado del IMSS en Sinaloa, Dr. Luis Rafael L\u00f3pez Oca\u00f1a explic\u00f3 que se espera en estos d\u00edas el arribo de m\u00e1s de 100 mil dosis para adultos mayores de Culiac\u00e1n por que lo esra Semana Santa ser\u00e1 de mucho trabajo.<\/span><\/div>\n<div style=\"text-align: justify;\"><span style=\"font-size: 14pt; font-family: arial, helvetica, sans-serif;\">En total han llegado a Sinaloa al rededor de 220 mil vacunas para su aplicaci\u00f3n de 3 diferentes farmaceuticas.<\/span><\/div>\n<div style=\"text-align: justify;\">&nbsp;<\/div>\n<div style=\"text-align: justify;\">&nbsp;<\/div>\n<div style=\"text-align: justify;\"><span style=\"font-size: 14pt; font-family: arial, helvetica, sans-serif;\">Presentes en el arribo del biol\u00f3gico estuvieron adem\u00e1s el Delegado de ISSSTE en Sinaloa, Dr. Marcial Silva G\u00f3mez as\u00ed como el Secretario General de la UAS, Dr. Gerardo Alapizco Castro y el representante de las Fuerzas Armadas en el Estado, General Vinicio Perea igual que el Dr. Alfonso Paez, responsable de la interoperabilidad de los programas federales.<\/span><\/div>\n<div style=\"text-align: justify;\">&nbsp;<\/div>\n<div style=\"text-align: justify;\">&nbsp;<\/div>\n<div style=\"text-align: justify;\"><span style=\"font-size: 14pt; font-family: arial, helvetica, sans-serif;\">REDACCI\u00d3N\/VISI\u00d3N CIUDADANA.<\/span><\/div>\n","protected":false},"excerpt":{"rendered":"<p>&nbsp; Como parte del Programa Nacional de Vacunaci\u00f3n este jueves santo lleg\u00f3 a Sinaloa un poco m\u00e1s de 14 mil vacunas de la farmaceutica Pfizer, mismas ser\u00e1n aplicadas como segundas dosis del personal de salud y adultos mayores de Salvador Alvarado. &nbsp; &nbsp; El Dr. Efr\u00e9n Encinas Torres, Secretario de Salud del Estado, explic\u00f3 que [&hellip;]<\/p>\n","protected":false},"author":1,"featured_media":95,"comment_status":"closed","ping_status":"closed","sticky":false,"template":"","format":"standard","meta":{"footnotes":""},"categories":[24],"tags":[],"ppma_author":[31],"class_list":["post-16588","post","type-post","status-publish","format-standard","has-post-thumbnail","hentry","category-relevantes"],"aioseo_notices":[],"authors":[{"term_id":31,"user_id":1,"is_guest":0,"slug":"ivan3vino","display_name":"Iv\u00e1n Trevi\u00f1o","avatar_url":{"url":"https:\/\/visionciudadana.com.mx\/oficial\/wp-content\/uploads\/2025\/09\/columna-ivan-Trevino.png","url2x":"https:\/\/visionciudadana.com.mx\/oficial\/wp-content\/uploads\/2025\/09\/columna-ivan-Trevino.png"},"0":null,"1":"","2":"","3":"","4":"","5":"","6":"","7":"","8":""}],"_links":{"self":[{"href":"https:\/\/visionciudadana.com.mx\/oficial\/wp-json\/wp\/v2\/posts\/16588","targetHints":{"allow":["GET"]}}],"collection":[{"href":"https:\/\/visionciudadana.com.mx\/oficial\/wp-json\/wp\/v2\/posts"}],"about":[{"href":"https:\/\/visionciudadana.com.mx\/oficial\/wp-json\/wp\/v2\/types\/post"}],"author":[{"embeddable":true,"href":"https:\/\/visionciudadana.com.mx\/oficial\/wp-json\/wp\/v2\/users\/1"}],"replies":[{"embeddable":true,"href":"https:\/\/visionciudadana.com.mx\/oficial\/wp-json\/wp\/v2\/comments?post=16588"}],"version-history":[{"count":1,"href":"https:\/\/visionciudadana.com.mx\/oficial\/wp-json\/wp\/v2\/posts\/16588\/revisions"}],"predecessor-version":[{"id":31249,"href":"https:\/\/visionciudadana.com.mx\/oficial\/wp-json\/wp\/v2\/posts\/16588\/revisions\/31249"}],"wp:featuredmedia":[{"embeddable":true,"href":"https:\/\/visionciudadana.com.mx\/oficial\/wp-json\/wp\/v2\/media\/95"}],"wp:attachment":[{"href":"https:\/\/visionciudadana.com.mx\/oficial\/wp-json\/wp\/v2\/media?parent=16588"}],"wp:term":[{"taxonomy":"category","embeddable":true,"href":"https:\/\/visionciudadana.com.mx\/oficial\/wp-json\/wp\/v2\/categories?post=16588"},{"taxonomy":"post_tag","embeddable":true,"href":"https:\/\/visionciudadana.com.mx\/oficial\/wp-json\/wp\/v2\/tags?post=16588"},{"taxonomy":"author","embeddable":true,"href":"https:\/\/visionciudadana.com.mx\/oficial\/wp-json\/wp\/v2\/ppma_author?post=16588"}],"curies":[{"name":"wp","href":"https:\/\/api.w.org\/{rel}","templated":true}]}}