{"id":16587,"date":"2021-04-01T22:10:02","date_gmt":"2021-04-01T22:10:02","guid":{"rendered":"https:\/\/visionciudadana.com.mx\/chio\/2021\/04\/01\/rocha-moya-presenta-su-comite-de-campana-por-la-gubernatura\/"},"modified":"2025-06-25T00:16:43","modified_gmt":"2025-06-25T00:16:43","slug":"rocha-moya-presenta-su-comite-de-campana-por-la-gubernatura","status":"publish","type":"post","link":"https:\/\/visionciudadana.com.mx\/oficial\/2021\/04\/01\/rocha-moya-presenta-su-comite-de-campana-por-la-gubernatura\/","title":{"rendered":"Rocha Moya presenta su Comit\u00e9 de Campa\u00f1a por la gubernatura"},"content":{"rendered":"<p><img fetchpriority=\"high\" decoding=\"async\" src=\"images\/abril21\/rochas.PNG\" alt=\"rochas\" width=\"380\" height=\"242\" style=\"display: block; margin-left: auto; margin-right: auto;\" \/><\/p>\n<p style=\"text-align: justify;\"><span style=\"font-size: 14pt; font-family: arial, helvetica, sans-serif;\">Al presentar a las y los integrantes de su Comit\u00e9 de Campa\u00f1a por la gubernatura, el senador con licencia Dr. Rub\u00e9n Rocha Moya anunci\u00f3 que iniciar\u00e1 sus actividades proselitistas el primer minuto del domingo 4 de abril en Culiac\u00e1n.<\/span><\/p>\n<p style=\"text-align: justify;\">&nbsp;<\/p>\n<p style=\"text-align: justify;\"><span style=\"font-size: 14pt; font-family: arial, helvetica, sans-serif;\">Acompa\u00f1ado por la Senadora Imelda Castro Castro; Feliciano Castro Mel\u00e9ndrez, candidato a diputado por el Distrito 13; y el presidente estatal del PAS, H\u00e9ctor Melesio Cu\u00e9n Ojeda; el precandidato a la gubernatura present\u00f3 ante los medios a Alejandro Higuera Osuna como su coordinador general de campa\u00f1a.<\/span><\/p>\n<p style=\"text-align: justify;\">&nbsp;<\/p>\n<p style=\"text-align: justify;\"><span style=\"font-size: 14pt; font-family: arial, helvetica, sans-serif;\">\u201cAlejandro Higuera es un pol\u00edtico abierto, moderno, es un creyente; est\u00e1 convencido por su ejercicio p\u00fablico que hay que gobernar y tener en cuenta a la sociedad en su realidad, no podemos excluir a nadie; y por su experiencia como pol\u00edtico sinaloense conoce el trabajo electoral\u201d, puntualiz\u00f3.<\/span><\/p>\n<p style=\"text-align: justify;\">&nbsp;<\/p>\n<p style=\"text-align: justify;\"><span style=\"font-size: 14pt; font-family: arial, helvetica, sans-serif;\">Rocha Moya se\u00f1al\u00f3 que en una campa\u00f1a se toman medidas estrat\u00e9gicas y decisiones con un c\u00e1lculo pol\u00edtico y, por ello, Alejandro Higuera se integra al proyecto para sumar.<\/span><\/p>\n<p style=\"text-align: justify;\">&nbsp;<\/p>\n<p style=\"text-align: justify;\"><span style=\"font-size: 14pt; font-family: arial, helvetica, sans-serif;\">A su vez, el coordinador general detall\u00f3 que el Dr. Rocha Moya arrancar\u00e1 su campa\u00f1a el primer minuto del domingo 4 de abril en las instalaciones de su Comit\u00e9 de Campa\u00f1a, ubicado frente a la Unidad de Servicios Estatales (USE), en forma simult\u00e1nea con los candidatos a las alcald\u00edas en los 18 municipios y las diputaciones locales y federales.<\/span><\/p>\n<p style=\"text-align: justify;\">&nbsp;<\/p>\n<p style=\"text-align: justify;\"><span style=\"font-size: 14pt; font-family: arial, helvetica, sans-serif;\">Por su parte, H\u00e9ctor Melesio Cu\u00e9n Ojeda se\u00f1al\u00f3 que las elecciones no tienen el objetivo de arrebatarle al PRI el poder pol\u00edtico en Sinaloa &#8211;pues el 1 de julio de 2018 Morena gan\u00f3 la mayor\u00eda en el Poder Legislativo y en los principales municipios&#8211;, sino instaurar la Cuarta Transformaci\u00f3n en la entidad.<\/span><\/p>\n<p style=\"text-align: justify;\"><span style=\"font-size: 14pt; font-family: arial, helvetica, sans-serif;\">Los integrantes del Comit\u00e9 de Campa\u00f1a son:<\/span><\/p>\n<p style=\"text-align: justify;\">&nbsp;<\/p>\n<p style=\"text-align: justify;\"><span style=\"font-size: 14pt; font-family: arial, helvetica, sans-serif;\">Omar Alejandro L\u00f3pez Campos, Coordinaci\u00f3n de Agenda; Adriana Margarita Ochoa del Toro; Coordinaci\u00f3n de Comunicaci\u00f3n; Juan de Dios G\u00e1mez Mend\u00edvil, Administraci\u00f3n; Thalia Karamanos Cece\u00f1a, Atenci\u00f3n Ciudadana; H\u00e9ctor Antonio Uriarte Mendoza, Fiscalizaci\u00f3n; Alma Leticia Cruz Montoya, Prensa; Ricardo Arturo Sainz L\u00f3pez, Jur\u00eddico; Stephany Rea Re\u00e1tiga, Promoci\u00f3n y Movilizaci\u00f3n; Wilfredo V\u00e9liz Figueroa,<\/span><\/p>\n<p style=\"text-align: justify;\">&nbsp;<\/p>\n<p style=\"text-align: justify;\"><span style=\"font-size: 14pt; font-family: arial, helvetica, sans-serif;\">Estructura Electoral; Mar\u00eda In\u00e9s P\u00e9rez Corral, Coordinaci\u00f3n Territorial; Alonso Ram\u00edrez, Coordinaci\u00f3n de J\u00f3venes; Cynthia Gabriela Guti\u00e9rrez L\u00f3pez, Comunicaci\u00f3n Digital; Luis Alonso Garc\u00eda Corrales, Enlace Morena-PAS; Juana Armenta de la Rocha, Coordinaci\u00f3n de Trabajadores; Francisco Javier Barr\u00f3n Aguayo, Propaganda; Mar\u00eda Martina Salazar Rodr\u00edguez, Coordinaci\u00f3n de Mujeres; Mart\u00edn Luque Rojas, Discurso; Gerardo L\u00f3pez Cervantes, Plataforma Electoral; Alejandra Miranda F\u00e9lix, Coordinaci\u00f3n de Sectores; Ram\u00f3n Lucas Liz\u00e1rraga, Coordinaci\u00f3n del Sector Agropecuario; y Mar\u00eda Fernanda Mascare\u00f1o Montoya, \u00e1rea administrativa.<\/span><\/p>\n<p style=\"text-align: justify;\">&nbsp;<\/p>\n<p style=\"text-align: justify;\">&nbsp;<\/p>\n<p style=\"text-align: justify;\"><span style=\"font-size: 14pt; font-family: arial, helvetica, sans-serif;\">REDACCI\u00d3N\/VISI\u00d3N CIUDADANA.<\/span><\/p>\n","protected":false},"excerpt":{"rendered":"<p>Al presentar a las y los integrantes de su Comit\u00e9 de Campa\u00f1a por la gubernatura, el senador con licencia Dr. Rub\u00e9n Rocha Moya anunci\u00f3 que iniciar\u00e1 sus actividades proselitistas el primer minuto del domingo 4 de abril en Culiac\u00e1n. &nbsp; Acompa\u00f1ado por la Senadora Imelda Castro Castro; Feliciano Castro Mel\u00e9ndrez, candidato a diputado por el [&hellip;]<\/p>\n","protected":false},"author":1,"featured_media":93,"comment_status":"closed","ping_status":"closed","sticky":false,"template":"","format":"standard","meta":{"footnotes":""},"categories":[13],"tags":[],"ppma_author":[31],"class_list":["post-16587","post","type-post","status-publish","format-standard","has-post-thumbnail","hentry","category-locales"],"aioseo_notices":[],"authors":[{"term_id":31,"user_id":1,"is_guest":0,"slug":"ivan3vino","display_name":"Iv\u00e1n Trevi\u00f1o","avatar_url":{"url":"https:\/\/visionciudadana.com.mx\/oficial\/wp-content\/uploads\/2025\/09\/columna-ivan-Trevino.png","url2x":"https:\/\/visionciudadana.com.mx\/oficial\/wp-content\/uploads\/2025\/09\/columna-ivan-Trevino.png"},"0":null,"1":"","2":"","3":"","4":"","5":"","6":"","7":"","8":""}],"_links":{"self":[{"href":"https:\/\/visionciudadana.com.mx\/oficial\/wp-json\/wp\/v2\/posts\/16587","targetHints":{"allow":["GET"]}}],"collection":[{"href":"https:\/\/visionciudadana.com.mx\/oficial\/wp-json\/wp\/v2\/posts"}],"about":[{"href":"https:\/\/visionciudadana.com.mx\/oficial\/wp-json\/wp\/v2\/types\/post"}],"author":[{"embeddable":true,"href":"https:\/\/visionciudadana.com.mx\/oficial\/wp-json\/wp\/v2\/users\/1"}],"replies":[{"embeddable":true,"href":"https:\/\/visionciudadana.com.mx\/oficial\/wp-json\/wp\/v2\/comments?post=16587"}],"version-history":[{"count":1,"href":"https:\/\/visionciudadana.com.mx\/oficial\/wp-json\/wp\/v2\/posts\/16587\/revisions"}],"predecessor-version":[{"id":31250,"href":"https:\/\/visionciudadana.com.mx\/oficial\/wp-json\/wp\/v2\/posts\/16587\/revisions\/31250"}],"wp:featuredmedia":[{"embeddable":true,"href":"https:\/\/visionciudadana.com.mx\/oficial\/wp-json\/wp\/v2\/media\/93"}],"wp:attachment":[{"href":"https:\/\/visionciudadana.com.mx\/oficial\/wp-json\/wp\/v2\/media?parent=16587"}],"wp:term":[{"taxonomy":"category","embeddable":true,"href":"https:\/\/visionciudadana.com.mx\/oficial\/wp-json\/wp\/v2\/categories?post=16587"},{"taxonomy":"post_tag","embeddable":true,"href":"https:\/\/visionciudadana.com.mx\/oficial\/wp-json\/wp\/v2\/tags?post=16587"},{"taxonomy":"author","embeddable":true,"href":"https:\/\/visionciudadana.com.mx\/oficial\/wp-json\/wp\/v2\/ppma_author?post=16587"}],"curies":[{"name":"wp","href":"https:\/\/api.w.org\/{rel}","templated":true}]}}