{"id":16586,"date":"2021-04-01T22:01:06","date_gmt":"2021-04-01T22:01:06","guid":{"rendered":"https:\/\/visionciudadana.com.mx\/chio\/2021\/04\/01\/dia-mundial-de-concientizacion-sobre-el-autismo\/"},"modified":"2025-06-25T00:16:43","modified_gmt":"2025-06-25T00:16:43","slug":"dia-mundial-de-concientizacion-sobre-el-autismo","status":"publish","type":"post","link":"https:\/\/visionciudadana.com.mx\/oficial\/2021\/04\/01\/dia-mundial-de-concientizacion-sobre-el-autismo\/","title":{"rendered":"D\u00eda Mundial de concientizaci\u00f3n sobre el Autismo"},"content":{"rendered":"<p><img fetchpriority=\"high\" decoding=\"async\" src=\"images\/abril21\/espectro.jpg\" alt=\"espectro\" width=\"780\" height=\"420\" style=\"display: block; margin-left: auto; margin-right: auto;\" \/><\/p>\n<p class=\"x_MsoNormal\"><b><span lang=\"ES-MX\"><\/span><\/b><\/p>\n<p class=\"x_gmail-MsoNoSpacing\" style=\"text-align: justify;\"><span lang=\"ES-MX\" style=\"font-size: 14pt; font-family: arial, helvetica, sans-serif;\">Secretaria de Salud a trav\u00e9s de la Direcci\u00f3n de Prevenci\u00f3n y Promoci\u00f3n de la Salud en conjunto con el programa de Salud Mental conmemora el d\u00eda mundial de concientizaci\u00f3n sobre el autismo con el lema&nbsp;<em><b>\u00abPuedo aprender, puedo trabajar\u00bb<\/b><\/em>.<\/span><\/p>\n<p style=\"text-align: justify;\">&nbsp;<\/p>\n<p style=\"text-align: justify;\"><span lang=\"ES-MX\" style=\"font-size: 14pt; font-family: arial, helvetica, sans-serif;\">El director de prevenci\u00f3n y promoci\u00f3n de la salud, Dr. Cristhian Aldo Mu\u00f1oz Madrid expreso que este a\u00f1o, en plena crisis de la pandemia del coronavirus en el mundo, se reivindica un esfuerzo por parte de las autoridades y de la sociedad a la hora de facilitar el acceso a una educaci\u00f3n de calidad con miras a que estas personas puedan desarrollar un trabajo remunerado y ser lo m\u00e1s aut\u00f3nomos e independientes posible.<\/span><\/p>\n<p style=\"text-align: justify;\">&nbsp;<\/p>\n<p style=\"text-align: justify;\"><span lang=\"ES-MX\" style=\"font-size: 14pt; font-family: arial, helvetica, sans-serif;\">Asegur\u00f3 que esto va a requerir&nbsp;<strong>un cambio de mentalidad en la sociedad<\/strong>&nbsp;para apoyar las necesidades, capacidades y prioridades de las personas con TEA, crear y mantener los servicios de apoyo necesarios y promover la accesibilidad del colectivo en todos los \u00e1mbitos de la sociedad.<\/span><\/p>\n<p style=\"text-align: justify;\">&nbsp;<\/p>\n<p style=\"text-align: justify;\"><span lang=\"ES-MX\" style=\"font-size: 14pt; font-family: arial, helvetica, sans-serif;\">Coment\u00f3 que todos podemos formar parte de esta campa\u00f1a aportando nuestro granito de arena para ayudar a crear conciencia del valor que tienen los ni\u00f1os, j\u00f3venes y personas mayores que sufren de autismo y la mejor forma de hacerlo en estos tiempos es utilizar las redes sociales enviando un mensaje de solidaridad o simplemente dando tu opini\u00f3n sobre este interesante tema a trav\u00e9s de la<\/span><\/p>\n<p style=\"text-align: justify;\"><span lang=\"ES-MX\" style=\"font-size: 14pt; font-family: arial, helvetica, sans-serif;\"> etiqueta&nbsp;<em><b>#D\u00edaMundialAutismo&nbsp;<\/b><\/em><em>y&nbsp;<b>#saludmentalsinaloa<\/b><\/em><strong>.<\/strong><\/span><\/p>\n<p style=\"text-align: justify;\">&nbsp;<\/p>\n<p style=\"text-align: justify;\"><span lang=\"ES-MX\" style=\"font-size: 14pt; font-family: arial, helvetica, sans-serif;\">El Dr. Cristhian Aldo Mu\u00f1oz Madrid inform\u00f3 que la direcci\u00f3n se encuentra realizando diversas actividades alusivas a la fecha, esto a trav\u00e9s de las 6 jurisdicciones sanitarias que dirige, desde platicas de sensibilizaci\u00f3n a la poblaci\u00f3n que acude a las unidades de salud, elaboraci\u00f3n de carteles o peri\u00f3dicos murales informativos, conferencias v\u00eda zoom otorgadas por m\u00e9dicos especialistas en las ciudades de Mazatl\u00e1n, Navolato, Los Mochis y Culiac\u00e1n.<\/span><\/p>\n<p style=\"text-align: justify;\">&nbsp;<\/p>\n<p style=\"text-align: justify;\"><span style=\"font-size: 14pt; font-family: arial, helvetica, sans-serif;\"><span lang=\"ES-MX\">Adem\u00e1s coment\u00f3 que durante la semana del 5 al 9 de abril se realizaran pl\u00e1ticas a mujeres en e<\/span><span lang=\"ES-MX\">dad reproductiva o madres en etapa de crianza sobre la importancia de la estimulaci\u00f3n temprana y la identificaci\u00f3n de los signos y s\u00edntomas del trastorno autista.<\/span><\/span><\/p>\n<p style=\"text-align: justify;\">&nbsp;<\/p>\n<p style=\"text-align: justify;\"><span lang=\"ES-MX\" style=\"font-size: 14pt; font-family: arial, helvetica, sans-serif;\">Dentro de estas actividades destac\u00f3 el apoyo brindado por parte del centro de ciencias de Sinaloa, con la transmisi\u00f3n del sistema de video mapping que ofrece una cartelera tem\u00e1tica sobre el autismo a partir del 30 de marzo finalizando el 04 de abril, con un horario de 18:30 horas en el jard\u00edn evolutivo, recordando que el d\u00eda 02 de abril los ni\u00f1os que asistan vestidos de azul podr\u00e1n ingresar de forma gratuita al museo materia.<\/span><\/p>\n<p style=\"text-align: justify;\">&nbsp;<\/p>\n<p style=\"text-align: justify;\"><span lang=\"ES-MX\" style=\"font-size: 14pt; font-family: arial, helvetica, sans-serif;\">Lo anterior con el fin de sensibilizar a la poblaci\u00f3n en general sobre las formas de pensar, actuar y sus necesidades de apoyo como personas que deben ser integradas a la sociedad y sean respetados sus derechos humanos.<\/span><\/p>\n<p style=\"text-align: justify;\">&nbsp;<\/p>\n<p style=\"text-align: justify;\"><span lang=\"ES-MX\" style=\"font-size: 14pt; font-family: arial, helvetica, sans-serif;\">Finaliz\u00f3 invitando a la poblaci\u00f3n a que acudan a las unidades de salud para solicitar informaci\u00f3n sobre el autismo o a las unidades uneme cisame para recibir un diagn\u00f3stico oportuno.<\/span><\/p>\n<p style=\"text-align: justify;\">&nbsp;<\/p>\n<p style=\"text-align: justify;\">&nbsp;<\/p>\n<p style=\"text-align: justify;\"><span style=\"font-size: 14pt; font-family: arial, helvetica, sans-serif;\">REDACCI\u00d3N\/VISI\u00d3N CIUDADANA.<\/span><\/p>\n","protected":false},"excerpt":{"rendered":"<p>Secretaria de Salud a trav\u00e9s de la Direcci\u00f3n de Prevenci\u00f3n y Promoci\u00f3n de la Salud en conjunto con el programa de Salud Mental conmemora el d\u00eda mundial de concientizaci\u00f3n sobre el autismo con el lema&nbsp;\u00abPuedo aprender, puedo trabajar\u00bb. &nbsp; El director de prevenci\u00f3n y promoci\u00f3n de la salud, Dr. Cristhian Aldo Mu\u00f1oz Madrid expreso que [&hellip;]<\/p>\n","protected":false},"author":1,"featured_media":91,"comment_status":"closed","ping_status":"closed","sticky":false,"template":"","format":"standard","meta":{"footnotes":""},"categories":[24],"tags":[],"ppma_author":[31],"class_list":["post-16586","post","type-post","status-publish","format-standard","has-post-thumbnail","hentry","category-relevantes"],"aioseo_notices":[],"authors":[{"term_id":31,"user_id":1,"is_guest":0,"slug":"ivan3vino","display_name":"Iv\u00e1n Trevi\u00f1o","avatar_url":{"url":"https:\/\/visionciudadana.com.mx\/oficial\/wp-content\/uploads\/2025\/09\/columna-ivan-Trevino.png","url2x":"https:\/\/visionciudadana.com.mx\/oficial\/wp-content\/uploads\/2025\/09\/columna-ivan-Trevino.png"},"0":null,"1":"","2":"","3":"","4":"","5":"","6":"","7":"","8":""}],"_links":{"self":[{"href":"https:\/\/visionciudadana.com.mx\/oficial\/wp-json\/wp\/v2\/posts\/16586","targetHints":{"allow":["GET"]}}],"collection":[{"href":"https:\/\/visionciudadana.com.mx\/oficial\/wp-json\/wp\/v2\/posts"}],"about":[{"href":"https:\/\/visionciudadana.com.mx\/oficial\/wp-json\/wp\/v2\/types\/post"}],"author":[{"embeddable":true,"href":"https:\/\/visionciudadana.com.mx\/oficial\/wp-json\/wp\/v2\/users\/1"}],"replies":[{"embeddable":true,"href":"https:\/\/visionciudadana.com.mx\/oficial\/wp-json\/wp\/v2\/comments?post=16586"}],"version-history":[{"count":1,"href":"https:\/\/visionciudadana.com.mx\/oficial\/wp-json\/wp\/v2\/posts\/16586\/revisions"}],"predecessor-version":[{"id":31251,"href":"https:\/\/visionciudadana.com.mx\/oficial\/wp-json\/wp\/v2\/posts\/16586\/revisions\/31251"}],"wp:featuredmedia":[{"embeddable":true,"href":"https:\/\/visionciudadana.com.mx\/oficial\/wp-json\/wp\/v2\/media\/91"}],"wp:attachment":[{"href":"https:\/\/visionciudadana.com.mx\/oficial\/wp-json\/wp\/v2\/media?parent=16586"}],"wp:term":[{"taxonomy":"category","embeddable":true,"href":"https:\/\/visionciudadana.com.mx\/oficial\/wp-json\/wp\/v2\/categories?post=16586"},{"taxonomy":"post_tag","embeddable":true,"href":"https:\/\/visionciudadana.com.mx\/oficial\/wp-json\/wp\/v2\/tags?post=16586"},{"taxonomy":"author","embeddable":true,"href":"https:\/\/visionciudadana.com.mx\/oficial\/wp-json\/wp\/v2\/ppma_author?post=16586"}],"curies":[{"name":"wp","href":"https:\/\/api.w.org\/{rel}","templated":true}]}}