{"id":16585,"date":"2021-04-01T21:53:34","date_gmt":"2021-04-01T21:53:34","guid":{"rendered":"https:\/\/visionciudadana.com.mx\/chio\/2021\/04\/01\/aprueban-ampliacion-del-plazo-para-resolver-procedencia-de-registro-de-candidaturas\/"},"modified":"2025-06-25T00:16:43","modified_gmt":"2025-06-25T00:16:43","slug":"aprueban-ampliacion-del-plazo-para-resolver-procedencia-de-registro-de-candidaturas","status":"publish","type":"post","link":"https:\/\/visionciudadana.com.mx\/oficial\/2021\/04\/01\/aprueban-ampliacion-del-plazo-para-resolver-procedencia-de-registro-de-candidaturas\/","title":{"rendered":"Aprueban ampliaci\u00f3n del plazo para resolver procedencia de registro de candidaturas"},"content":{"rendered":"<p><img fetchpriority=\"high\" decoding=\"async\" src=\"images\/abril21\/sesion_iees.PNG\" alt=\"sesion iees\" width=\"326\" height=\"175\" style=\"display: block; margin-left: auto; margin-right: auto;\" \/><\/p>\n<p style=\"text-align: justify;\"><span style=\"font-size: 14pt; font-family: arial, helvetica, sans-serif;\">En sesi\u00f3n ordinaria virtual, el Consejo General del Instituto Electoral del Estado de Sinaloa (IEES) aprob\u00f3 ampliar a m\u00e1s tardar el 2 de abril el plazo para resolver sobre la procedencia de las solicitudes de registro de candidaturas presentadas por los partidos pol\u00edticos y la coalici\u00f3n \u201cVa por Sinaloa\u201d, a los distintos cargos a elegir en el proceso electoral local 2020-2021; y aval\u00f3 tambi\u00e9n los dise\u00f1os de las boletas electorales y dem\u00e1s documentaci\u00f3n electoral con emblemas.<\/span><\/p>\n<p style=\"text-align: justify;\">&nbsp;<\/p>\n<p style=\"text-align: justify;\"><span style=\"font-size: 14pt; font-family: arial, helvetica, sans-serif;\">Con respecto a la ampliaci\u00f3n del plazo para la resoluci\u00f3n de procedencia de registro de candidaturas, el Consejero Electoral, Rafael Berm\u00fadez Soto precis\u00f3 que se sustenta conforme a lo dispuesto por el art\u00edculo 20 de la Ley de Instituciones y Procedimientos Electorales del Estado de Sinaloa (LIPEES), en el que se establece que los plazos se\u00f1alados por dicha ley para las elecciones ordinarias se podr\u00e1n ampliar cuando a juicio del Consejo General haya imposibilidad material de realizar dentro de ellos los actos para los cuales est\u00e1n establecidos y de igual forma podr\u00e1 reducirlos cuando considere necesario.<\/span><\/p>\n<p style=\"text-align: justify;\">&nbsp;<\/p>\n<p style=\"text-align: justify;\"><span style=\"font-size: 14pt; font-family: arial, helvetica, sans-serif;\">En ese sentido, una vez concluida la revisi\u00f3n, con fecha del 27 de marzo, en el que se verific\u00f3 la informaci\u00f3n y documentaci\u00f3n requerida en las solicitudes de registro; as\u00ed como el cumplimento de normas aprobadas por este \u00f3rgano electoral, como lo son: el cumplimiento al principio de paridad, las postulaciones la cuota ind\u00edgena, la acci\u00f3n afirmativa en favor de la diversidad sexual y los limites en registros simult\u00e1neos tanto de Diputaciones como de Regidur\u00edas, entre otros aspectos, se les requiri\u00f3 a los partidos pol\u00edticos y a la Coalici\u00f3n a fin de que subsanasen las omisiones y\/o sustituyeran en su caso candidaturas a efecto de cumplir con los requisitos establecidos, atendiendo dicho requerimiento con fecha 30 de marzo del a\u00f1o en curso.<\/span><\/p>\n<p style=\"text-align: justify;\">&nbsp;<\/p>\n<p style=\"text-align: justify;\"><span style=\"font-size: 14pt; font-family: arial, helvetica, sans-serif;\">En consecuencia de lo anterior, considerando el c\u00famulo de informaci\u00f3n que debe revisarse, se ampl\u00eda el plazo y se se\u00f1ala a m\u00e1s tardar el d\u00eda 2 de abril para resolver sobre la procedencia de dichas solicitudes de registro. Cabe destacar que este Instituto recibi\u00f3 las solicitudes de registro a la Gubernatura, 24 f\u00f3rmulas de Diputaciones de Mayor\u00eda Relativa, 16 f\u00f3rmulas de Diputaciones de Representaci\u00f3n Proporcional, 18 Alcald\u00edas y f\u00f3rmulas de Sindicaturas en Procuraci\u00f3n, 84 f\u00f3rmulas de Regidur\u00edas de Mayor\u00eda relativa y 69 f\u00f3rmulas de Representaci\u00f3n proporcional, lo que equivale a un n\u00famero aproximado de 4 mil 700 expedientes.<\/span><\/p>\n<p style=\"text-align: justify;\">&nbsp;<\/p>\n<p style=\"text-align: justify;\"><span style=\"font-size: 14pt; font-family: arial, helvetica, sans-serif;\">En cuanto a la aprobaci\u00f3n los dise\u00f1os de las boletas electorales y dem\u00e1s documentaci\u00f3n electoral con emblemas de partidos pol\u00edticos y de candidaturas independientes para el proceso electoral local 2020-2021, el Consejero Electoral Mart\u00edn Alfonso Inzunza Guti\u00e9rrez subray\u00f3 que \u00e9stos se basan en lo dispuesto en la LIPEES y en el Reglamento de Elecciones.<\/span><\/p>\n<p style=\"text-align: justify;\">&nbsp;<\/p>\n<p style=\"text-align: justify;\"><span style=\"font-size: 14pt; font-family: arial, helvetica, sans-serif;\">Dichos formatos corresponden a los modelos que el Instituto Nacional Electoral (INE) entreg\u00f3 a cada uno de los Organismos P\u00fablicos Locales Electorales (OPLE) con elecciones en 2021 para su personalizaci\u00f3n con la informaci\u00f3n espec\u00edfica de cada entidad; por lo que este Instituto recibi\u00f3 la cantidad de 56 Formatos \u00danicos de documentaci\u00f3n con emblemas y, de acuerdo a las caracter\u00edsticas propias del proceso electoral en Sinaloa, se personalizaron 49 formatos, distribuidos de la siguiente manera: Documentaci\u00f3n com\u00fan para las tres elecciones, 9 formatos; para la elecci\u00f3n de Gubernatura, 11 formatos; para las Diputaciones Locales, 14 formatos; para Ayuntamientos, 15 formatos.<\/span><\/p>\n<p style=\"text-align: justify;\">&nbsp;<\/p>\n<p style=\"text-align: justify;\"><span style=\"font-size: 14pt; font-family: arial, helvetica, sans-serif;\">RESOLUCI\u00d3N SOBRE CANDIDATURA INDEPENDIENTE<\/span><\/p>\n<p style=\"text-align: justify;\"><span style=\"font-size: 14pt; font-family: arial, helvetica, sans-serif;\">En la misma sesi\u00f3n virtual, el Consejo General resolvi\u00f3 como no procedente el otorgar el registro a C\u00e9sar Iv\u00e1n Zacar\u00edas Mart\u00ednez, como candidato independiente a la presidencia municipal de Ahome, ello a ra\u00edz del escrito entregado a este Instituto por el ciudadano descrito en el que manifiesta su inconformidad con respecto a la notificaci\u00f3n de los resultados de los apoyos ciudadanos entregados al \u00f3rgano electoral, y solicita se le reconozcan como v\u00e1lidos 6 mil 649 apoyos ciudadanos y con ello se le apruebe y conceda el registro, para lo cual pretende se le sumen los 6 mil 287 firmas que le fueron notificadas como v\u00e1lidas, cuando particip\u00f3 por la misma v\u00eda para el proceso electoral local 2017-2018.<\/span><\/p>\n<p style=\"text-align: justify;\">&nbsp;<\/p>\n<p style=\"text-align: justify;\"><span style=\"font-size: 14pt; font-family: arial, helvetica, sans-serif;\">El Consejero Electoral, \u00d3scar S\u00e1nchez F\u00e9lix se\u00f1al\u00f3 que entre los argumentos observados por Zacar\u00edas Mart\u00ednez est\u00e1 el considerar que es una imposici\u00f3n el hecho de recabar el 2% de firmas, refutando que ello no es obligatorio para los partidos pol\u00edticos, por lo que refiere que es violatorio de sus derechos humanos; en ese sentido, el Pleno observ\u00f3 que no es una imposici\u00f3n del \u00f3rgano electoral, sino que es un requisito que se\u00f1ala la LIPEES para el registro de candidaturas independientes; y adem\u00e1s, se precis\u00f3 que la Sala Superior del Tribunal Electoral del Poder Judicial de la Federaci\u00f3n (TEPJF) ha determinado que la situaci\u00f3n que atraviesa el pa\u00eds derivada del virus Covid-19, no implica que se exima de tal disposici\u00f3n.<\/span><\/p>\n<p style=\"text-align: justify;\">&nbsp;<\/p>\n<p style=\"text-align: justify;\"><span style=\"font-size: 14pt; font-family: arial, helvetica, sans-serif;\">TERCER INFORME DE ENCUESTAS<\/span><\/p>\n<p style=\"text-align: justify;\"><span style=\"font-size: 14pt; font-family: arial, helvetica, sans-serif;\">En lo relativo al tercer informe de encuestas y en cumplimiento de lo que dispone el Reglamento de Elecciones en esa materia, el Secretario Ejecutivo del IEES, Arturo Fajardo Mej\u00eda present\u00f3 en esta sesi\u00f3n ordinaria el resultado del monitoreo que comprende el per\u00edodo del 24 de febrero al 24 de marzo de 2021, el que se recibi\u00f3 una encuesta publicada en el medio Heraldo de M\u00e9xico el 9 de marzo, en donde se llev\u00f3 cabo la revisi\u00f3n de la informaci\u00f3n de la empresa Opini\u00f3n P\u00fablica Marketing e Imagen S. A. de C. V., la cual es una encuesta original que cumple con los criterios cient\u00edficos, as\u00ed como con la documentaci\u00f3n que lo respalda acad\u00e9micamente y su pertenencia a la R.R. Televisi\u00f3n y Valores para la Innovaci\u00f3n, S.A. de C.V.<\/span><\/p>\n<p style=\"text-align: justify;\">&nbsp;<\/p>\n<p style=\"text-align: justify;\"><span style=\"font-size: 14pt; font-family: arial, helvetica, sans-serif;\">Durante el proceso electoral local 2020-2021, este Instituto publica en su sitio web: www.ieesinaloa.mx, los estudios demosc\u00f3picos de preferencias electorales en medios impresos, con la finalidad de que la ciudadan\u00eda tenga acceso a dicha informaci\u00f3n y pueda generar sus criterios y valoraciones respecto a la metodolog\u00eda que se aplica en cada encuesta.<\/span><\/p>\n<p style=\"text-align: justify;\">&nbsp;<\/p>\n<p style=\"text-align: justify;\"><span style=\"font-size: 14pt; font-family: arial, helvetica, sans-serif;\">REDACCI\u00d3N\/VISI\u00d3N CIUDADANA.<\/span><\/p>\n","protected":false},"excerpt":{"rendered":"<p>En sesi\u00f3n ordinaria virtual, el Consejo General del Instituto Electoral del Estado de Sinaloa (IEES) aprob\u00f3 ampliar a m\u00e1s tardar el 2 de abril el plazo para resolver sobre la procedencia de las solicitudes de registro de candidaturas presentadas por los partidos pol\u00edticos y la coalici\u00f3n \u201cVa por Sinaloa\u201d, a los distintos cargos a elegir [&hellip;]<\/p>\n","protected":false},"author":1,"featured_media":89,"comment_status":"closed","ping_status":"closed","sticky":false,"template":"","format":"standard","meta":{"footnotes":""},"categories":[13],"tags":[],"ppma_author":[31],"class_list":["post-16585","post","type-post","status-publish","format-standard","has-post-thumbnail","hentry","category-locales"],"aioseo_notices":[],"authors":[{"term_id":31,"user_id":1,"is_guest":0,"slug":"ivan3vino","display_name":"Iv\u00e1n Trevi\u00f1o","avatar_url":{"url":"https:\/\/visionciudadana.com.mx\/oficial\/wp-content\/uploads\/2025\/09\/columna-ivan-Trevino.png","url2x":"https:\/\/visionciudadana.com.mx\/oficial\/wp-content\/uploads\/2025\/09\/columna-ivan-Trevino.png"},"0":null,"1":"","2":"","3":"","4":"","5":"","6":"","7":"","8":""}],"_links":{"self":[{"href":"https:\/\/visionciudadana.com.mx\/oficial\/wp-json\/wp\/v2\/posts\/16585","targetHints":{"allow":["GET"]}}],"collection":[{"href":"https:\/\/visionciudadana.com.mx\/oficial\/wp-json\/wp\/v2\/posts"}],"about":[{"href":"https:\/\/visionciudadana.com.mx\/oficial\/wp-json\/wp\/v2\/types\/post"}],"author":[{"embeddable":true,"href":"https:\/\/visionciudadana.com.mx\/oficial\/wp-json\/wp\/v2\/users\/1"}],"replies":[{"embeddable":true,"href":"https:\/\/visionciudadana.com.mx\/oficial\/wp-json\/wp\/v2\/comments?post=16585"}],"version-history":[{"count":1,"href":"https:\/\/visionciudadana.com.mx\/oficial\/wp-json\/wp\/v2\/posts\/16585\/revisions"}],"predecessor-version":[{"id":31252,"href":"https:\/\/visionciudadana.com.mx\/oficial\/wp-json\/wp\/v2\/posts\/16585\/revisions\/31252"}],"wp:featuredmedia":[{"embeddable":true,"href":"https:\/\/visionciudadana.com.mx\/oficial\/wp-json\/wp\/v2\/media\/89"}],"wp:attachment":[{"href":"https:\/\/visionciudadana.com.mx\/oficial\/wp-json\/wp\/v2\/media?parent=16585"}],"wp:term":[{"taxonomy":"category","embeddable":true,"href":"https:\/\/visionciudadana.com.mx\/oficial\/wp-json\/wp\/v2\/categories?post=16585"},{"taxonomy":"post_tag","embeddable":true,"href":"https:\/\/visionciudadana.com.mx\/oficial\/wp-json\/wp\/v2\/tags?post=16585"},{"taxonomy":"author","embeddable":true,"href":"https:\/\/visionciudadana.com.mx\/oficial\/wp-json\/wp\/v2\/ppma_author?post=16585"}],"curies":[{"name":"wp","href":"https:\/\/api.w.org\/{rel}","templated":true}]}}