{"id":16584,"date":"2021-04-01T21:47:58","date_gmt":"2021-04-01T21:47:58","guid":{"rendered":"https:\/\/visionciudadana.com.mx\/chio\/2021\/04\/01\/apoyan-160-brigadistas-de-la-uas-en-jornada-de-vacunacion-realizada-en-mazatlan\/"},"modified":"2025-06-25T00:16:44","modified_gmt":"2025-06-25T00:16:44","slug":"apoyan-160-brigadistas-de-la-uas-en-jornada-de-vacunacion-realizada-en-mazatlan","status":"publish","type":"post","link":"https:\/\/visionciudadana.com.mx\/oficial\/2021\/04\/01\/apoyan-160-brigadistas-de-la-uas-en-jornada-de-vacunacion-realizada-en-mazatlan\/","title":{"rendered":"Apoyan 160 brigadistas de la UAS en jornada de vacunaci\u00f3n realizada en Mazatl\u00e1n"},"content":{"rendered":"<p><img fetchpriority=\"high\" decoding=\"async\" src=\"images\/abril21\/apoyan_a_160.PNG\" alt=\"apoyan a 160\" width=\"336\" height=\"211\" style=\"display: block; margin-left: auto; margin-right: auto;\" \/><\/p>\n<p class=\"x_MsoNormal\" style=\"text-align: justify;\"><span style=\"font-family: arial, helvetica, sans-serif; font-size: 14pt;\">La Universidad Aut\u00f3noma de Sinaloa (UAS) dio banderazo de salida a 160 brigadistas que estar\u00e1n apoyando en las labores concernientes al Plan Nacional de Vacunaci\u00f3n contra COVID-19, que a partir de hoy mi\u00e9rcoles se lleva a cabo en Mazatl\u00e1n.<\/span><\/p>\n<p style=\"text-align: justify;\">&nbsp;<\/p>\n<p class=\"x_MsoNormal\" style=\"text-align: justify;\"><span style=\"font-family: arial, helvetica, sans-serif; font-size: 14pt;\">El Secretario General de la Universidad, doctor Gerardo Alapizco Castro, en representaci\u00f3n del Rector, doctor Juan Eulogio Guerra Liera, acompa\u00f1ado del Vicerrector de la Unidad Regional Sur, Miguel \u00c1ngel D\u00edaz Quinteros, destac\u00f3 la labor que realizan tanto docentes como estudiantes de las diversas carreras del \u00e1rea de la salud, quienes forman parte de los m\u00e1s de 3 mil brigadistas universitarios que de manera voluntaria apoyan en la aplicaci\u00f3n de vacunas desde el d\u00eda 15 de febrero.<\/span><\/p>\n<p style=\"text-align: justify;\">&nbsp;<\/p>\n<p class=\"x_MsoNormal\" style=\"text-align: justify;\"><span style=\"font-family: arial, helvetica, sans-serif; font-size: 14pt;\">\u00abComo universitarios nos sentimos muy orgullosos de apoyar y aportar porque es nuestra gente, nuestro pueblo y creo que ahorita en este caso nuestros adultos mayores ven muy bien a la Universidad, e incluso el pueblo de Sinaloa ve bien que la Universidad est\u00e1 aportando\u201d, recalc\u00f3 el tambi\u00e9n coordinador del Comit\u00e9 de Salud de la UAS.<\/span><\/p>\n<p style=\"text-align: justify;\">&nbsp;<\/p>\n<p class=\"x_MsoNormal\" style=\"text-align: justify;\"><span style=\"font-family: arial, helvetica, sans-serif; font-size: 14pt;\">Inform\u00f3 que los espacios habilitados como centros de vacunaci\u00f3n en Mazatl\u00e1n, son el Polideportivo de la UAS, ISSSTE \u201cM\u00e1rtires de la Revoluci\u00f3n\u201d, Teatro \u00ab\u00c1ngela Peralta\u00bb, Escuela Primaria \u00abFlores Mag\u00f3n\u00bb, Escuela Secundaria General \u00abMiguel Hidalgo\u00bb, ETI 7 de Jaripillo, Cl\u00ednica \u00abPrados del Sol\u00bb del IMSS y el Hospital Militar Regional de Especialidades de Mazatl\u00e1n.<\/span><\/p>\n<p style=\"text-align: justify;\">&nbsp;<\/p>\n<p class=\"x_MsoNormal\" style=\"text-align: justify;\"><span style=\"font-family: arial, helvetica, sans-serif; font-size: 14pt;\">Alapizco Castro se\u00f1al\u00f3 que los brigadistas de la UAS que participan en dicha jornada de vacunaci\u00f3n de adultos mayores de 60 a\u00f1os en esta zona del estado, aplicar\u00e1n 20 mil 400 dosis de la vacuna AstraZeneca.<\/span><\/p>\n<p style=\"text-align: justify;\">&nbsp;<\/p>\n<p class=\"x_MsoNormal\" style=\"text-align: justify;\"><span style=\"font-family: arial, helvetica, sans-serif; font-size: 14pt;\">Expres\u00f3 que con estos voluntarios que se suman hoy a las jornadas de vacunaci\u00f3n, ya son mil 258 universitarios apoyando en esta noble labor que hasta el momento se ha llevado a cabo en los municipios de Rosario, Mocorito, San Ignacio, Salvador Alvarado, Navolato, Angostura, Badiraguato, Elota, Choix, Concordia, Ahome, El Fuerte, Cosal\u00e1, Guasave y Sinaloa.<\/span><\/p>\n<p style=\"text-align: justify;\">&nbsp;<\/p>\n<p class=\"x_MsoNormal\" style=\"text-align: justify;\"><span style=\"font-family: arial, helvetica, sans-serif; font-size: 14pt;\">\u201cQuiero comentarles que los j\u00f3venes y nuestros docentes que participan en la vacunaci\u00f3n lo hacen de manera desinteresada, es un esfuerzo enorme que hacen; en Sinaloa de Leyva todav\u00eda al d\u00eda de hoy se sigue vacunando, tienen cinco d\u00edas nuestros brigadistas, ah\u00ed est\u00e1n, y con esto vuelve la Universidad a ser un pilar muy importante para este Plan Nacional de Vacunaci\u00f3n\u201d, enfatiz\u00f3.<\/span><\/p>\n<p style=\"text-align: justify;\">&nbsp;<\/p>\n<p class=\"x_MsoNormal\" style=\"text-align: justify;\"><span style=\"font-family: arial, helvetica, sans-serif; font-size: 14pt;\">Asimismo, el Secretario General subray\u00f3 que durante el periodo vacacional la UAS no se detendr\u00e1 en su esfuerzo por apoyar en el Plan Nacional de Vacunaci\u00f3n, por lo que continuar\u00e1 recibiendo y resguardando vacunas en sus 30 ultracongeladores que puso a disposici\u00f3n de Gobierno Estatal y Federal, as\u00ed como con la participaci\u00f3n de los brigadistas voluntarios quienes seguir\u00e1n con la aplicaci\u00f3n de vacunas conforme est\u00e9n llegando las dosis al Estado.<\/span><\/p>\n<p style=\"text-align: justify;\">&nbsp;<\/p>\n<p style=\"text-align: justify;\"><span style=\"font-family: arial, helvetica, sans-serif; font-size: 14pt;\">REDACCI\u00d3N\/VISI\u00d3N CIUDADANA.<\/span><\/p>\n<div style=\"text-align: justify;\"><span style=\"font-family: arial, helvetica, sans-serif; font-size: 14pt;\"><\/span><\/div>\n","protected":false},"excerpt":{"rendered":"<p>La Universidad Aut\u00f3noma de Sinaloa (UAS) dio banderazo de salida a 160 brigadistas que estar\u00e1n apoyando en las labores concernientes al Plan Nacional de Vacunaci\u00f3n contra COVID-19, que a partir de hoy mi\u00e9rcoles se lleva a cabo en Mazatl\u00e1n. &nbsp; El Secretario General de la Universidad, doctor Gerardo Alapizco Castro, en representaci\u00f3n del Rector, doctor [&hellip;]<\/p>\n","protected":false},"author":1,"featured_media":87,"comment_status":"closed","ping_status":"closed","sticky":false,"template":"","format":"standard","meta":{"footnotes":""},"categories":[13],"tags":[],"ppma_author":[31],"class_list":["post-16584","post","type-post","status-publish","format-standard","has-post-thumbnail","hentry","category-locales"],"aioseo_notices":[],"authors":[{"term_id":31,"user_id":1,"is_guest":0,"slug":"ivan3vino","display_name":"Iv\u00e1n Trevi\u00f1o","avatar_url":{"url":"https:\/\/visionciudadana.com.mx\/oficial\/wp-content\/uploads\/2025\/09\/columna-ivan-Trevino.png","url2x":"https:\/\/visionciudadana.com.mx\/oficial\/wp-content\/uploads\/2025\/09\/columna-ivan-Trevino.png"},"0":null,"1":"","2":"","3":"","4":"","5":"","6":"","7":"","8":""}],"_links":{"self":[{"href":"https:\/\/visionciudadana.com.mx\/oficial\/wp-json\/wp\/v2\/posts\/16584","targetHints":{"allow":["GET"]}}],"collection":[{"href":"https:\/\/visionciudadana.com.mx\/oficial\/wp-json\/wp\/v2\/posts"}],"about":[{"href":"https:\/\/visionciudadana.com.mx\/oficial\/wp-json\/wp\/v2\/types\/post"}],"author":[{"embeddable":true,"href":"https:\/\/visionciudadana.com.mx\/oficial\/wp-json\/wp\/v2\/users\/1"}],"replies":[{"embeddable":true,"href":"https:\/\/visionciudadana.com.mx\/oficial\/wp-json\/wp\/v2\/comments?post=16584"}],"version-history":[{"count":1,"href":"https:\/\/visionciudadana.com.mx\/oficial\/wp-json\/wp\/v2\/posts\/16584\/revisions"}],"predecessor-version":[{"id":31253,"href":"https:\/\/visionciudadana.com.mx\/oficial\/wp-json\/wp\/v2\/posts\/16584\/revisions\/31253"}],"wp:featuredmedia":[{"embeddable":true,"href":"https:\/\/visionciudadana.com.mx\/oficial\/wp-json\/wp\/v2\/media\/87"}],"wp:attachment":[{"href":"https:\/\/visionciudadana.com.mx\/oficial\/wp-json\/wp\/v2\/media?parent=16584"}],"wp:term":[{"taxonomy":"category","embeddable":true,"href":"https:\/\/visionciudadana.com.mx\/oficial\/wp-json\/wp\/v2\/categories?post=16584"},{"taxonomy":"post_tag","embeddable":true,"href":"https:\/\/visionciudadana.com.mx\/oficial\/wp-json\/wp\/v2\/tags?post=16584"},{"taxonomy":"author","embeddable":true,"href":"https:\/\/visionciudadana.com.mx\/oficial\/wp-json\/wp\/v2\/ppma_author?post=16584"}],"curies":[{"name":"wp","href":"https:\/\/api.w.org\/{rel}","templated":true}]}}