{"id":16583,"date":"2021-04-01T21:40:48","date_gmt":"2021-04-01T21:40:48","guid":{"rendered":"https:\/\/visionciudadana.com.mx\/chio\/2021\/04\/01\/coepriss-declara-veda-sanitaria-de-moluscos-bivalvos-en-bahia-altata\/"},"modified":"2025-06-25T00:16:44","modified_gmt":"2025-06-25T00:16:44","slug":"coepriss-declara-veda-sanitaria-de-moluscos-bivalvos-en-bahia-altata","status":"publish","type":"post","link":"https:\/\/visionciudadana.com.mx\/oficial\/2021\/04\/01\/coepriss-declara-veda-sanitaria-de-moluscos-bivalvos-en-bahia-altata\/","title":{"rendered":"Coepriss declara veda sanitaria de moluscos bivalvos en Bah\u00eda Altata"},"content":{"rendered":"<p>&nbsp;<\/p>\n<div>\n<p class=\"x_MsoNormal\"><b><span style=\"font-family: verdana, sans-serif; font-size: large;\">&nbsp;<img fetchpriority=\"high\" decoding=\"async\" src=\"images\/abril21\/moluscos.jpg\" alt=\"moluscos\" width=\"780\" height=\"420\" style=\"display: block; margin-left: auto; margin-right: auto;\" \/><\/span><\/b><\/p>\n<p class=\"x_MsoNormal\" style=\"text-align: justify;\"><span style=\"font-family: arial, helvetica, sans-serif; font-size: 14pt;\">La Comisi\u00f3n Estatal para la Protecci\u00f3n contra Riesgos Sanitarios de Sinaloa (Coepriss) declar\u00f3 veda sanitaria temporal y preventiva de moluscos bivalvos en la Bah\u00eda Altata.<\/span><\/p>\n<p style=\"text-align: justify;\">&nbsp;<\/p>\n<p class=\"x_MsoNormal\" style=\"text-align: justify;\"><span style=\"font-family: arial, helvetica, sans-serif; font-size: 14pt;\">El comisionado Jorge Alan Urbina Vidales explic\u00f3 que la medida se debe a que los resultados de los an\u00e1lisis de laboratorio emitidos por la Comisi\u00f3n de Control Anal\u00edtico y Ampliaci\u00f3n de Cobertura de la Cofepris indican la presencia de toxina paralizante (saxitocina) en niveles que por norma sanitaria indican prohibir el consumo de moluscos bivalvos de la zona comprendida en la Bah\u00eda Altata Ensenada Pabellones y Bah\u00eda Altata Norte del municipio de Navolato,<\/span><\/p>\n<p style=\"text-align: justify;\">&nbsp;<\/p>\n<p class=\"x_MsoNormal\" style=\"text-align: justify;\"><span style=\"font-family: arial, helvetica, sans-serif; font-size: 14pt;\">Sostuvo que esta declaraci\u00f3n va dirigida a expendedores, restaurantes y comercializadores de moluscos bivalvos (osti\u00f3n, almeja, mejill\u00f3n, pata de mula callo de hacha) y caracoles provenientes de esta zona, as\u00ed como a pobladores y visitantes con el prop\u00f3sito de prevenir posibles intoxicaciones.<\/span><\/p>\n<p style=\"text-align: justify;\">&nbsp;<\/p>\n<p class=\"x_MsoNormal\" style=\"text-align: justify;\"><span style=\"font-family: arial, helvetica, sans-serif; font-size: 14pt;\">Se proh\u00edbe la extracci\u00f3n, distribuci\u00f3n y comercializaci\u00f3n de estos productos provenientes de la Bahia Altata Ensenada Pabellones y Bahia Altata Norte&nbsp; que comprende desde las comunidades de Altata, Tethuan, Avandaro, Las Aguamitas, El Castillo, Las puentes y Las Arenitas.<\/span><\/p>\n<p style=\"text-align: justify;\">&nbsp;<\/p>\n<p class=\"x_MsoNormal\" style=\"text-align: justify;\"><span style=\"font-family: arial, helvetica, sans-serif; font-size: 14pt;\">Jorge Alan Urbina Vidales enfatiz\u00f3 que se establece la veda sanitaria temporal para la extracci\u00f3n, distribuci\u00f3n, comercializaci\u00f3n, almacenamiento humedo y consumo de estos productos provenientes exclusivamente de las zonas anteriormente mencionadas, a partir del 31 de marzo del presente a\u00f1o.<\/span><\/p>\n<p style=\"text-align: justify;\">&nbsp;<\/p>\n<p class=\"x_MsoNormal\" style=\"text-align: justify;\"><span style=\"font-family: arial, helvetica, sans-serif; font-size: 14pt;\">Precis\u00f3 que la medida se realiza conforme a lo dispuesto en las Instrucciones de Trabajo del Proyecto Moluscos Bivalvos y Marea Roja de Cofepris, y en lo establecido en la NOM-242-SSA1-2009.<\/span><\/p>\n<p style=\"text-align: justify;\">&nbsp;<\/p>\n<p class=\"x_MsoNormal\" style=\"text-align: justify;\"><span style=\"font-family: arial, helvetica, sans-serif; font-size: 14pt;\">Inform\u00f3 que esta situaci\u00f3n se debe al fen\u00f3meno natural denominado \u201cmarea roja\u201d que consiste en una acumulaci\u00f3n de microalgas t\u00f3xicas o no t\u00f3xicas, que de acuerdo a su especie y cantidad, pueden o no cambiar la tonalidad del agua. \u201cLos moluscos bivalvos, al alimentarse en presencia de una marea roja, pueden acumular dentro de su organismo estas biotoxinas marinas y al ser cosechados representan un riesgo de salud para los consumidores pues pueden intoxicarse\u201d, advirti\u00f3.<\/span><\/p>\n<p style=\"text-align: justify;\">&nbsp;<\/p>\n<p class=\"x_MsoNormal\" style=\"text-align: justify;\"><span style=\"font-family: arial, helvetica, sans-serif; font-size: 14pt;\">Por \u00faltimo aclar\u00f3 que el fen\u00f3meno de la marea roja no representa un peligro para ba\u00f1arse en el mar y tambi\u00e9n se pueden consumir con seguridad otros productos del mar como camar\u00f3n, jaiba y pescados, entre otros.<\/span><\/p>\n<div style=\"text-align: justify;\"><span style=\"font-family: arial, helvetica, sans-serif; font-size: 14pt;\"><\/span><\/div>\n<div style=\"text-align: justify;\">&nbsp;<\/div>\n<div style=\"text-align: justify;\"><span style=\"font-size: 14pt; font-family: arial, helvetica, sans-serif;\">REDACCI\u00d3N\/VISI\u00d3N CIUDADANA.<\/span><\/div>\n<\/div>\n","protected":false},"excerpt":{"rendered":"<p>&nbsp; &nbsp; La Comisi\u00f3n Estatal para la Protecci\u00f3n contra Riesgos Sanitarios de Sinaloa (Coepriss) declar\u00f3 veda sanitaria temporal y preventiva de moluscos bivalvos en la Bah\u00eda Altata. &nbsp; El comisionado Jorge Alan Urbina Vidales explic\u00f3 que la medida se debe a que los resultados de los an\u00e1lisis de laboratorio emitidos por la Comisi\u00f3n de Control [&hellip;]<\/p>\n","protected":false},"author":1,"featured_media":85,"comment_status":"closed","ping_status":"closed","sticky":false,"template":"","format":"standard","meta":{"footnotes":""},"categories":[13],"tags":[],"ppma_author":[31],"class_list":["post-16583","post","type-post","status-publish","format-standard","has-post-thumbnail","hentry","category-locales"],"aioseo_notices":[],"authors":[{"term_id":31,"user_id":1,"is_guest":0,"slug":"ivan3vino","display_name":"Iv\u00e1n Trevi\u00f1o","avatar_url":{"url":"https:\/\/visionciudadana.com.mx\/oficial\/wp-content\/uploads\/2025\/09\/columna-ivan-Trevino.png","url2x":"https:\/\/visionciudadana.com.mx\/oficial\/wp-content\/uploads\/2025\/09\/columna-ivan-Trevino.png"},"0":null,"1":"","2":"","3":"","4":"","5":"","6":"","7":"","8":""}],"_links":{"self":[{"href":"https:\/\/visionciudadana.com.mx\/oficial\/wp-json\/wp\/v2\/posts\/16583","targetHints":{"allow":["GET"]}}],"collection":[{"href":"https:\/\/visionciudadana.com.mx\/oficial\/wp-json\/wp\/v2\/posts"}],"about":[{"href":"https:\/\/visionciudadana.com.mx\/oficial\/wp-json\/wp\/v2\/types\/post"}],"author":[{"embeddable":true,"href":"https:\/\/visionciudadana.com.mx\/oficial\/wp-json\/wp\/v2\/users\/1"}],"replies":[{"embeddable":true,"href":"https:\/\/visionciudadana.com.mx\/oficial\/wp-json\/wp\/v2\/comments?post=16583"}],"version-history":[{"count":1,"href":"https:\/\/visionciudadana.com.mx\/oficial\/wp-json\/wp\/v2\/posts\/16583\/revisions"}],"predecessor-version":[{"id":31254,"href":"https:\/\/visionciudadana.com.mx\/oficial\/wp-json\/wp\/v2\/posts\/16583\/revisions\/31254"}],"wp:featuredmedia":[{"embeddable":true,"href":"https:\/\/visionciudadana.com.mx\/oficial\/wp-json\/wp\/v2\/media\/85"}],"wp:attachment":[{"href":"https:\/\/visionciudadana.com.mx\/oficial\/wp-json\/wp\/v2\/media?parent=16583"}],"wp:term":[{"taxonomy":"category","embeddable":true,"href":"https:\/\/visionciudadana.com.mx\/oficial\/wp-json\/wp\/v2\/categories?post=16583"},{"taxonomy":"post_tag","embeddable":true,"href":"https:\/\/visionciudadana.com.mx\/oficial\/wp-json\/wp\/v2\/tags?post=16583"},{"taxonomy":"author","embeddable":true,"href":"https:\/\/visionciudadana.com.mx\/oficial\/wp-json\/wp\/v2\/ppma_author?post=16583"}],"curies":[{"name":"wp","href":"https:\/\/api.w.org\/{rel}","templated":true}]}}