{"id":16581,"date":"2021-03-30T21:55:57","date_gmt":"2021-03-30T21:55:57","guid":{"rendered":"https:\/\/visionciudadana.com.mx\/chio\/2021\/03\/30\/ierno-de-culiacan-retira-el-quinto-puente-antipeatonal-en-bulevar-lola-beltran\/"},"modified":"2025-06-25T00:16:44","modified_gmt":"2025-06-25T00:16:44","slug":"ierno-de-culiacan-retira-el-quinto-puente-antipeatonal-en-bulevar-lola-beltran","status":"publish","type":"post","link":"https:\/\/visionciudadana.com.mx\/oficial\/2021\/03\/30\/ierno-de-culiacan-retira-el-quinto-puente-antipeatonal-en-bulevar-lola-beltran\/","title":{"rendered":"Gobierno de Culiac\u00e1n retira el quinto puente antipeatonal en bulevar Lola Beltr\u00e1n"},"content":{"rendered":"<p style=\"text-align: justify;\"><img fetchpriority=\"high\" decoding=\"async\" src=\"images\/Marzo21\/quitan_puente.PNG\" alt=\"quitan puente\" width=\"411\" height=\"218\" style=\"display: block; margin-left: auto; margin-right: auto;\" \/><\/p>\n<p style=\"text-align: justify;\"><span style=\"font-size: 14pt; font-family: arial, helvetica, sans-serif;\"><span lang=\"ES\"><\/span><span lang=\"ES\">En seguimiento a la estrategia de Movilidad Urbana impulsada por el Gobierno de Culiac\u00e1n, esta ma\u00f1ana el alcalde M.C Miguel \u00c1ngel Gonz\u00e1lez Cervantes supervis\u00f3 el retiro del quinto puente antipeatonal realizado por la actual administraci\u00f3n, el cual estaba ubicado sobre el bulevar Lola Beltr\u00e1n a un costado de la secundaria T\u00e9cnica No. 1.<\/span><\/span><\/p>\n<p class=\"x_MsoNormal\" style=\"text-align: justify;\"><span lang=\"ES\" style=\"font-size: 14pt; font-family: arial, helvetica, sans-serif;\"><\/span><\/p>\n<p class=\"x_MsoNormal\" style=\"text-align: justify;\"><span lang=\"ES\" style=\"font-size: 14pt; font-family: arial, helvetica, sans-serif;\">El primer puente retirado se encontraba frente al bulevar Dr. Enrique Cabrera frente a la cl\u00ednica 36 del IMSS Humaya y en su lugar se instal\u00f3 un paso peatonal seguro nivel banqueta.<\/span><\/p>\n<p class=\"x_MsoNormal\" style=\"text-align: justify;\"><span lang=\"ES\" style=\"font-size: 14pt; font-family: arial, helvetica, sans-serif;\"><\/span><\/p>\n<p class=\"x_MsoNormal\" style=\"text-align: justify;\"><span lang=\"ES\" style=\"font-size: 14pt; font-family: arial, helvetica, sans-serif;\">Luego de ello fue removido el segundo que estaba ubicado frente al Issste, por la Calzada Heroico Colegio Militar; el tercero a la altura de la Avenida \u00c1lvaro Obreg\u00f3n en la colonia 6 de enero y el cuarto se localizaba sobre el bulevar Elbert.<\/span><\/p>\n<p class=\"x_MsoNormal\" style=\"text-align: justify;\"><span lang=\"ES\" style=\"font-size: 14pt; font-family: arial, helvetica, sans-serif;\"><\/span><\/p>\n<p class=\"x_MsoNormal\" style=\"text-align: justify;\"><span lang=\"ES\" style=\"font-size: 14pt; font-family: arial, helvetica, sans-serif;\">Durante el recorrido por el \u00e1rea, el alcalde M.C Miguel \u00c1ngel Gonz\u00e1lez Cervantes, resalt\u00f3 que, a trav\u00e9s de estas acciones para mejorar la movilidad, se busca priorizar al peat\u00f3n sobre el automovilista.<\/span><\/p>\n<p class=\"x_MsoNormal\" style=\"text-align: justify;\"><span lang=\"ES\" style=\"font-size: 14pt; font-family: arial, helvetica, sans-serif;\"><\/span><\/p>\n<p class=\"x_MsoNormal\" style=\"text-align: justify;\"><span lang=\"ES\" style=\"font-size: 14pt; font-family: arial, helvetica, sans-serif;\">De esta manera, dijo que mediante un estudio t\u00e9cnico elaborado por el IMPLAN y la Direcci\u00f3n de Movilidad, en esta zona se contempla la instalaci\u00f3n de un paso peatonal seguro nivel banqueta en el origen destino de los peatones metros m\u00e1s adelante en el sector.<\/span><\/p>\n<p class=\"x_MsoNormal\" style=\"text-align: justify;\"><span lang=\"ES\" style=\"font-size: 14pt; font-family: arial, helvetica, sans-serif;\"><\/span><\/p>\n<p class=\"x_MsoNormal\" style=\"text-align: justify;\"><span lang=\"ES\" style=\"font-size: 14pt; font-family: arial, helvetica, sans-serif;\">Por su parte, los titulares de la Secretar\u00eda de Obras y Servicios P\u00fablicos, C\u00e9sar Manuel Ochoa Salazar y del IMPLAN, Alberto Medrano Contreras, se\u00f1alaron que en conjunto con la Direcci\u00f3n de Movilidad se tienen detectados 40 puentes antipeatonales en toda la ciudad.<\/span><\/p>\n<p class=\"x_MsoNormal\" style=\"text-align: justify;\"><span lang=\"ES\" style=\"font-size: 14pt; font-family: arial, helvetica, sans-serif;\"><\/span><\/p>\n<p class=\"x_MsoNormal\" style=\"text-align: justify;\"><span lang=\"ES\" style=\"font-size: 14pt; font-family: arial, helvetica, sans-serif;\">De las estructuras retiradas en el sitio, una ser\u00e1 destinada a la bodega municipal, mientras que la otra se instalar\u00e1 en el campo El Diez en la zona del canal para el cruce de los habitantes, tal y como se ha realizado con las piezas removidas que se han ubicado para un cruce seguro en arroyos de alto riesgo.<\/span><\/p>\n<p style=\"text-align: justify;\">&nbsp;<\/p>\n<p style=\"text-align: justify;\">&nbsp;<\/p>\n<p style=\"text-align: justify;\"><span style=\"font-size: 14pt; font-family: arial, helvetica, sans-serif;\">REDACCI\u00d3N\/VISI\u00d3N CIUDADANA.<\/span><\/p>\n","protected":false},"excerpt":{"rendered":"<p>En seguimiento a la estrategia de Movilidad Urbana impulsada por el Gobierno de Culiac\u00e1n, esta ma\u00f1ana el alcalde M.C Miguel \u00c1ngel Gonz\u00e1lez Cervantes supervis\u00f3 el retiro del quinto puente antipeatonal realizado por la actual administraci\u00f3n, el cual estaba ubicado sobre el bulevar Lola Beltr\u00e1n a un costado de la secundaria T\u00e9cnica No. 1. El primer [&hellip;]<\/p>\n","protected":false},"author":1,"featured_media":81,"comment_status":"closed","ping_status":"closed","sticky":false,"template":"","format":"standard","meta":{"footnotes":""},"categories":[24],"tags":[],"ppma_author":[31],"class_list":["post-16581","post","type-post","status-publish","format-standard","has-post-thumbnail","hentry","category-relevantes"],"aioseo_notices":[],"authors":[{"term_id":31,"user_id":1,"is_guest":0,"slug":"ivan3vino","display_name":"Iv\u00e1n Trevi\u00f1o","avatar_url":{"url":"https:\/\/visionciudadana.com.mx\/oficial\/wp-content\/uploads\/2025\/09\/columna-ivan-Trevino.png","url2x":"https:\/\/visionciudadana.com.mx\/oficial\/wp-content\/uploads\/2025\/09\/columna-ivan-Trevino.png"},"0":null,"1":"","2":"","3":"","4":"","5":"","6":"","7":"","8":""}],"_links":{"self":[{"href":"https:\/\/visionciudadana.com.mx\/oficial\/wp-json\/wp\/v2\/posts\/16581","targetHints":{"allow":["GET"]}}],"collection":[{"href":"https:\/\/visionciudadana.com.mx\/oficial\/wp-json\/wp\/v2\/posts"}],"about":[{"href":"https:\/\/visionciudadana.com.mx\/oficial\/wp-json\/wp\/v2\/types\/post"}],"author":[{"embeddable":true,"href":"https:\/\/visionciudadana.com.mx\/oficial\/wp-json\/wp\/v2\/users\/1"}],"replies":[{"embeddable":true,"href":"https:\/\/visionciudadana.com.mx\/oficial\/wp-json\/wp\/v2\/comments?post=16581"}],"version-history":[{"count":1,"href":"https:\/\/visionciudadana.com.mx\/oficial\/wp-json\/wp\/v2\/posts\/16581\/revisions"}],"predecessor-version":[{"id":31256,"href":"https:\/\/visionciudadana.com.mx\/oficial\/wp-json\/wp\/v2\/posts\/16581\/revisions\/31256"}],"wp:featuredmedia":[{"embeddable":true,"href":"https:\/\/visionciudadana.com.mx\/oficial\/wp-json\/wp\/v2\/posts\/81"}],"wp:attachment":[{"href":"https:\/\/visionciudadana.com.mx\/oficial\/wp-json\/wp\/v2\/media?parent=16581"}],"wp:term":[{"taxonomy":"category","embeddable":true,"href":"https:\/\/visionciudadana.com.mx\/oficial\/wp-json\/wp\/v2\/categories?post=16581"},{"taxonomy":"post_tag","embeddable":true,"href":"https:\/\/visionciudadana.com.mx\/oficial\/wp-json\/wp\/v2\/tags?post=16581"},{"taxonomy":"author","embeddable":true,"href":"https:\/\/visionciudadana.com.mx\/oficial\/wp-json\/wp\/v2\/ppma_author?post=16581"}],"curies":[{"name":"wp","href":"https:\/\/api.w.org\/{rel}","templated":true}]}}