{"id":16580,"date":"2021-03-30T21:42:41","date_gmt":"2021-03-30T21:42:41","guid":{"rendered":"https:\/\/visionciudadana.com.mx\/chio\/2021\/03\/30\/los-companeros-morenistas-reafirman-su-interes-de-traer-la-cuarta-transformacion-a-sinaloa-rrm\/"},"modified":"2025-06-25T00:16:44","modified_gmt":"2025-06-25T00:16:44","slug":"los-companeros-morenistas-reafirman-su-interes-de-traer-la-cuarta-transformacion-a-sinaloa-rrm","status":"publish","type":"post","link":"https:\/\/visionciudadana.com.mx\/oficial\/2021\/03\/30\/los-companeros-morenistas-reafirman-su-interes-de-traer-la-cuarta-transformacion-a-sinaloa-rrm\/","title":{"rendered":"Los compa\u00f1eros morenistas reafirman su inter\u00e9s de traer la cuarta Transformaci\u00f3n a Sinaloa: RRM"},"content":{"rendered":"<p><img fetchpriority=\"high\" decoding=\"async\" src=\"images\/Marzo21\/Morz.PNG\" alt=\"Morz\" width=\"405\" height=\"239\" style=\"display: block; margin-left: auto; margin-right: auto;\" \/><\/p>\n<p>&nbsp;<\/p>\n<p class=\"x_s4\" style=\"text-align: justify;\"><span class=\"x_s2\" style=\"font-size: 14pt; font-family: arial, helvetica, sans-serif;\"><span class=\"x_bumpedFont15\">El senador con licencia Dr. Rub\u00e9n Rocha Moya afirm\u00f3 que se necesita de todos para ganar y esta unidad se est\u00e1 fortaleciendo mediante el di\u00e1logo con las y los compa\u00f1eros morenistas, a quienes los une un inter\u00e9s com\u00fan: radicar plenamente la Cuarta Transformaci\u00f3n en Sinaloa.<\/span><\/span><\/p>\n<p style=\"text-align: justify;\">&nbsp;<\/p>\n<p class=\"x_s4\" style=\"text-align: justify;\"><span class=\"x_s2\" style=\"font-size: 14pt; font-family: arial, helvetica, sans-serif;\"><span class=\"x_bumpedFont15\">\u201cTienes que construir la unidad, acercar a todo mundo, no tenemos un problema mayor en t\u00e9rminos de acuerdo final; los compa\u00f1eros est\u00e1n con el movimiento, est\u00e1n trabajando, yo he tenido much\u00edsimas reuniones con muchos compa\u00f1eros, n\u00facleos, que reafirman su inter\u00e9s m\u00e1s all\u00e1 de su inconformidad y dicen: esa es una p\u00e1gina que hay que darle la vuelta\u201d, expres\u00f3 Rocha Moya.&nbsp;<\/span><\/span><\/p>\n<p style=\"text-align: justify;\">&nbsp;<\/p>\n<p class=\"x_s4\" style=\"text-align: justify;\"><span class=\"x_s2\" style=\"font-size: 14pt; font-family: arial, helvetica, sans-serif;\"><span class=\"x_bumpedFont15\">Reconoci\u00f3 el trabajo que han hecho los candidatos designados por el partido al acercarse a los morenistas que expresan sus diferencias y no permitir que abandonen el proyecto.<\/span><\/span><\/p>\n<p style=\"text-align: justify;\">&nbsp;<\/p>\n<p class=\"x_s4\" style=\"text-align: justify;\"><span class=\"x_s2\" style=\"font-size: 14pt; font-family: arial, helvetica, sans-serif;\"><span class=\"x_bumpedFont15\">\u201cLa sensibilidad de nuestros aspirantes ha permitido que muchos compa\u00f1eros entiendan y digan: bueno esto no se acaba, vamos a seguir adelante construyendo lo que para nosotros es fundamental, la b\u00fasqueda de la instauraci\u00f3n en Sinaloa de la 4T\u201d, puntualiz\u00f3.<\/span><\/span><\/p>\n<p style=\"text-align: justify;\">&nbsp;<\/p>\n<p class=\"x_s4\" style=\"text-align: justify;\"><span class=\"x_s2\" style=\"font-size: 14pt; font-family: arial, helvetica, sans-serif;\"><span class=\"x_bumpedFont15\">Rub\u00e9n Rocha Moya se declara listo para iniciar con el gran compromiso que le espera a partir del pr\u00f3ximo domingo 4 de abril, en lugar y hora que pronto se dar\u00e1n a conocer.<\/span><\/span><\/p>\n<p style=\"text-align: justify;\">&nbsp;<\/p>\n<p style=\"text-align: justify;\">&nbsp;<\/p>\n<p style=\"text-align: justify;\"><span style=\"font-size: 14pt; font-family: arial, helvetica, sans-serif;\">REDACCI\u00d3N\/VISI\u00d3N CIUDADANA.<\/span><\/p>\n","protected":false},"excerpt":{"rendered":"<p>&nbsp; El senador con licencia Dr. Rub\u00e9n Rocha Moya afirm\u00f3 que se necesita de todos para ganar y esta unidad se est\u00e1 fortaleciendo mediante el di\u00e1logo con las y los compa\u00f1eros morenistas, a quienes los une un inter\u00e9s com\u00fan: radicar plenamente la Cuarta Transformaci\u00f3n en Sinaloa. &nbsp; \u201cTienes que construir la unidad, acercar a todo [&hellip;]<\/p>\n","protected":false},"author":1,"featured_media":79,"comment_status":"closed","ping_status":"closed","sticky":false,"template":"","format":"standard","meta":{"footnotes":""},"categories":[24],"tags":[],"ppma_author":[31],"class_list":["post-16580","post","type-post","status-publish","format-standard","has-post-thumbnail","hentry","category-relevantes"],"aioseo_notices":[],"authors":[{"term_id":31,"user_id":1,"is_guest":0,"slug":"ivan3vino","display_name":"Iv\u00e1n Trevi\u00f1o","avatar_url":{"url":"https:\/\/visionciudadana.com.mx\/oficial\/wp-content\/uploads\/2025\/09\/columna-ivan-Trevino.png","url2x":"https:\/\/visionciudadana.com.mx\/oficial\/wp-content\/uploads\/2025\/09\/columna-ivan-Trevino.png"},"0":null,"1":"","2":"","3":"","4":"","5":"","6":"","7":"","8":""}],"_links":{"self":[{"href":"https:\/\/visionciudadana.com.mx\/oficial\/wp-json\/wp\/v2\/posts\/16580","targetHints":{"allow":["GET"]}}],"collection":[{"href":"https:\/\/visionciudadana.com.mx\/oficial\/wp-json\/wp\/v2\/posts"}],"about":[{"href":"https:\/\/visionciudadana.com.mx\/oficial\/wp-json\/wp\/v2\/types\/post"}],"author":[{"embeddable":true,"href":"https:\/\/visionciudadana.com.mx\/oficial\/wp-json\/wp\/v2\/users\/1"}],"replies":[{"embeddable":true,"href":"https:\/\/visionciudadana.com.mx\/oficial\/wp-json\/wp\/v2\/comments?post=16580"}],"version-history":[{"count":1,"href":"https:\/\/visionciudadana.com.mx\/oficial\/wp-json\/wp\/v2\/posts\/16580\/revisions"}],"predecessor-version":[{"id":31257,"href":"https:\/\/visionciudadana.com.mx\/oficial\/wp-json\/wp\/v2\/posts\/16580\/revisions\/31257"}],"wp:featuredmedia":[{"embeddable":true,"href":"https:\/\/visionciudadana.com.mx\/oficial\/wp-json\/wp\/v2\/posts\/79"}],"wp:attachment":[{"href":"https:\/\/visionciudadana.com.mx\/oficial\/wp-json\/wp\/v2\/media?parent=16580"}],"wp:term":[{"taxonomy":"category","embeddable":true,"href":"https:\/\/visionciudadana.com.mx\/oficial\/wp-json\/wp\/v2\/categories?post=16580"},{"taxonomy":"post_tag","embeddable":true,"href":"https:\/\/visionciudadana.com.mx\/oficial\/wp-json\/wp\/v2\/tags?post=16580"},{"taxonomy":"author","embeddable":true,"href":"https:\/\/visionciudadana.com.mx\/oficial\/wp-json\/wp\/v2\/ppma_author?post=16580"}],"curies":[{"name":"wp","href":"https:\/\/api.w.org\/{rel}","templated":true}]}}