{"id":16579,"date":"2021-03-30T21:34:50","date_gmt":"2021-03-30T21:34:50","guid":{"rendered":"https:\/\/visionciudadana.com.mx\/chio\/2021\/03\/30\/el-pas-cumplira-a-cabalidad-con-la-unidad-signada-con-morena\/"},"modified":"2025-06-25T00:16:44","modified_gmt":"2025-06-25T00:16:44","slug":"el-pas-cumplira-a-cabalidad-con-la-unidad-signada-con-morena","status":"publish","type":"post","link":"https:\/\/visionciudadana.com.mx\/oficial\/2021\/03\/30\/el-pas-cumplira-a-cabalidad-con-la-unidad-signada-con-morena\/","title":{"rendered":"El PAS cumplir\u00e1 a cabalidad con la unidad signada con MORENA"},"content":{"rendered":"<div><img fetchpriority=\"high\" decoding=\"async\" src=\"images\/Marzo21\/pazzz.PNG\" alt=\"pazzz\" width=\"406\" height=\"254\" style=\"display: block; margin-left: auto; margin-right: auto;\" \/><\/div>\n<div>&nbsp;<\/div>\n<div style=\"text-align: justify;\"><span style=\"font-size: 14pt; font-family: arial, helvetica, sans-serif;\">La militancia y simpatizantes del Partido Sinaloense tiene toda la voluntad de trabajar y apoyar la candidatura del Dr. Rub\u00e9n Rocha Moya para gobernador de nuestra entidad, los 7 candidatos a diputados federales, los 24 candidatos a diputados locales por mayor\u00eda relativa y a los 18 candidatos a presidentes municipales, ese fue el compromiso que hicimos con MORENA y no vamos a fallar. As\u00ed lo afirm\u00f3 H\u00e9ctor Melesio Cu\u00e9n Ojeda.<\/span><\/div>\n<div style=\"text-align: justify;\">&nbsp;<\/div>\n<div style=\"text-align: justify;\"><span style=\"font-size: 14pt; font-family: arial, helvetica, sans-serif;\"><\/span><\/div>\n<div style=\"text-align: justify;\"><span style=\"font-size: 14pt; font-family: arial, helvetica, sans-serif;\">\u201cEl PAS est\u00e1 muy avanzado en la organizaci\u00f3n interna, ya registramos ante el Instituto Electoral del Estado de Sinaloa -IEES- &nbsp;la Plataforma electoral con el tinte de ser un documento municipalizado, en d\u00edas pasados presentamos ante la estructura del partido el Plan de Campa\u00f1a, \u201ctenemos de carne y hueso\u201d, definida toda la estructura electoral, entre ellos alrededor de 800 abogados, el d\u00eda de ayer inici\u00f3 la capacitaci\u00f3n para nuestros candidatos con el Taller \u201cConstruyendo Liderazgos, ayer mismo presentamos la forma en que vamos a coordinarnos en la campa\u00f1a bajo las figuras de coordinadores distritales y municipales, los delegados pol\u00edticos zonales y una figura que nos ayudar\u00e1 mucho que es los comisionados estatales\u201d, expreso Cu\u00e9n Ojeda.<\/span><\/div>\n<div style=\"text-align: justify;\">&nbsp;<\/div>\n<div style=\"text-align: justify;\"><span style=\"font-size: 14pt; font-family: arial, helvetica, sans-serif;\"><\/span><\/div>\n<div style=\"text-align: justify;\"><span style=\"font-size: 14pt; font-family: arial, helvetica, sans-serif;\">\u201cEl PAS tiene un gran compromiso que implica trabajar, apoyar y votar por los 7 candidatos a diputados federales de MORENA, no se diga en el rengl\u00f3n de los candidatos a diputados locales que, de 24 distritos electorales el PAS encabeza 8, pero sin duda alguna tambi\u00e9n apoyaremos al resto de candidatos postulados por MORENA, asimismo cumpliremos con el compromiso de apoyar a los 18 candidatos a presidentes municipales, de los cuales el PAS encabezar\u00e1 9\u201d, fueron las palabras de Cu\u00e9n Ojeda.<\/span><\/div>\n<div style=\"text-align: justify;\">&nbsp;<\/div>\n<div style=\"text-align: justify;\"><span style=\"font-size: 14pt; font-family: arial, helvetica, sans-serif;\"><\/span><\/div>\n<div style=\"text-align: justify;\"><span style=\"font-size: 14pt; font-family: arial, helvetica, sans-serif;\">Nuestro candidato a la gubernatura de Sinaloa, el Dr. Rub\u00e9n Rocha Moya, es una persona seria, responsable, que conoce la problem\u00e1tica de Sinaloa y que ya tenemos un plan de trabajo a proponer a la sociedad con el fin de resolver los grandes problemas de Sinaloa, y en ese sentido la militancia del PAS est\u00e1 lista para alcanzar estos logros y participar en gobiernos incluyentes a nivel municipal y estatal.<\/span><\/div>\n<div style=\"text-align: justify;\">&nbsp;<\/div>\n<div style=\"text-align: justify;\">&nbsp;<\/div>\n<div style=\"text-align: justify;\"><span style=\"font-size: 14pt; font-family: arial, helvetica, sans-serif;\">REDACCI\u00d3N\/VISI\u00d3N CIUDADANA.<\/span><\/div>\n","protected":false},"excerpt":{"rendered":"<p>&nbsp; La militancia y simpatizantes del Partido Sinaloense tiene toda la voluntad de trabajar y apoyar la candidatura del Dr. Rub\u00e9n Rocha Moya para gobernador de nuestra entidad, los 7 candidatos a diputados federales, los 24 candidatos a diputados locales por mayor\u00eda relativa y a los 18 candidatos a presidentes municipales, ese fue el compromiso [&hellip;]<\/p>\n","protected":false},"author":1,"featured_media":77,"comment_status":"closed","ping_status":"closed","sticky":false,"template":"","format":"standard","meta":{"footnotes":""},"categories":[24],"tags":[],"ppma_author":[31],"class_list":["post-16579","post","type-post","status-publish","format-standard","has-post-thumbnail","hentry","category-relevantes"],"aioseo_notices":[],"authors":[{"term_id":31,"user_id":1,"is_guest":0,"slug":"ivan3vino","display_name":"Iv\u00e1n Trevi\u00f1o","avatar_url":{"url":"https:\/\/visionciudadana.com.mx\/oficial\/wp-content\/uploads\/2025\/09\/columna-ivan-Trevino.png","url2x":"https:\/\/visionciudadana.com.mx\/oficial\/wp-content\/uploads\/2025\/09\/columna-ivan-Trevino.png"},"0":null,"1":"","2":"","3":"","4":"","5":"","6":"","7":"","8":""}],"_links":{"self":[{"href":"https:\/\/visionciudadana.com.mx\/oficial\/wp-json\/wp\/v2\/posts\/16579","targetHints":{"allow":["GET"]}}],"collection":[{"href":"https:\/\/visionciudadana.com.mx\/oficial\/wp-json\/wp\/v2\/posts"}],"about":[{"href":"https:\/\/visionciudadana.com.mx\/oficial\/wp-json\/wp\/v2\/types\/post"}],"author":[{"embeddable":true,"href":"https:\/\/visionciudadana.com.mx\/oficial\/wp-json\/wp\/v2\/users\/1"}],"replies":[{"embeddable":true,"href":"https:\/\/visionciudadana.com.mx\/oficial\/wp-json\/wp\/v2\/comments?post=16579"}],"version-history":[{"count":1,"href":"https:\/\/visionciudadana.com.mx\/oficial\/wp-json\/wp\/v2\/posts\/16579\/revisions"}],"predecessor-version":[{"id":31258,"href":"https:\/\/visionciudadana.com.mx\/oficial\/wp-json\/wp\/v2\/posts\/16579\/revisions\/31258"}],"wp:featuredmedia":[{"embeddable":true,"href":"https:\/\/visionciudadana.com.mx\/oficial\/wp-json\/wp\/v2\/posts\/77"}],"wp:attachment":[{"href":"https:\/\/visionciudadana.com.mx\/oficial\/wp-json\/wp\/v2\/media?parent=16579"}],"wp:term":[{"taxonomy":"category","embeddable":true,"href":"https:\/\/visionciudadana.com.mx\/oficial\/wp-json\/wp\/v2\/categories?post=16579"},{"taxonomy":"post_tag","embeddable":true,"href":"https:\/\/visionciudadana.com.mx\/oficial\/wp-json\/wp\/v2\/tags?post=16579"},{"taxonomy":"author","embeddable":true,"href":"https:\/\/visionciudadana.com.mx\/oficial\/wp-json\/wp\/v2\/ppma_author?post=16579"}],"curies":[{"name":"wp","href":"https:\/\/api.w.org\/{rel}","templated":true}]}}