{"id":16577,"date":"2021-03-30T21:15:05","date_gmt":"2021-03-30T21:15:05","guid":{"rendered":"https:\/\/visionciudadana.com.mx\/chio\/2021\/03\/30\/es-por-instituciones-como-la-uat-que-la-educacion-en-mexico-sigue-avanzando\/"},"modified":"2025-06-25T00:16:45","modified_gmt":"2025-06-25T00:16:45","slug":"es-por-instituciones-como-la-uat-que-la-educacion-en-mexico-sigue-avanzando","status":"publish","type":"post","link":"https:\/\/visionciudadana.com.mx\/oficial\/2021\/03\/30\/es-por-instituciones-como-la-uat-que-la-educacion-en-mexico-sigue-avanzando\/","title":{"rendered":"Es por instituciones como la UAT que la educaci\u00f3n en M\u00e9xico sigue avanzando"},"content":{"rendered":"<p style=\"text-align: justify;\"><b><span lang=\"ES\"><span style=\"font-size: 14pt; font-family: arial, helvetica, sans-serif;\"><\/span><\/span><\/b><\/p>\n<p class=\"x_MsoNormal\" style=\"text-align: justify;\" align=\"right\"><img fetchpriority=\"high\" decoding=\"async\" src=\"images\/Marzo21\/instituciones_uat.PNG\" alt=\"instituciones uat\" width=\"389\" height=\"235\" style=\"display: block; margin-left: auto; margin-right: auto;\" \/><\/p>\n<p class=\"x_MsoNormal\" style=\"text-align: justify;\"><span lang=\"ES\" style=\"font-size: 14pt; font-family: arial, helvetica, sans-serif;\">\u201cEs por instituciones como la Universidad Aut\u00f3noma de Tamaulipas que la educaci\u00f3n superior en M\u00e9xico sigue avanzando a pesar de la pandemia, hemos seguido de pie brindando una educaci\u00f3n integral (\u2026) esfuerzos como estos nos dan la certeza de que la educaci\u00f3n superior en el pa\u00eds tiene un excelente futuro\u201d, expres\u00f3 el Rector de la Universidad Aut\u00f3noma de Sinaloa (UAS), doctor Juan Eulogio Guerra Liera, en su calidad de Presidente del Consorcio de Universidades Mexicanas (CUMex).<\/span><\/p>\n<p class=\"x_MsoNormal\" style=\"text-align: justify;\"><span lang=\"ES\" style=\"font-size: 14pt; font-family: arial, helvetica, sans-serif;\"><\/span><\/p>\n<p class=\"x_MsoNormal\" style=\"text-align: justify;\"><span lang=\"ES\" style=\"font-size: 14pt; font-family: arial, helvetica, sans-serif;\">Guerra Liera tom\u00f3 la palabra como invitado especial y parte del pres\u00eddium a distancia durante el Tercer Informe de Labores del Rector de la Universidad Aut\u00f3noma de Tamaulipas (UAT), ingeniero Jos\u00e9 Andr\u00e9s Su\u00e1rez Fern\u00e1ndez, que cont\u00f3 con la presencia del Gobernador del Estado de Tamaulipas, Francisco Garc\u00eda Cabeza de Vaca y de la titular de la Direcci\u00f3n General de Educaci\u00f3n Superior Universitaria (DGESU), doctora Carmen Rodr\u00edguez Armenta, entre otros invitados especiales.<\/span><\/p>\n<p class=\"x_MsoNormal\" style=\"text-align: justify;\"><span lang=\"ES\" style=\"font-size: 14pt; font-family: arial, helvetica, sans-serif;\"><\/span><\/p>\n<p class=\"x_MsoNormal\" style=\"text-align: justify;\"><span lang=\"ES\" style=\"font-size: 14pt; font-family: arial, helvetica, sans-serif;\">El Presidente del CUMex felicit\u00f3 ampliamente al Rector Su\u00e1rez Fern\u00e1ndez y a la comunidad universitaria, por los grandes y fruct\u00edferos esfuerzos para sostener y elevar la cobertura y la calidad, adem\u00e1s de la pertinencia de sus programas educativos en su instituci\u00f3n, logros que se expresan en este Informe de Labores.<\/span><\/p>\n<p class=\"x_MsoNormal\" style=\"text-align: justify;\"><span lang=\"ES\" style=\"font-size: 14pt; font-family: arial, helvetica, sans-serif;\"><\/span><\/p>\n<p class=\"x_MsoNormal\" style=\"text-align: justify;\"><span lang=\"ES\" style=\"font-size: 14pt; font-family: arial, helvetica, sans-serif;\">Reflexion\u00f3 que la pandemia vino a impactar todos los \u00e1mbitos de la vida social y ha sido un a\u00f1o lleno de retos para todos, de manera particular para el sector educativo que ha tenido que ajustar todas sus formas de trabajo para ayudar en la prevenci\u00f3n de la enfermedad y llevar la ense\u00f1anza a miles de ni\u00f1os y j\u00f3venes.<\/span><\/p>\n<p class=\"x_MsoNormal\" style=\"text-align: justify;\"><span lang=\"ES\" style=\"font-size: 14pt; font-family: arial, helvetica, sans-serif;\"><\/span><\/p>\n<p class=\"x_MsoNormal\" style=\"text-align: justify;\"><span lang=\"ES\" style=\"font-size: 14pt; font-family: arial, helvetica, sans-serif;\">\u201cEn el caso de las universidades, en coordinaci\u00f3n con la Subsecretar\u00eda, la DGESU y la ANUIES, hemos asumido tres objetivos: salvaguardar la salud de nuestra comunidad, garantizar la continuidad acad\u00e9mica, y contribuir al combate del COVID-19 y el cumplimiento de estos objetivos lo hemos visto en la Universidad Aut\u00f3noma de Tamaulipas, que ha adecuado sus estrategias para elevar la matr\u00edcula en un contexto donde muchos j\u00f3venes han tenido que abandonar su formaci\u00f3n universitaria, adem\u00e1s elevaron sus indicadores de calidad\u201d, expres\u00f3.<\/span><\/p>\n<p class=\"x_MsoNormal\" style=\"text-align: justify;\"><span lang=\"ES\" style=\"font-size: 14pt; font-family: arial, helvetica, sans-serif;\"><\/span><\/p>\n<p class=\"x_MsoNormal\" style=\"text-align: justify;\"><span lang=\"ES\" style=\"font-size: 14pt; font-family: arial, helvetica, sans-serif;\">Ponder\u00f3 entre esos indicadores el n\u00famero de programas de calidad, los profesores con posgrados y el n\u00famero de integrantes en el Sistema Nacional de Investigadores (SNI), entre otros aspectos que son reflejo del trabajo de su comunidad estudiantil, de una planta de investigadores y cuerpo directivo que ha sabido conducir todos los esfuerzos.<\/span><\/p>\n<p class=\"x_MsoNormal\" style=\"text-align: justify;\"><span lang=\"ES\" style=\"font-size: 14pt; font-family: arial, helvetica, sans-serif;\"><\/span><\/p>\n<p class=\"x_MsoNormal\" style=\"text-align: justify;\"><span lang=\"ES\" style=\"font-size: 14pt; font-family: arial, helvetica, sans-serif;\">Agreg\u00f3 que este trabajo es lo que ha llevado a la UAT a asumir importantes espacios de liderazgo nacional e internacional, uno de ellos la vicepresidencia del CUMEx (\u2026), adem\u00e1s de su participaci\u00f3n en ANUIES, UDUAL, AUIP, donde siempre han dado constancia de su fortaleza institucional.<\/span><\/p>\n<p class=\"x_MsoNormal\" style=\"text-align: justify;\"><span lang=\"ES\" style=\"font-size: 14pt; font-family: arial, helvetica, sans-serif;\">&nbsp;\u201cLos avances presentados hoy son botones de prueba de por qu\u00e9 las universidades p\u00fablicas se han posicionado como las instituciones de mayor confianza (\u2026) por todo ello no me resta m\u00e1s que reiterar mi felicitaci\u00f3n a Jos\u00e9 Andr\u00e9s Su\u00e1rez Hern\u00e1ndez, un verdadero l\u00edder institucional, un ciudadano responsable que en todo momento ha dado cumplimiento a su funci\u00f3n como Rector, que ha sabido abrir camino\u201d, puntualiz\u00f3.<\/span><\/p>\n<p class=\"x_MsoNormal\" style=\"text-align: justify;\"><span lang=\"ES\" style=\"font-size: 14pt; font-family: arial, helvetica, sans-serif;\"><\/span><\/p>\n<p class=\"x_MsoNormal\" style=\"text-align: justify;\"><span lang=\"ES\" style=\"font-size: 14pt; font-family: arial, helvetica, sans-serif;\">El Rector de la UAT durante su Tercer Informe de Labores hizo una evaluaci\u00f3n y avance del Plan de Desarrollo Institucional en sus ejes transversales de rendici\u00f3n de cuentas, igualdad de g\u00e9nero, gesti\u00f3n y administraci\u00f3n eficiente, cobertura educativa con equidad, programas de estudios pertinentes y de calidad, la profesionalizaci\u00f3n docente, desarrollo tecnol\u00f3gico e innovaci\u00f3n, internacionalizaci\u00f3n con la vinculaci\u00f3n social con sociedad, gobierno y sectores productivos y avance en infraestructura f\u00edsica y acad\u00e9mica.<\/span><\/p>\n<p class=\"x_MsoNormal\" style=\"text-align: justify;\"><span lang=\"ES\" style=\"font-size: 14pt; font-family: arial, helvetica, sans-serif;\"><\/span><\/p>\n<p class=\"x_MsoNormal\" style=\"text-align: justify;\"><span lang=\"ES\" style=\"font-size: 14pt; font-family: arial, helvetica, sans-serif;\">Tanto la titular de la DGESU, Carmen Rodr\u00edguez, como el Gobernador del Estado, felicitaron al Rector y ponderaron su trabajo al frente de la instituci\u00f3n, adem\u00e1s de hacer un reconocimiento por todos los logros y los avances mostrados en este evento como una especie de rendici\u00f3n de cuentas ante la sociedad, incluido un reconocimiento a la labor que realizan ante la pandemia en beneficio de los tamaulipecos.<\/span><\/p>\n<p style=\"text-align: justify;\">&nbsp;<\/p>\n<p style=\"text-align: justify;\">&nbsp;<\/p>\n<p style=\"text-align: justify;\"><span style=\"font-size: 14pt; font-family: arial, helvetica, sans-serif;\">REDACCI\u00d3N\/VISI\u00d3N CIUDADANA.<\/span><\/p>\n<p class=\"x_MsoNormal\"><span lang=\"ES\"><\/span><\/p>\n","protected":false},"excerpt":{"rendered":"<p>\u201cEs por instituciones como la Universidad Aut\u00f3noma de Tamaulipas que la educaci\u00f3n superior en M\u00e9xico sigue avanzando a pesar de la pandemia, hemos seguido de pie brindando una educaci\u00f3n integral (\u2026) esfuerzos como estos nos dan la certeza de que la educaci\u00f3n superior en el pa\u00eds tiene un excelente futuro\u201d, expres\u00f3 el Rector de la [&hellip;]<\/p>\n","protected":false},"author":1,"featured_media":73,"comment_status":"closed","ping_status":"closed","sticky":false,"template":"","format":"standard","meta":{"footnotes":""},"categories":[13],"tags":[],"ppma_author":[31],"class_list":["post-16577","post","type-post","status-publish","format-standard","has-post-thumbnail","hentry","category-locales"],"aioseo_notices":[],"authors":[{"term_id":31,"user_id":1,"is_guest":0,"slug":"ivan3vino","display_name":"Iv\u00e1n Trevi\u00f1o","avatar_url":{"url":"https:\/\/visionciudadana.com.mx\/oficial\/wp-content\/uploads\/2025\/09\/columna-ivan-Trevino.png","url2x":"https:\/\/visionciudadana.com.mx\/oficial\/wp-content\/uploads\/2025\/09\/columna-ivan-Trevino.png"},"0":null,"1":"","2":"","3":"","4":"","5":"","6":"","7":"","8":""}],"_links":{"self":[{"href":"https:\/\/visionciudadana.com.mx\/oficial\/wp-json\/wp\/v2\/posts\/16577","targetHints":{"allow":["GET"]}}],"collection":[{"href":"https:\/\/visionciudadana.com.mx\/oficial\/wp-json\/wp\/v2\/posts"}],"about":[{"href":"https:\/\/visionciudadana.com.mx\/oficial\/wp-json\/wp\/v2\/types\/post"}],"author":[{"embeddable":true,"href":"https:\/\/visionciudadana.com.mx\/oficial\/wp-json\/wp\/v2\/users\/1"}],"replies":[{"embeddable":true,"href":"https:\/\/visionciudadana.com.mx\/oficial\/wp-json\/wp\/v2\/comments?post=16577"}],"version-history":[{"count":1,"href":"https:\/\/visionciudadana.com.mx\/oficial\/wp-json\/wp\/v2\/posts\/16577\/revisions"}],"predecessor-version":[{"id":31260,"href":"https:\/\/visionciudadana.com.mx\/oficial\/wp-json\/wp\/v2\/posts\/16577\/revisions\/31260"}],"wp:featuredmedia":[{"embeddable":true,"href":"https:\/\/visionciudadana.com.mx\/oficial\/wp-json\/wp\/v2\/media\/73"}],"wp:attachment":[{"href":"https:\/\/visionciudadana.com.mx\/oficial\/wp-json\/wp\/v2\/media?parent=16577"}],"wp:term":[{"taxonomy":"category","embeddable":true,"href":"https:\/\/visionciudadana.com.mx\/oficial\/wp-json\/wp\/v2\/categories?post=16577"},{"taxonomy":"post_tag","embeddable":true,"href":"https:\/\/visionciudadana.com.mx\/oficial\/wp-json\/wp\/v2\/tags?post=16577"},{"taxonomy":"author","embeddable":true,"href":"https:\/\/visionciudadana.com.mx\/oficial\/wp-json\/wp\/v2\/ppma_author?post=16577"}],"curies":[{"name":"wp","href":"https:\/\/api.w.org\/{rel}","templated":true}]}}