{"id":16576,"date":"2021-03-30T21:03:58","date_gmt":"2021-03-30T21:03:58","guid":{"rendered":"https:\/\/visionciudadana.com.mx\/chio\/2021\/03\/30\/vacunas-astra-zeneca-arriban-a-sinaloa-para-aplicarse-en-zona-urbana-de-mazatlan\/"},"modified":"2025-06-25T00:16:45","modified_gmt":"2025-06-25T00:16:45","slug":"vacunas-astra-zeneca-arriban-a-sinaloa-para-aplicarse-en-zona-urbana-de-mazatlan","status":"publish","type":"post","link":"https:\/\/visionciudadana.com.mx\/oficial\/2021\/03\/30\/vacunas-astra-zeneca-arriban-a-sinaloa-para-aplicarse-en-zona-urbana-de-mazatlan\/","title":{"rendered":"Vacunas Astra Zeneca arriban a Sinaloa para aplicarse en zona urbana de Mazatl\u00e1n"},"content":{"rendered":"<p><img fetchpriority=\"high\" decoding=\"async\" src=\"images\/Marzo21\/astra_zeneka.jpg\" alt=\"astra zeneka\" width=\"780\" height=\"420\" style=\"display: block; margin-left: auto; margin-right: auto;\" \/><\/p>\n<p>&nbsp;<\/p>\n<p class=\"x_MsoNormal\" style=\"text-align: justify;\"><span style=\"font-size: 14pt; font-family: arial, helvetica, sans-serif;\">El Comando Estatal de Vacunaci\u00f3n en Sinaloa recibi\u00f3 la ma\u00f1ana de este martes la cantidad de 20 400 dosis de la vacuna contra el COVID-19 de los laboratorios Astra Zeneca, misma que ser\u00e1 aplicada a los adultos mayores de la zona urbana del municipio de Mazatl\u00e1n.<\/span><\/p>\n<p style=\"text-align: justify;\">&nbsp;<\/p>\n<p class=\"x_MsoNormal\" style=\"text-align: justify;\"><span style=\"font-size: 14pt; font-family: arial, helvetica, sans-serif;\">El Secretario de Salud, Dr. Efr\u00e9n Encinas Torres, inform\u00f3 que este Comando, como grupo \u00fanico en materia de vacunaci\u00f3n, se mantiene de una manera s\u00f3lida y constante para llevar a cabo la supervisi\u00f3n de la llegada de este biol\u00f3gico para que de manera paulatina se contin\u00fae con el proceso de aplicaci\u00f3n a la poblaci\u00f3n sinaloense.<\/span><\/p>\n<p style=\"text-align: justify;\">&nbsp;<\/p>\n<p class=\"x_MsoNormal\" style=\"text-align: justify;\"><span style=\"font-size: 14pt; font-family: arial, helvetica, sans-serif;\">\u201cNos encontramos como Comando Estatal de Vacunaci\u00f3n para el COVID-19, estamos reunidos las Fuerzas Armadas, el Seguro Social, nuestra Universidad Aut\u00f3noma de Sinaloa, la Secretar\u00eda de Salud, todos como un grupo \u00fanico en materia de vacunaci\u00f3n, el \u00e1rea de bienestar, donde les informamos que recibimos 20 400 dosis de vacunas de Astra Zeneca para aplicarse a adultos mayores para la zona urbana de Mazatl\u00e1n, todos saldremos bien, pr\u00f3ximamente vienen segundas dosis de Sinovac para las \u00e1reas que est\u00e1n pendientes de vacunarse y de manera paulatina y progresiva arribar\u00e1n tambi\u00e9n para Culiac\u00e1n, en la zona urbana, en esta misma semana y les estaremos informando\u201d, detall\u00f3.<\/span><\/p>\n<p style=\"text-align: justify;\">&nbsp;<\/p>\n<p class=\"x_MsoNormal\" style=\"text-align: justify;\"><span style=\"font-size: 14pt; font-family: arial, helvetica, sans-serif;\">El Dr. Encinas Torres record\u00f3 a la poblaci\u00f3n que en estos d\u00edas de descanso familiar es m\u00e1s que necesario tener presentes y aplicar los protocolos de salud que ya conocemos, la pandemia est\u00e1 presente en Sinaloa, M\u00e9xico y el mundo, cuid\u00e9monos y saldremos adelante.<\/span><\/p>\n<p style=\"text-align: justify;\">&nbsp;<\/p>\n<p class=\"x_MsoNormal\" style=\"text-align: justify;\"><span style=\"font-size: 14pt; font-family: arial, helvetica, sans-serif;\">Estuvieron presentes tambi\u00e9n el General Vinicio Perea, en representaci\u00f3n de la Fuerzas Armadas; Dr. Luis Rafael L\u00f3pez Oca\u00f1a, delegado estatal del IMSS y el Dr. Gerardo Alapizco, secretario general de la Universidad Aut\u00f3noma de Sinaloa.<\/span><\/p>\n<p style=\"text-align: justify;\">&nbsp;<\/p>\n<p style=\"text-align: justify;\">&nbsp;<\/p>\n<p style=\"text-align: justify;\"><span style=\"font-size: 14pt; font-family: arial, helvetica, sans-serif;\">REDACCI\u00d3N\/VISI\u00d3N CIUDADANA.<\/span><\/p>\n","protected":false},"excerpt":{"rendered":"<p>&nbsp; El Comando Estatal de Vacunaci\u00f3n en Sinaloa recibi\u00f3 la ma\u00f1ana de este martes la cantidad de 20 400 dosis de la vacuna contra el COVID-19 de los laboratorios Astra Zeneca, misma que ser\u00e1 aplicada a los adultos mayores de la zona urbana del municipio de Mazatl\u00e1n. &nbsp; El Secretario de Salud, Dr. Efr\u00e9n Encinas [&hellip;]<\/p>\n","protected":false},"author":1,"featured_media":71,"comment_status":"closed","ping_status":"closed","sticky":false,"template":"","format":"standard","meta":{"footnotes":""},"categories":[24],"tags":[],"ppma_author":[31],"class_list":["post-16576","post","type-post","status-publish","format-standard","has-post-thumbnail","hentry","category-relevantes"],"aioseo_notices":[],"authors":[{"term_id":31,"user_id":1,"is_guest":0,"slug":"ivan3vino","display_name":"Iv\u00e1n Trevi\u00f1o","avatar_url":{"url":"https:\/\/visionciudadana.com.mx\/oficial\/wp-content\/uploads\/2025\/09\/columna-ivan-Trevino.png","url2x":"https:\/\/visionciudadana.com.mx\/oficial\/wp-content\/uploads\/2025\/09\/columna-ivan-Trevino.png"},"0":null,"1":"","2":"","3":"","4":"","5":"","6":"","7":"","8":""}],"_links":{"self":[{"href":"https:\/\/visionciudadana.com.mx\/oficial\/wp-json\/wp\/v2\/posts\/16576","targetHints":{"allow":["GET"]}}],"collection":[{"href":"https:\/\/visionciudadana.com.mx\/oficial\/wp-json\/wp\/v2\/posts"}],"about":[{"href":"https:\/\/visionciudadana.com.mx\/oficial\/wp-json\/wp\/v2\/types\/post"}],"author":[{"embeddable":true,"href":"https:\/\/visionciudadana.com.mx\/oficial\/wp-json\/wp\/v2\/users\/1"}],"replies":[{"embeddable":true,"href":"https:\/\/visionciudadana.com.mx\/oficial\/wp-json\/wp\/v2\/comments?post=16576"}],"version-history":[{"count":1,"href":"https:\/\/visionciudadana.com.mx\/oficial\/wp-json\/wp\/v2\/posts\/16576\/revisions"}],"predecessor-version":[{"id":31261,"href":"https:\/\/visionciudadana.com.mx\/oficial\/wp-json\/wp\/v2\/posts\/16576\/revisions\/31261"}],"wp:featuredmedia":[{"embeddable":true,"href":"https:\/\/visionciudadana.com.mx\/oficial\/wp-json\/wp\/v2\/media\/71"}],"wp:attachment":[{"href":"https:\/\/visionciudadana.com.mx\/oficial\/wp-json\/wp\/v2\/media?parent=16576"}],"wp:term":[{"taxonomy":"category","embeddable":true,"href":"https:\/\/visionciudadana.com.mx\/oficial\/wp-json\/wp\/v2\/categories?post=16576"},{"taxonomy":"post_tag","embeddable":true,"href":"https:\/\/visionciudadana.com.mx\/oficial\/wp-json\/wp\/v2\/tags?post=16576"},{"taxonomy":"author","embeddable":true,"href":"https:\/\/visionciudadana.com.mx\/oficial\/wp-json\/wp\/v2\/ppma_author?post=16576"}],"curies":[{"name":"wp","href":"https:\/\/api.w.org\/{rel}","templated":true}]}}