{"id":16575,"date":"2021-03-30T20:57:35","date_gmt":"2021-03-30T20:57:35","guid":{"rendered":"https:\/\/visionciudadana.com.mx\/chio\/2021\/03\/30\/ceprevsin-y-sesesp-entregan-chalecos-reflejantes-a-moticiclista-y-ciclista\/"},"modified":"2025-06-25T00:16:45","modified_gmt":"2025-06-25T00:16:45","slug":"ceprevsin-y-sesesp-entregan-chalecos-reflejantes-a-moticiclista-y-ciclista","status":"publish","type":"post","link":"https:\/\/visionciudadana.com.mx\/oficial\/2021\/03\/30\/ceprevsin-y-sesesp-entregan-chalecos-reflejantes-a-moticiclista-y-ciclista\/","title":{"rendered":"CEPREVSIN y SESESP entregan chalecos reflejantes a moticiclista y ciclista"},"content":{"rendered":"<p><img fetchpriority=\"high\" decoding=\"async\" src=\"images\/Marzo21\/entreghan_chaleco.PNG\" alt=\"entreghan chaleco\" width=\"367\" height=\"227\" style=\"display: block; margin-left: auto; margin-right: auto;\" \/><\/p>\n<div>\n<p style=\"text-align: justify;\"><span style=\"font-size: 14pt; font-family: arial, helvetica, sans-serif;\">Con el objetivo de concientizar a la ciudadan\u00eda y disminuir el n\u00famero de decesos en motociclistas, el Centro Estatal de Prevenci\u00f3n contra la Violencia y Participaci\u00f3n Ciudadana, que depende del Secretariado Ejecutivo del Sistema Estatal de Seguridad Publica, hicieron entrega de m\u00e1s de 400 chalecos reflejantes a conductores de bicicletas y motocicletas, a fin de generar las condiciones necesarias para reforzar su protecci\u00f3n y seguridad.<\/span><\/p>\n<p style=\"text-align: justify;\">&nbsp;<\/p>\n<p class=\"x_MsoNormal\" style=\"text-align: justify;\"><span style=\"font-size: 14pt; font-family: arial, helvetica, sans-serif;\">El titular del Ceprevsin, Juan Diego Mascare\u00f1o L\u00f3pez,&nbsp; explic\u00f3 que este tipo de eventos se realizan como parte de las pol\u00edticas p\u00fablicas de prevenci\u00f3n, dirigidas por el Gobernador Quirino Ordaz Coppel y el Secretariado Ejecutivo del Sistema Estatal de Seguridad P\u00fablica (SESESP) que preside Renato Ocampo Alc\u00e1ntar.&nbsp;<\/span><\/p>\n<p style=\"text-align: justify;\">&nbsp;<\/p>\n<p class=\"x_MsoNormal\" style=\"text-align: justify;\"><span style=\"font-size: 14pt; font-family: arial, helvetica, sans-serif;\">Mascare\u00f1o L\u00f3pez, se\u00f1al\u00f3 que esta medida se suma a las implementadas por el SESESP, dentro del operativo \u201cSemana Santa Segura\u201d, con lo que se busca evitar accidentes y proteger la integridad de los tripulantes de estos veh\u00edculos y hacer cumplir los reglamentos de Tr\u00e1nsito.<\/span><\/p>\n<p style=\"text-align: justify;\">&nbsp;<\/p>\n<p class=\"x_MsoNormal\" style=\"text-align: justify;\"><span style=\"font-size: 14pt; font-family: arial, helvetica, sans-serif;\">\u201cEs aconsejable para los conductores de dicho transporte mantener medidas de seguridad necesarias y hacer uso de este tipo de apoyos y programas que hace Gobierno del estado, ya que es una suma de esfuerzos destinados a la ciudadan\u00eda\u201d, enfatiz\u00f3.<\/span><\/p>\n<p style=\"text-align: justify;\">&nbsp;<\/p>\n<p class=\"x_MsoNormal\" style=\"text-align: justify;\"><span style=\"font-size: 14pt; font-family: arial, helvetica, sans-serif;\">Para concluir, Juan Diego Mascare\u00f1o, recalc\u00f3 la importancia del uso chaleco, las bandas refractivas en el pecho y en la espalda, y el color naranja del chaleco aumentan la visibilidad del acompa\u00f1ante, disminuyendo la probabilidad de un siniestro vial, ya que los motociclistas forman parte de los actores m\u00e1s vulnerables del tr\u00e1nsito.<\/span><\/p>\n<p style=\"text-align: justify;\">&nbsp;<\/p>\n<p class=\"x_MsoNormal\" style=\"text-align: justify;\"><span style=\"font-size: 14pt; font-family: arial, helvetica, sans-serif;\">La distribuci\u00f3n de chalecos se realiz\u00f3 a clientes de grupo Morsa, as\u00ed como a la Asociaci\u00f3n de Moto Club Unidos de Sinaloa que est\u00e1 integrada por los clubes: Murci\u00e9lagos, Raza Biker, Desbalagados Bikers, One Pinston Bikers, M\u00e9xico 15 e Independientes de Culiac\u00e1n y Navolato.<\/span><\/p>\n<p style=\"text-align: justify;\">&nbsp;<\/p>\n<p style=\"text-align: justify;\"><span style=\"font-size: 14pt; font-family: arial, helvetica, sans-serif;\">REDACCI\u00d3N\/VISI\u00d3N CIUDADANA.<\/span><\/p>\n<\/div>\n<div style=\"text-align: justify;\"><span style=\"font-size: 14pt; font-family: arial, helvetica, sans-serif;\"><\/span><\/div>\n","protected":false},"excerpt":{"rendered":"<p>Con el objetivo de concientizar a la ciudadan\u00eda y disminuir el n\u00famero de decesos en motociclistas, el Centro Estatal de Prevenci\u00f3n contra la Violencia y Participaci\u00f3n Ciudadana, que depende del Secretariado Ejecutivo del Sistema Estatal de Seguridad Publica, hicieron entrega de m\u00e1s de 400 chalecos reflejantes a conductores de bicicletas y motocicletas, a fin de [&hellip;]<\/p>\n","protected":false},"author":1,"featured_media":69,"comment_status":"closed","ping_status":"closed","sticky":false,"template":"","format":"standard","meta":{"footnotes":""},"categories":[24],"tags":[],"ppma_author":[31],"class_list":["post-16575","post","type-post","status-publish","format-standard","has-post-thumbnail","hentry","category-relevantes"],"aioseo_notices":[],"authors":[{"term_id":31,"user_id":1,"is_guest":0,"slug":"ivan3vino","display_name":"Iv\u00e1n Trevi\u00f1o","avatar_url":{"url":"https:\/\/visionciudadana.com.mx\/oficial\/wp-content\/uploads\/2025\/09\/columna-ivan-Trevino.png","url2x":"https:\/\/visionciudadana.com.mx\/oficial\/wp-content\/uploads\/2025\/09\/columna-ivan-Trevino.png"},"0":null,"1":"","2":"","3":"","4":"","5":"","6":"","7":"","8":""}],"_links":{"self":[{"href":"https:\/\/visionciudadana.com.mx\/oficial\/wp-json\/wp\/v2\/posts\/16575","targetHints":{"allow":["GET"]}}],"collection":[{"href":"https:\/\/visionciudadana.com.mx\/oficial\/wp-json\/wp\/v2\/posts"}],"about":[{"href":"https:\/\/visionciudadana.com.mx\/oficial\/wp-json\/wp\/v2\/types\/post"}],"author":[{"embeddable":true,"href":"https:\/\/visionciudadana.com.mx\/oficial\/wp-json\/wp\/v2\/users\/1"}],"replies":[{"embeddable":true,"href":"https:\/\/visionciudadana.com.mx\/oficial\/wp-json\/wp\/v2\/comments?post=16575"}],"version-history":[{"count":1,"href":"https:\/\/visionciudadana.com.mx\/oficial\/wp-json\/wp\/v2\/posts\/16575\/revisions"}],"predecessor-version":[{"id":31262,"href":"https:\/\/visionciudadana.com.mx\/oficial\/wp-json\/wp\/v2\/posts\/16575\/revisions\/31262"}],"wp:featuredmedia":[{"embeddable":true,"href":"https:\/\/visionciudadana.com.mx\/oficial\/wp-json\/wp\/v2\/media\/69"}],"wp:attachment":[{"href":"https:\/\/visionciudadana.com.mx\/oficial\/wp-json\/wp\/v2\/media?parent=16575"}],"wp:term":[{"taxonomy":"category","embeddable":true,"href":"https:\/\/visionciudadana.com.mx\/oficial\/wp-json\/wp\/v2\/categories?post=16575"},{"taxonomy":"post_tag","embeddable":true,"href":"https:\/\/visionciudadana.com.mx\/oficial\/wp-json\/wp\/v2\/tags?post=16575"},{"taxonomy":"author","embeddable":true,"href":"https:\/\/visionciudadana.com.mx\/oficial\/wp-json\/wp\/v2\/ppma_author?post=16575"}],"curies":[{"name":"wp","href":"https:\/\/api.w.org\/{rel}","templated":true}]}}