{"id":16561,"date":"2021-03-27T01:00:43","date_gmt":"2021-03-27T01:00:43","guid":{"rendered":"https:\/\/visionciudadana.com.mx\/chio\/2021\/03\/27\/ya-hay-vacuna-bcg-para-ninos-de-sinaloa\/"},"modified":"2025-06-25T00:16:45","modified_gmt":"2025-06-25T00:16:45","slug":"ya-hay-vacuna-bcg-para-ninos-de-sinaloa","status":"publish","type":"post","link":"https:\/\/visionciudadana.com.mx\/oficial\/2021\/03\/27\/ya-hay-vacuna-bcg-para-ninos-de-sinaloa\/","title":{"rendered":"Ya hay vacuna BCG para ni\u00f1os de Sinaloa"},"content":{"rendered":"<p>&nbsp;<\/p>\n<div><img fetchpriority=\"high\" decoding=\"async\" src=\"images\/Marzo21\/ya_hay_vacuna.PNG\" alt=\"ya hay vacuna\" width=\"436\" height=\"251\" style=\"display: block; margin-left: auto; margin-right: auto;\" \/><\/div>\n<div>&nbsp;<\/div>\n<div style=\"text-align: justify;\"><span style=\"font-size: 14pt; font-family: arial, helvetica, sans-serif;\">Con la finalidad de reducir en gran medida las enfermedades infecciosas que m\u00e1s afectan a la poblaci\u00f3n se han empleado diversas acciones preventivas entre las cuales ha destacado la vacunaci\u00f3n, este d\u00eda llegan a Sinaloa 85 160 del biol\u00f3gico BCG 10 DS, en seguimiento de la distribuci\u00f3n por entidad que realiza el Centro Nacional para la Salud de la Infancia y la Adolescencia (CeNSIA).<\/span><\/div>\n<div style=\"text-align: justify;\"><span style=\"font-size: 14pt; font-family: arial, helvetica, sans-serif;\"><\/span><\/div>\n<div style=\"text-align: justify;\">&nbsp;<\/div>\n<div style=\"text-align: justify;\"><span style=\"font-size: 14pt; font-family: arial, helvetica, sans-serif;\">El Dr. Efr\u00e9n Encinas Torres, Secretario de Salud explic\u00f3 que por problemas de producci\u00f3n de la vacuna BCG no hab\u00eda disponibilidad de la misma, consecuencia de ello es que muchos ni\u00f1os cuentan con un esquema incompleto de vacunaci\u00f3n, por lo que se exhorta a las familias sinaloenses con peque\u00f1os con falta de esta vacuna para que acudan a su unidad de salud m\u00e1s cercana para programar su aplicaci\u00f3n, la vacuna es totalmente gratuita.<\/span><\/div>\n<div style=\"text-align: justify;\"><span style=\"font-size: 14pt; font-family: arial, helvetica, sans-serif;\"><\/span><\/div>\n<div style=\"text-align: justify;\">&nbsp;<\/div>\n<div style=\"text-align: justify;\"><span style=\"font-size: 14pt; font-family: arial, helvetica, sans-serif;\">\u00abSe le pide a la sociedad est\u00e9 atenta de acudir a las unidades del sistema de salud precisamente para su debida aplicaci\u00f3n, ello traer\u00e1 de beneficio controlar, mitigar y evitar la enfermedad de tuberculosis y sus diferentes formas de presentaci\u00f3n, es una grata noticia que debemos de compartir como un beneficio en contra de esta enfermedad que constituye un problema tambi\u00e9n de salud p\u00fablica\u00bb, afirm\u00f3.&nbsp;<\/span><\/div>\n<div style=\"text-align: justify;\">&nbsp;<\/div>\n<div style=\"text-align: justify;\"><span style=\"font-size: 14pt; font-family: arial, helvetica, sans-serif;\"><\/span><\/div>\n<div style=\"text-align: justify;\"><span style=\"font-size: 14pt; font-family: arial, helvetica, sans-serif;\">La vacuna BCG se aplica desde el nacimiento hasta los 5 a\u00f1os, protege contra las formas graves de Tuberculosis (TB Miliar y TB Meningea) se aplica de manera subd\u00e9rmica en el hombro izquierdo y generalmente deja una cicatriz.<\/span><\/div>\n<div style=\"text-align: justify;\">&nbsp;<\/div>\n<div style=\"text-align: justify;\"><span style=\"font-size: 14pt; font-family: arial, helvetica, sans-serif;\"><\/span><\/div>\n<div style=\"text-align: justify;\"><span style=\"font-size: 14pt; font-family: arial, helvetica, sans-serif;\">Esta vacuna viene en un frasco multidosis (10 dosis) por lo que normalmente se aplica en d\u00edas espec\u00edficos para asegurar que haya suficientes ni\u00f1os y evitar p\u00e9rdidas de vacuna con las dosis recibidas se pretende dar cobertura al rezago del 2020.<\/span><\/div>\n<div>&nbsp;<\/div>\n<div style=\"text-align: justify;\">&nbsp;<\/div>\n<div style=\"text-align: justify;\">&nbsp;<\/div>\n<div style=\"text-align: justify;\"><span style=\"font-size: 14pt; font-family: arial, helvetica, sans-serif;\">REDACCI\u00d3N\/VISI\u00d3N CIUDADANA.<\/span><\/div>\n<div style=\"text-align: justify;\"><span style=\"font-size: 14pt; font-family: arial, helvetica, sans-serif;\"><\/span><\/div>\n","protected":false},"excerpt":{"rendered":"<p>&nbsp; &nbsp; Con la finalidad de reducir en gran medida las enfermedades infecciosas que m\u00e1s afectan a la poblaci\u00f3n se han empleado diversas acciones preventivas entre las cuales ha destacado la vacunaci\u00f3n, este d\u00eda llegan a Sinaloa 85 160 del biol\u00f3gico BCG 10 DS, en seguimiento de la distribuci\u00f3n por entidad que realiza el Centro [&hellip;]<\/p>\n","protected":false},"author":1,"featured_media":46,"comment_status":"closed","ping_status":"closed","sticky":false,"template":"","format":"standard","meta":{"footnotes":""},"categories":[13],"tags":[],"ppma_author":[31],"class_list":["post-16561","post","type-post","status-publish","format-standard","has-post-thumbnail","hentry","category-locales"],"aioseo_notices":[],"authors":[{"term_id":31,"user_id":1,"is_guest":0,"slug":"ivan3vino","display_name":"Iv\u00e1n Trevi\u00f1o","avatar_url":{"url":"https:\/\/visionciudadana.com.mx\/oficial\/wp-content\/uploads\/2025\/09\/columna-ivan-Trevino.png","url2x":"https:\/\/visionciudadana.com.mx\/oficial\/wp-content\/uploads\/2025\/09\/columna-ivan-Trevino.png"},"0":null,"1":"","2":"","3":"","4":"","5":"","6":"","7":"","8":""}],"_links":{"self":[{"href":"https:\/\/visionciudadana.com.mx\/oficial\/wp-json\/wp\/v2\/posts\/16561","targetHints":{"allow":["GET"]}}],"collection":[{"href":"https:\/\/visionciudadana.com.mx\/oficial\/wp-json\/wp\/v2\/posts"}],"about":[{"href":"https:\/\/visionciudadana.com.mx\/oficial\/wp-json\/wp\/v2\/types\/post"}],"author":[{"embeddable":true,"href":"https:\/\/visionciudadana.com.mx\/oficial\/wp-json\/wp\/v2\/users\/1"}],"replies":[{"embeddable":true,"href":"https:\/\/visionciudadana.com.mx\/oficial\/wp-json\/wp\/v2\/comments?post=16561"}],"version-history":[{"count":1,"href":"https:\/\/visionciudadana.com.mx\/oficial\/wp-json\/wp\/v2\/posts\/16561\/revisions"}],"predecessor-version":[{"id":31265,"href":"https:\/\/visionciudadana.com.mx\/oficial\/wp-json\/wp\/v2\/posts\/16561\/revisions\/31265"}],"wp:featuredmedia":[{"embeddable":true,"href":"https:\/\/visionciudadana.com.mx\/oficial\/wp-json\/wp\/v2\/posts\/46"}],"wp:attachment":[{"href":"https:\/\/visionciudadana.com.mx\/oficial\/wp-json\/wp\/v2\/media?parent=16561"}],"wp:term":[{"taxonomy":"category","embeddable":true,"href":"https:\/\/visionciudadana.com.mx\/oficial\/wp-json\/wp\/v2\/categories?post=16561"},{"taxonomy":"post_tag","embeddable":true,"href":"https:\/\/visionciudadana.com.mx\/oficial\/wp-json\/wp\/v2\/tags?post=16561"},{"taxonomy":"author","embeddable":true,"href":"https:\/\/visionciudadana.com.mx\/oficial\/wp-json\/wp\/v2\/ppma_author?post=16561"}],"curies":[{"name":"wp","href":"https:\/\/api.w.org\/{rel}","templated":true}]}}