{"id":16560,"date":"2021-03-27T00:55:16","date_gmt":"2021-03-27T00:55:16","guid":{"rendered":"https:\/\/visionciudadana.com.mx\/chio\/2021\/03\/27\/de-vacaciones-mas-de-848-mil-estudiantes-en-sinaloa\/"},"modified":"2025-06-25T00:16:45","modified_gmt":"2025-06-25T00:16:45","slug":"de-vacaciones-mas-de-848-mil-estudiantes-en-sinaloa","status":"publish","type":"post","link":"https:\/\/visionciudadana.com.mx\/oficial\/2021\/03\/27\/de-vacaciones-mas-de-848-mil-estudiantes-en-sinaloa\/","title":{"rendered":"\u00a1De vacaciones! M\u00e1s de 848 mil estudiantes en Sinaloa"},"content":{"rendered":"<p>&nbsp;<\/p>\n<div>&nbsp;<img fetchpriority=\"high\" decoding=\"async\" src=\"images\/Marzo21\/sepycs.PNG\" alt=\"sepycs\" width=\"381\" height=\"238\" style=\"display: block; margin-left: auto; margin-right: auto;\" \/><\/div>\n<div style=\"text-align: justify;\"><span style=\"font-size: 14pt; font-family: arial, helvetica, sans-serif;\">A partir del lunes 29 de marzo, 848 mil 771 alumnos y 53 mil 386 docentes de todos los niveles educativos gozar\u00e1n del segundo per\u00edodo de vacaciones del Ciclo Escolar 2021, correspondiente a las vacaciones escolares de Semana Santa, que comprende del 29 de marzo al 12 de abril.<\/span><\/div>\n<div style=\"text-align: justify;\">&nbsp;<\/div>\n<div style=\"text-align: justify;\"><span style=\"font-size: 14pt; font-family: arial, helvetica, sans-serif;\"><\/span><\/div>\n<div style=\"text-align: justify;\"><span style=\"font-size: 14pt; font-family: arial, helvetica, sans-serif;\">El titular de la Secretar\u00eda de Educaci\u00f3n P\u00fablica y Cultura (SEPyC), Juan Alfonso Mej\u00eda L\u00f3pez, detall\u00f3 que, del total de estudiantes, 578 mil 776 corresponden a Educaci\u00f3n B\u00e1sica, 137 mil 077 a Media Superior y 132 mil 218 a Superior; tanto de escuelas p\u00fablicas como privadas.&nbsp;<\/span><\/div>\n<div style=\"text-align: justify;\">&nbsp;<\/div>\n<div style=\"text-align: justify;\"><span style=\"font-size: 14pt; font-family: arial, helvetica, sans-serif;\"><\/span><\/div>\n<div style=\"text-align: justify;\"><span style=\"font-size: 14pt; font-family: arial, helvetica, sans-serif;\">Con respecto a los planteles educativos, dijo que en total son seis mil 467 escuelas las que ser\u00e1n resguardas por los Comit\u00e9s de Vigilancia para prevenir robos y actos vand\u00e1licos durante estas vacaciones.&nbsp;<\/span><\/div>\n<div style=\"text-align: justify;\">&nbsp;<\/div>\n<div style=\"text-align: justify;\"><span style=\"font-size: 14pt; font-family: arial, helvetica, sans-serif;\"><\/span><\/div>\n<div style=\"text-align: justify;\"><span style=\"font-size: 14pt; font-family: arial, helvetica, sans-serif;\">El titular de la SEPyC, record\u00f3 que en Sinaloa se impulsa la creaci\u00f3n de los Centros Comunitarios de Aprendizaje (CCA) para combatir el riesgo de abandono escolar que podr\u00eda alcanzar a cerca de 26 mil ni\u00f1as y ni\u00f1os en la entidad.<\/span><\/div>\n<div style=\"text-align: justify;\">&nbsp;<\/div>\n<div style=\"text-align: justify;\"><span style=\"font-size: 14pt; font-family: arial, helvetica, sans-serif;\"><\/span><\/div>\n<div style=\"text-align: justify;\"><span style=\"font-size: 14pt; font-family: arial, helvetica, sans-serif;\">La estrategia, enfatiz\u00f3, en apego a cinco principios b\u00e1sicos: gradualidad, territorialidad, no obligatoriedad, con el respaldo del sector Salud, y cuidando la sana distancia.&nbsp;<\/span><\/div>\n<div style=\"text-align: justify;\"><span style=\"font-size: 14pt; font-family: arial, helvetica, sans-serif;\"><\/span><\/div>\n<div style=\"text-align: justify;\">&nbsp;<\/div>\n<div style=\"text-align: justify;\"><span style=\"font-size: 14pt; font-family: arial, helvetica, sans-serif;\">Se\u00f1al\u00f3 que esta estrategia no representa un regreso a las clases presenciales, sino una medida de combate al abandono escolar, que respetar\u00e1 en todo momento los protocolos sanitarios.<\/span><\/div>\n<div style=\"text-align: justify;\">&nbsp;<\/div>\n<div>&nbsp;<\/div>\n<div style=\"text-align: justify;\">&nbsp;<\/div>\n<div style=\"text-align: justify;\"><span style=\"font-size: 14pt; font-family: arial, helvetica, sans-serif;\">REDACCI\u00d3N\/VISI\u00d3N CIUDADANA.<\/span><\/div>\n","protected":false},"excerpt":{"rendered":"<p>&nbsp; &nbsp; A partir del lunes 29 de marzo, 848 mil 771 alumnos y 53 mil 386 docentes de todos los niveles educativos gozar\u00e1n del segundo per\u00edodo de vacaciones del Ciclo Escolar 2021, correspondiente a las vacaciones escolares de Semana Santa, que comprende del 29 de marzo al 12 de abril. &nbsp; El titular de [&hellip;]<\/p>\n","protected":false},"author":1,"featured_media":44,"comment_status":"closed","ping_status":"closed","sticky":false,"template":"","format":"standard","meta":{"footnotes":""},"categories":[24],"tags":[],"ppma_author":[31],"class_list":["post-16560","post","type-post","status-publish","format-standard","has-post-thumbnail","hentry","category-relevantes"],"aioseo_notices":[],"authors":[{"term_id":31,"user_id":1,"is_guest":0,"slug":"ivan3vino","display_name":"Iv\u00e1n Trevi\u00f1o","avatar_url":{"url":"https:\/\/visionciudadana.com.mx\/oficial\/wp-content\/uploads\/2025\/09\/columna-ivan-Trevino.png","url2x":"https:\/\/visionciudadana.com.mx\/oficial\/wp-content\/uploads\/2025\/09\/columna-ivan-Trevino.png"},"0":null,"1":"","2":"","3":"","4":"","5":"","6":"","7":"","8":""}],"_links":{"self":[{"href":"https:\/\/visionciudadana.com.mx\/oficial\/wp-json\/wp\/v2\/posts\/16560","targetHints":{"allow":["GET"]}}],"collection":[{"href":"https:\/\/visionciudadana.com.mx\/oficial\/wp-json\/wp\/v2\/posts"}],"about":[{"href":"https:\/\/visionciudadana.com.mx\/oficial\/wp-json\/wp\/v2\/types\/post"}],"author":[{"embeddable":true,"href":"https:\/\/visionciudadana.com.mx\/oficial\/wp-json\/wp\/v2\/users\/1"}],"replies":[{"embeddable":true,"href":"https:\/\/visionciudadana.com.mx\/oficial\/wp-json\/wp\/v2\/comments?post=16560"}],"version-history":[{"count":1,"href":"https:\/\/visionciudadana.com.mx\/oficial\/wp-json\/wp\/v2\/posts\/16560\/revisions"}],"predecessor-version":[{"id":31266,"href":"https:\/\/visionciudadana.com.mx\/oficial\/wp-json\/wp\/v2\/posts\/16560\/revisions\/31266"}],"wp:featuredmedia":[{"embeddable":true,"href":"https:\/\/visionciudadana.com.mx\/oficial\/wp-json\/wp\/v2\/posts\/44"}],"wp:attachment":[{"href":"https:\/\/visionciudadana.com.mx\/oficial\/wp-json\/wp\/v2\/media?parent=16560"}],"wp:term":[{"taxonomy":"category","embeddable":true,"href":"https:\/\/visionciudadana.com.mx\/oficial\/wp-json\/wp\/v2\/categories?post=16560"},{"taxonomy":"post_tag","embeddable":true,"href":"https:\/\/visionciudadana.com.mx\/oficial\/wp-json\/wp\/v2\/tags?post=16560"},{"taxonomy":"author","embeddable":true,"href":"https:\/\/visionciudadana.com.mx\/oficial\/wp-json\/wp\/v2\/ppma_author?post=16560"}],"curies":[{"name":"wp","href":"https:\/\/api.w.org\/{rel}","templated":true}]}}