{"id":16559,"date":"2021-03-27T00:17:37","date_gmt":"2021-03-27T00:17:37","guid":{"rendered":"https:\/\/visionciudadana.com.mx\/chio\/2021\/03\/27\/inversion-historica-de-pavimentacion-en-culiacancito-quirino\/"},"modified":"2025-06-25T00:16:46","modified_gmt":"2025-06-25T00:16:46","slug":"inversion-historica-de-pavimentacion-en-culiacancito-quirino","status":"publish","type":"post","link":"https:\/\/visionciudadana.com.mx\/oficial\/2021\/03\/27\/inversion-historica-de-pavimentacion-en-culiacancito-quirino\/","title":{"rendered":"Inversi\u00f3n hist\u00f3rica de pavimentaci\u00f3n en culiacancito: Quirino"},"content":{"rendered":"<p>&nbsp;<\/p>\n<p><img fetchpriority=\"high\" decoding=\"async\" src=\"images\/Marzo21\/inversi\u00f3n_en_calle.jpg\" alt=\"inversi\u00f3n en calle\" width=\"780\" height=\"420\" style=\"display: block; margin-left: auto; margin-right: auto;\" \/><\/p>\n<p class=\"x_MsoNormal\" style=\"text-align: justify;\"><span style=\"font-size: 14pt; font-family: arial, helvetica, sans-serif;\">Con recursos totalmente directos de Gobierno del Estado, el gobernador Quirino Ordaz Coppel entreg\u00f3 la pavimentaci\u00f3n con concreto hidr\u00e1ulico de dos calles en Culiacancito, con las que ya son seis obras de este tipo en esta sindicatura, las cuales representan una inversi\u00f3n de 18 millones de pesos.<\/span><\/p>\n<p style=\"text-align: justify;\">&nbsp;<\/p>\n<p class=\"x_MsoNormal\" style=\"text-align: justify;\"><span style=\"font-size: 14pt; font-family: arial, helvetica, sans-serif;\">Las \u00faltimas dos calles que fueron pavimentadas son la Juli\u00e1n Guti\u00e9rrez y la Ram\u00f3n Corona, mismas que se conectan con una avenida principal de la sindicatura, y que forman parte de la ruta del transporte p\u00fablico.<\/span><\/p>\n<p style=\"text-align: justify;\">&nbsp;<\/p>\n<p class=\"x_MsoNormal\" style=\"text-align: justify;\"><span style=\"font-size: 14pt; font-family: arial, helvetica, sans-serif;\">\u201cEn total se ha hecho en Culiacancito una inversi\u00f3n hist\u00f3rica que no se hab\u00eda hecho antes en pavimentaci\u00f3n con concreto hidr\u00e1ulico, drenaje, agua y alumbrado. Lo merec\u00edan porque son muchos a\u00f1os en los que vivieron en terracer\u00eda. Creo que viene a dar respuesta a la demanda de atender a las sindicaturas\u201d, asegur\u00f3 el mandatario estatal durante el recorrido de inauguraci\u00f3n.<\/span><\/p>\n<p style=\"text-align: justify;\">&nbsp;<\/p>\n<p class=\"x_MsoNormal\" style=\"text-align: justify;\"><span style=\"font-size: 14pt; font-family: arial, helvetica, sans-serif;\">Ordaz Coppel se\u00f1al\u00f3 que estas obras son de primer mundo, ya que contienen la mejor calidad con una duraci\u00f3n de alrededor de 30 a\u00f1os, adem\u00e1s de que es de gran ayuda con el tr\u00e1nsito de la localidad y poblaciones aleda\u00f1as, ya que permitir\u00e1n la disminuci\u00f3n de accidentes viales.<\/span><\/p>\n<p style=\"text-align: justify;\">&nbsp;<\/p>\n<p class=\"x_MsoNormal\" style=\"text-align: justify;\"><span style=\"font-size: 14pt; font-family: arial, helvetica, sans-serif;\">Tambi\u00e9n asever\u00f3 que fue un trabajo grande y por etapas que tom\u00f3 un a\u00f1o, el cual vino a dar cumplimiento a la demanda de la gente, asimismo que tambi\u00e9n se valorar\u00e1 alguna otra aportaci\u00f3n que se pueda hacer a Culiacancito.<\/span><\/p>\n<p style=\"text-align: justify;\">&nbsp;<\/p>\n<p class=\"x_MsoNormal\" style=\"text-align: justify;\"><span style=\"font-size: 14pt; font-family: arial, helvetica, sans-serif;\">En el evento, Quirino estuvo acompa\u00f1ado del secretario de Obras P\u00fablicas, Osbaldo L\u00f3pez \u00c1ngulo; y el s\u00edndico de Culiacancito, Christian P\u00e9rez Rom\u00e1n.<\/span><\/p>\n<p style=\"text-align: justify;\">&nbsp;<\/p>\n<p style=\"text-align: justify;\">&nbsp;<\/p>\n<p style=\"text-align: justify;\"><span style=\"font-size: 14pt; font-family: arial, helvetica, sans-serif;\">REDACCI\u00d3N\/VISI\u00d3N CIUDADANA.<\/span><\/p>\n","protected":false},"excerpt":{"rendered":"<p>&nbsp; Con recursos totalmente directos de Gobierno del Estado, el gobernador Quirino Ordaz Coppel entreg\u00f3 la pavimentaci\u00f3n con concreto hidr\u00e1ulico de dos calles en Culiacancito, con las que ya son seis obras de este tipo en esta sindicatura, las cuales representan una inversi\u00f3n de 18 millones de pesos. &nbsp; Las \u00faltimas dos calles que fueron [&hellip;]<\/p>\n","protected":false},"author":1,"featured_media":42,"comment_status":"closed","ping_status":"closed","sticky":false,"template":"","format":"standard","meta":{"footnotes":""},"categories":[13],"tags":[],"ppma_author":[31],"class_list":["post-16559","post","type-post","status-publish","format-standard","has-post-thumbnail","hentry","category-locales"],"aioseo_notices":[],"authors":[{"term_id":31,"user_id":1,"is_guest":0,"slug":"ivan3vino","display_name":"Iv\u00e1n Trevi\u00f1o","avatar_url":{"url":"https:\/\/visionciudadana.com.mx\/oficial\/wp-content\/uploads\/2025\/09\/columna-ivan-Trevino.png","url2x":"https:\/\/visionciudadana.com.mx\/oficial\/wp-content\/uploads\/2025\/09\/columna-ivan-Trevino.png"},"0":null,"1":"","2":"","3":"","4":"","5":"","6":"","7":"","8":""}],"_links":{"self":[{"href":"https:\/\/visionciudadana.com.mx\/oficial\/wp-json\/wp\/v2\/posts\/16559","targetHints":{"allow":["GET"]}}],"collection":[{"href":"https:\/\/visionciudadana.com.mx\/oficial\/wp-json\/wp\/v2\/posts"}],"about":[{"href":"https:\/\/visionciudadana.com.mx\/oficial\/wp-json\/wp\/v2\/types\/post"}],"author":[{"embeddable":true,"href":"https:\/\/visionciudadana.com.mx\/oficial\/wp-json\/wp\/v2\/users\/1"}],"replies":[{"embeddable":true,"href":"https:\/\/visionciudadana.com.mx\/oficial\/wp-json\/wp\/v2\/comments?post=16559"}],"version-history":[{"count":1,"href":"https:\/\/visionciudadana.com.mx\/oficial\/wp-json\/wp\/v2\/posts\/16559\/revisions"}],"predecessor-version":[{"id":31267,"href":"https:\/\/visionciudadana.com.mx\/oficial\/wp-json\/wp\/v2\/posts\/16559\/revisions\/31267"}],"wp:featuredmedia":[{"embeddable":true,"href":"https:\/\/visionciudadana.com.mx\/oficial\/wp-json\/wp\/v2\/posts\/42"}],"wp:attachment":[{"href":"https:\/\/visionciudadana.com.mx\/oficial\/wp-json\/wp\/v2\/media?parent=16559"}],"wp:term":[{"taxonomy":"category","embeddable":true,"href":"https:\/\/visionciudadana.com.mx\/oficial\/wp-json\/wp\/v2\/categories?post=16559"},{"taxonomy":"post_tag","embeddable":true,"href":"https:\/\/visionciudadana.com.mx\/oficial\/wp-json\/wp\/v2\/tags?post=16559"},{"taxonomy":"author","embeddable":true,"href":"https:\/\/visionciudadana.com.mx\/oficial\/wp-json\/wp\/v2\/ppma_author?post=16559"}],"curies":[{"name":"wp","href":"https:\/\/api.w.org\/{rel}","templated":true}]}}